{"id":1281,"date":"2017-09-30T09:32:07","date_gmt":"2017-09-30T09:32:07","guid":{"rendered":"http:\/\/fondslesbien.org\/?p=1281"},"modified":"2017-12-12T11:13:20","modified_gmt":"2017-12-12T11:13:20","slug":"leuropean-lesbianconference","status":"publish","type":"post","link":"https:\/\/www.fondslesbien.org\/en\/leuropean-lesbianconference\/","title":{"rendered":"400 lesbiennes et alli\u00e9es \u00e0 L&#8217;European Lesbian*Conference"},"content":{"rendered":"<div class=\"gmail_default\"><strong><img loading=\"lazy\" decoding=\"async\" class=\"aligncenter size-large wp-image-1282\" src=\"http:\/\/fondslesbien.org\/wp-content\/uploads\/2017\/09\/16177555_1872218959690298_6276056080049896831_o-1024x640.jpg\" alt=\"\" width=\"1024\" height=\"640\" srcset=\"https:\/\/www.fondslesbien.org\/wp-content\/uploads\/2017\/09\/16177555_1872218959690298_6276056080049896831_o-1024x640.jpg 1024w, https:\/\/www.fondslesbien.org\/wp-content\/uploads\/2017\/09\/16177555_1872218959690298_6276056080049896831_o-600x375.jpg 600w, https:\/\/www.fondslesbien.org\/wp-content\/uploads\/2017\/09\/16177555_1872218959690298_6276056080049896831_o-300x188.jpg 300w, https:\/\/www.fondslesbien.org\/wp-content\/uploads\/2017\/09\/16177555_1872218959690298_6276056080049896831_o-768x480.jpg 768w, https:\/\/www.fondslesbien.org\/wp-content\/uploads\/2017\/09\/16177555_1872218959690298_6276056080049896831_o-580x363.jpg 580w, https:\/\/www.fondslesbien.org\/wp-content\/uploads\/2017\/09\/16177555_1872218959690298_6276056080049896831_o-860x538.jpg 860w, https:\/\/www.fondslesbien.org\/wp-content\/uploads\/2017\/09\/16177555_1872218959690298_6276056080049896831_o-1160x725.jpg 1160w, https:\/\/www.fondslesbien.org\/wp-content\/uploads\/2017\/09\/16177555_1872218959690298_6276056080049896831_o.jpg 2048w\" sizes=\"auto, (max-width: 1024px) 100vw, 1024px\" \/><\/strong><\/div>\n<div class=\"gmail_default\"><\/div>\n<div class=\"gmail_default\"><strong>Deux des co-fondatrices de la LIG, Silvia Casalino et Alice Coffin, font partie du Board et l&#8217;\u00e9quipe organisatrice de l&#8217;European Lesbian*Conference qui r\u00e9unira \u00e0 Vienne, du 5 au 8 octobre 2017, 400 lesbiennes et alli\u00e9es. <\/strong><\/div>\n<div class=\"gmail_default\"><\/div>\n<div class=\"gmail_default\">Politiques, journalistes, militantes, artistes, bailleuses, responsables associatives de 45 pays et 150 villes, travailleront \u00e0 comprendre les \u00e9nergies lesbiennes, mais aussi leur invisibilisation, dans les sph\u00e8res m\u00e9diatiques, politiques, \u00e9conomiques, sentimentales, professionnelles, artistiques, m\u00e9dicales, sportives.. EL*C (European Lesbian* Conference) s&#8217;est construite pour r\u00e9pondre \u00e0 trois d\u00e9fis :<\/div>\n<div class=\"gmail_default\"><\/div>\n<div class=\"gmail_default\">\n<ul>\n<li class=\"gmail_default\">aboutir une conf\u00e9rence structur\u00e9e et financ\u00e9e par certains bailleurs qui auparavant laiss\u00e9 syst\u00e9matiquement les lesbiennes de c\u00f4t\u00e9 (les organisations LGBT d&#8217;une part, et pour les droits des femmes d&#8217;autres part, se renvoyant la responsabilit\u00e9)<\/li>\n<li class=\"gmail_default\">faire travailler ensemble une multitude de pays europ\u00e9ens au contexte politique tr\u00e8s diff\u00e9rent, mais dans lesquels on constate pourtant des similitudes dans l&#8217;oppression, les dicscriminations, l&#8217;invisibilisation des lesbiennes d&#8217;un c\u00f4t\u00e9, et l&#8217;\u00e9norme implication de l&#8217;autre c\u00f4t\u00e9 des militantes lesbiennes dans plein de champs du mouvement social (des r\u00e9fuig\u00e9.e.s, \u00e0 la lutte contre le sida en passant par tous les combats pro choice)<\/li>\n<li class=\"gmail_default\">surpasser les oppositions internes des mouvements lesbiens, LGBTI et f\u00e9ministes qui ont depuis des d\u00e9cennies rendu compliqu\u00e9e toute discussion\u00a0 sur les probl\u00e9matiques sp\u00e9cifiques aux lesbiennes: ceci s&#8217;est fait gr\u00e2ce \u00e0 l&#8217;usage du * sur lesbian* et la volont\u00e9 d&#8217;afficher une conf\u00e9rence certes centr\u00e9e sur les enjeux lesbiens mais ouverte \u00e0 tous et toutes.<\/li>\n<\/ul>\n<p><strong>Le programme complet et l&#8217;ensemble des intervenantes \u00e0 d\u00e9couvrir sur\u00a0<a href=\"http:\/\/www.europeanlesbianconference.org\/\" target=\"_blank\" rel=\"noopener noreferrer\" data-saferedirecturl=\"https:\/\/www.google.com\/url?hl=fr&amp;q=http:\/\/www.europeanlesbianconference.org&amp;source=gmail&amp;ust=1506850083823000&amp;usg=AFQjCNFMeNM_mLxP4EX0wGQ4ppsb9aTDGA\">www.europeanlesbianconference.<wbr \/>org<\/a><\/strong><\/p>\n<\/div>\n","protected":false},"excerpt":{"rendered":"<p>Deux des co-fondatrices de la LIG, Silvia Casalino et Alice Coffin, font partie du Board et l&#8217;\u00e9quipe organisatrice de l&#8217;European Lesbian*Conference qui r\u00e9unira \u00e0 Vienne, du 5 au 8 octobre 2017, 400 lesbiennes et alli\u00e9es. Politiques, journalistes, militantes, artistes, bailleuses, responsables associatives de 45 pays et 150 villes, travailleront \u00e0 comprendre les \u00e9nergies lesbiennes, mais&#8230;<\/p>\n","protected":false},"author":1,"featured_media":1289,"comment_status":"closed","ping_status":"open","sticky":false,"template":"","format":"standard","meta":{"footnotes":""},"categories":[1],"tags":[],"class_list":["post-1281","post","type-post","status-publish","format-standard","has-post-thumbnail","hentry","category-actualites"],"translation":{"provider":"WPGlobus","version":"3.0.2","language":"en","enabled_languages":["fr","en"],"languages":{"fr":{"title":true,"content":true,"excerpt":false},"en":{"title":false,"content":false,"excerpt":false}}},"yoast_head":"<!-- This site is optimized with the Yoast SEO plugin v26.8 - https:\/\/yoast.com\/product\/yoast-seo-wordpress\/ -->\n<title>400 lesbiennes et alli\u00e9es \u00e0 L&#039;European Lesbian*Conference &#8212; LIG<\/title>\n<meta name=\"robots\" content=\"index, follow, max-snippet:-1, max-image-preview:large, max-video-preview:-1\" \/>\n<link rel=\"canonical\" href=\"https:\/\/www.fondslesbien.org\/leuropean-lesbianconference\/\" \/>\n<meta property=\"og:locale\" content=\"en_US\" \/>\n<meta property=\"og:type\" content=\"article\" \/>\n<meta property=\"og:title\" content=\"400 lesbiennes et alli\u00e9es \u00e0 L&#039;European Lesbian*Conference &#8212; LIG\" \/>\n<meta property=\"og:url\" content=\"https:\/\/www.fondslesbien.org\/leuropean-lesbianconference\/\" \/>\n<meta property=\"og:site_name\" content=\"LIG\" \/>\n<meta property=\"article:published_time\" content=\"2017-09-30T09:32:07+00:00\" \/>\n<meta property=\"article:modified_time\" content=\"2017-12-12T11:13:20+00:00\" \/>\n<meta property=\"og:image\" content=\"https:\/\/www.fondslesbien.org\/wp-content\/uploads\/2017\/09\/22127307_10155095752348261_112039858_n-1.jpg\" \/>\n\t<meta property=\"og:image:width\" content=\"600\" \/>\n\t<meta property=\"og:image:height\" content=\"400\" \/>\n\t<meta property=\"og:image:type\" content=\"image\/jpeg\" \/>\n<meta name=\"author\" content=\"ligadmin\" \/>\n<meta name=\"twitter:card\" content=\"summary_large_image\" \/>\n<meta name=\"twitter:label1\" content=\"Written by\" \/>\n\t<meta name=\"twitter:data1\" content=\"ligadmin\" \/>\n\t<meta name=\"twitter:label2\" content=\"Est. reading time\" \/>\n\t<meta name=\"twitter:data2\" content=\"1 minute\" \/>\n<script type=\"application\/ld+json\" class=\"yoast-schema-graph\">{\"@context\":\"https:\/\/schema.org\",\"@graph\":[{\"@type\":\"Article\",\"@id\":\"https:\/\/www.fondslesbien.org\/leuropean-lesbianconference\/#article\",\"isPartOf\":{\"@id\":\"https:\/\/www.fondslesbien.org\/leuropean-lesbianconference\/\"},\"author\":{\"name\":\"ligadmin\",\"@id\":\"https:\/\/www.fondslesbien.org\/#\/schema\/person\/d148888ccb6bb58067bc5f911f386b03\"},\"headline\":\"400 lesbiennes et alli\u00e9es \u00e0 L&#8217;European Lesbian*Conference\",\"datePublished\":\"2017-09-30T09:32:07+00:00\",\"dateModified\":\"2017-12-12T11:13:20+00:00\",\"mainEntityOfPage\":{\"@id\":\"https:\/\/www.fondslesbien.org\/leuropean-lesbianconference\/\"},\"wordCount\":281,\"image\":{\"@id\":\"https:\/\/www.fondslesbien.org\/leuropean-lesbianconference\/#primaryimage\"},\"thumbnailUrl\":\"https:\/\/www.fondslesbien.org\/wp-content\/uploads\/2017\/09\/22127307_10155095752348261_112039858_n-1.jpg\",\"articleSection\":[\"Actualit\u00e9s\"],\"inLanguage\":\"en-US\"},{\"@type\":\"WebPage\",\"@id\":\"https:\/\/www.fondslesbien.org\/leuropean-lesbianconference\/\",\"url\":\"https:\/\/www.fondslesbien.org\/leuropean-lesbianconference\/\",\"name\":\"400 lesbiennes et alli\u00e9es \u00e0 L'European Lesbian*Conference &#8212; LIG\",\"isPartOf\":{\"@id\":\"https:\/\/www.fondslesbien.org\/#website\"},\"primaryImageOfPage\":{\"@id\":\"https:\/\/www.fondslesbien.org\/leuropean-lesbianconference\/#primaryimage\"},\"image\":{\"@id\":\"https:\/\/www.fondslesbien.org\/leuropean-lesbianconference\/#primaryimage\"},\"thumbnailUrl\":\"https:\/\/www.fondslesbien.org\/wp-content\/uploads\/2017\/09\/22127307_10155095752348261_112039858_n-1.jpg\",\"datePublished\":\"2017-09-30T09:32:07+00:00\",\"dateModified\":\"2017-12-12T11:13:20+00:00\",\"author\":{\"@id\":\"https:\/\/www.fondslesbien.org\/#\/schema\/person\/d148888ccb6bb58067bc5f911f386b03\"},\"breadcrumb\":{\"@id\":\"https:\/\/www.fondslesbien.org\/leuropean-lesbianconference\/#breadcrumb\"},\"inLanguage\":\"en-US\",\"potentialAction\":[{\"@type\":\"ReadAction\",\"target\":[\"https:\/\/www.fondslesbien.org\/leuropean-lesbianconference\/\"]}]},{\"@type\":\"ImageObject\",\"inLanguage\":\"en-US\",\"@id\":\"https:\/\/www.fondslesbien.org\/leuropean-lesbianconference\/#primaryimage\",\"url\":\"https:\/\/www.fondslesbien.org\/wp-content\/uploads\/2017\/09\/22127307_10155095752348261_112039858_n-1.jpg\",\"contentUrl\":\"https:\/\/www.fondslesbien.org\/wp-content\/uploads\/2017\/09\/22127307_10155095752348261_112039858_n-1.jpg\",\"width\":600,\"height\":400},{\"@type\":\"BreadcrumbList\",\"@id\":\"https:\/\/www.fondslesbien.org\/leuropean-lesbianconference\/#breadcrumb\",\"itemListElement\":[{\"@type\":\"ListItem\",\"position\":1,\"name\":\"Home\",\"item\":\"https:\/\/www.fondslesbien.org\/\"},{\"@type\":\"ListItem\",\"position\":2,\"name\":\"400 lesbiennes et alli\u00e9es \u00e0 L&rsquo;European Lesbian*Conference\"}]},{\"@type\":\"WebSite\",\"@id\":\"https:\/\/www.fondslesbien.org\/#website\",\"url\":\"https:\/\/www.fondslesbien.org\/\",\"name\":\"LIG\",\"description\":\"Lesbiennes d\u2019Int\u00e9r\u00eat G\u00e9n\u00e9ral\",\"potentialAction\":[{\"@type\":\"SearchAction\",\"target\":{\"@type\":\"EntryPoint\",\"urlTemplate\":\"https:\/\/www.fondslesbien.org\/?s={search_term_string}\"},\"query-input\":{\"@type\":\"PropertyValueSpecification\",\"valueRequired\":true,\"valueName\":\"search_term_string\"}}],\"inLanguage\":\"en-US\"},{\"@type\":\"Person\",\"@id\":\"https:\/\/www.fondslesbien.org\/#\/schema\/person\/d148888ccb6bb58067bc5f911f386b03\",\"name\":\"ligadmin\",\"image\":{\"@type\":\"ImageObject\",\"inLanguage\":\"en-US\",\"@id\":\"https:\/\/www.fondslesbien.org\/#\/schema\/person\/image\/\",\"url\":\"https:\/\/secure.gravatar.com\/avatar\/f20d8266393d7134439a3daf0fea758f?s=96&d=mm&r=g\",\"contentUrl\":\"https:\/\/secure.gravatar.com\/avatar\/f20d8266393d7134439a3daf0fea758f?s=96&d=mm&r=g\",\"caption\":\"ligadmin\"},\"url\":\"https:\/\/www.fondslesbien.org\/en\/author\/ligadmin\/\"}]}<\/script>\n<!-- \/ Yoast SEO plugin. -->","yoast_head_json":{"title":"400 lesbiennes et alli\u00e9es \u00e0 L'European Lesbian*Conference &#8212; LIG","robots":{"index":"index","follow":"follow","max-snippet":"max-snippet:-1","max-image-preview":"max-image-preview:large","max-video-preview":"max-video-preview:-1"},"canonical":"https:\/\/www.fondslesbien.org\/leuropean-lesbianconference\/","og_locale":"en_US","og_type":"article","og_title":"400 lesbiennes et alli\u00e9es \u00e0 L'European Lesbian*Conference &#8212; LIG","og_url":"https:\/\/www.fondslesbien.org\/leuropean-lesbianconference\/","og_site_name":"LIG","article_published_time":"2017-09-30T09:32:07+00:00","article_modified_time":"2017-12-12T11:13:20+00:00","og_image":[{"width":600,"height":400,"url":"https:\/\/www.fondslesbien.org\/wp-content\/uploads\/2017\/09\/22127307_10155095752348261_112039858_n-1.jpg","type":"image\/jpeg"}],"author":"ligadmin","twitter_card":"summary_large_image","twitter_misc":{"Written by":"ligadmin","Est. reading time":"1 minute"},"schema":{"@context":"https:\/\/schema.org","@graph":[{"@type":"Article","@id":"https:\/\/www.fondslesbien.org\/leuropean-lesbianconference\/#article","isPartOf":{"@id":"https:\/\/www.fondslesbien.org\/leuropean-lesbianconference\/"},"author":{"name":"ligadmin","@id":"https:\/\/www.fondslesbien.org\/#\/schema\/person\/d148888ccb6bb58067bc5f911f386b03"},"headline":"400 lesbiennes et alli\u00e9es \u00e0 L&#8217;European Lesbian*Conference","datePublished":"2017-09-30T09:32:07+00:00","dateModified":"2017-12-12T11:13:20+00:00","mainEntityOfPage":{"@id":"https:\/\/www.fondslesbien.org\/leuropean-lesbianconference\/"},"wordCount":281,"image":{"@id":"https:\/\/www.fondslesbien.org\/leuropean-lesbianconference\/#primaryimage"},"thumbnailUrl":"https:\/\/www.fondslesbien.org\/wp-content\/uploads\/2017\/09\/22127307_10155095752348261_112039858_n-1.jpg","articleSection":["Actualit\u00e9s"],"inLanguage":"en-US"},{"@type":"WebPage","@id":"https:\/\/www.fondslesbien.org\/leuropean-lesbianconference\/","url":"https:\/\/www.fondslesbien.org\/leuropean-lesbianconference\/","name":"400 lesbiennes et alli\u00e9es \u00e0 L'European Lesbian*Conference &#8212; LIG","isPartOf":{"@id":"https:\/\/www.fondslesbien.org\/#website"},"primaryImageOfPage":{"@id":"https:\/\/www.fondslesbien.org\/leuropean-lesbianconference\/#primaryimage"},"image":{"@id":"https:\/\/www.fondslesbien.org\/leuropean-lesbianconference\/#primaryimage"},"thumbnailUrl":"https:\/\/www.fondslesbien.org\/wp-content\/uploads\/2017\/09\/22127307_10155095752348261_112039858_n-1.jpg","datePublished":"2017-09-30T09:32:07+00:00","dateModified":"2017-12-12T11:13:20+00:00","author":{"@id":"https:\/\/www.fondslesbien.org\/#\/schema\/person\/d148888ccb6bb58067bc5f911f386b03"},"breadcrumb":{"@id":"https:\/\/www.fondslesbien.org\/leuropean-lesbianconference\/#breadcrumb"},"inLanguage":"en-US","potentialAction":[{"@type":"ReadAction","target":["https:\/\/www.fondslesbien.org\/leuropean-lesbianconference\/"]}]},{"@type":"ImageObject","inLanguage":"en-US","@id":"https:\/\/www.fondslesbien.org\/leuropean-lesbianconference\/#primaryimage","url":"https:\/\/www.fondslesbien.org\/wp-content\/uploads\/2017\/09\/22127307_10155095752348261_112039858_n-1.jpg","contentUrl":"https:\/\/www.fondslesbien.org\/wp-content\/uploads\/2017\/09\/22127307_10155095752348261_112039858_n-1.jpg","width":600,"height":400},{"@type":"BreadcrumbList","@id":"https:\/\/www.fondslesbien.org\/leuropean-lesbianconference\/#breadcrumb","itemListElement":[{"@type":"ListItem","position":1,"name":"Home","item":"https:\/\/www.fondslesbien.org\/"},{"@type":"ListItem","position":2,"name":"400 lesbiennes et alli\u00e9es \u00e0 L&rsquo;European Lesbian*Conference"}]},{"@type":"WebSite","@id":"https:\/\/www.fondslesbien.org\/#website","url":"https:\/\/www.fondslesbien.org\/","name":"LIG","description":"Lesbiennes d\u2019Int\u00e9r\u00eat G\u00e9n\u00e9ral","potentialAction":[{"@type":"SearchAction","target":{"@type":"EntryPoint","urlTemplate":"https:\/\/www.fondslesbien.org\/?s={search_term_string}"},"query-input":{"@type":"PropertyValueSpecification","valueRequired":true,"valueName":"search_term_string"}}],"inLanguage":"en-US"},{"@type":"Person","@id":"https:\/\/www.fondslesbien.org\/#\/schema\/person\/d148888ccb6bb58067bc5f911f386b03","name":"ligadmin","image":{"@type":"ImageObject","inLanguage":"en-US","@id":"https:\/\/www.fondslesbien.org\/#\/schema\/person\/image\/","url":"https:\/\/secure.gravatar.com\/avatar\/f20d8266393d7134439a3daf0fea758f?s=96&d=mm&r=g","contentUrl":"https:\/\/secure.gravatar.com\/avatar\/f20d8266393d7134439a3daf0fea758f?s=96&d=mm&r=g","caption":"ligadmin"},"url":"https:\/\/www.fondslesbien.org\/en\/author\/ligadmin\/"}]}},"_links":{"self":[{"href":"https:\/\/www.fondslesbien.org\/en\/wp-json\/wp\/v2\/posts\/1281","targetHints":{"allow":["GET"]}}],"collection":[{"href":"https:\/\/www.fondslesbien.org\/en\/wp-json\/wp\/v2\/posts"}],"about":[{"href":"https:\/\/www.fondslesbien.org\/en\/wp-json\/wp\/v2\/types\/post"}],"author":[{"embeddable":true,"href":"https:\/\/www.fondslesbien.org\/en\/wp-json\/wp\/v2\/users\/1"}],"replies":[{"embeddable":true,"href":"https:\/\/www.fondslesbien.org\/en\/wp-json\/wp\/v2\/comments?post=1281"}],"version-history":[{"count":4,"href":"https:\/\/www.fondslesbien.org\/en\/wp-json\/wp\/v2\/posts\/1281\/revisions"}],"predecessor-version":[{"id":1284,"href":"https:\/\/www.fondslesbien.org\/en\/wp-json\/wp\/v2\/posts\/1281\/revisions\/1284"}],"wp:featuredmedia":[{"embeddable":true,"href":"https:\/\/www.fondslesbien.org\/en\/wp-json\/wp\/v2\/media\/1289"}],"wp:attachment":[{"href":"https:\/\/www.fondslesbien.org\/en\/wp-json\/wp\/v2\/media?parent=1281"}],"wp:term":[{"taxonomy":"category","embeddable":true,"href":"https:\/\/www.fondslesbien.org\/en\/wp-json\/wp\/v2\/categories?post=1281"},{"taxonomy":"post_tag","embeddable":true,"href":"https:\/\/www.fondslesbien.org\/en\/wp-json\/wp\/v2\/tags?post=1281"}],"curies":[{"name":"wp","href":"https:\/\/api.w.org\/{rel}","templated":true}]}}