{"id":1294,"date":"2017-11-18T16:31:03","date_gmt":"2017-11-18T16:31:03","guid":{"rendered":"http:\/\/fondslesbien.org\/?p=1294"},"modified":"2017-12-12T11:10:17","modified_gmt":"2017-12-12T11:10:17","slug":"la-lig-invitee","status":"publish","type":"post","link":"https:\/\/www.fondslesbien.org\/en\/la-lig-invitee\/","title":{"rendered":"La LIG invit\u00e9e"},"content":{"rendered":"<p>Lesbiennes d\u2019Int\u00e9r\u00eat G\u00e9n\u00e9ral en lettres d\u2019argent sont apparues dans la vitrine d\u2019une galerie d\u2019art contemporain du 13\u00e8me arrondissement de Paris. Pour f\u00eater les 25 ans de sa galerie (\u00e0 Prague, jusqu\u2019en 2005, puis \u00e0 Bratislava), Nadine Gandy avait en effet invit\u00e9 Catherine Facerias et Elisabeth Lebovici \u00e0 participer \u00e0 <i>Powerama<\/i>, une initiative de la designeuse Matali Crasset, expos\u00e9e durant une semaine (24-31 octobre) dans la vitrine sur rue de la galerie Air de Paris (32, rue Louis Weiss 75013). Il s\u2019agissait, par la production d\u2019une affiche en bichromie (plus une couleur), de t\u00e9moigner de son point de vue sur les changements intervenus dans le monde de l\u2019art au cours des vingt-cinq derni\u00e8res ann\u00e9es. \u00c7a n\u2019a pas fait un pli\u00a0: c\u2019\u00e9tait la LIG\u00a0!<\/p>\n","protected":false},"excerpt":{"rendered":"<p>Lesbiennes d\u2019Int\u00e9r\u00eat G\u00e9n\u00e9ral en lettres d\u2019argent sont apparues dans la vitrine d\u2019une galerie d\u2019art contemporain du 13\u00e8me arrondissement de Paris. Pour f\u00eater les 25 ans de sa galerie (\u00e0 Prague, jusqu\u2019en 2005, puis \u00e0 Bratislava), Nadine Gandy avait en effet invit\u00e9 Catherine Facerias et Elisabeth Lebovici \u00e0 participer \u00e0 Powerama, une initiative de la designeuse&#8230;<\/p>\n","protected":false},"author":1,"featured_media":1295,"comment_status":"closed","ping_status":"open","sticky":false,"template":"","format":"standard","meta":{"footnotes":""},"categories":[1],"tags":[],"class_list":["post-1294","post","type-post","status-publish","format-standard","has-post-thumbnail","hentry","category-actualites"],"translation":{"provider":"WPGlobus","version":"3.0.2","language":"en","enabled_languages":["fr","en"],"languages":{"fr":{"title":true,"content":true,"excerpt":false},"en":{"title":false,"content":false,"excerpt":false}}},"yoast_head":"<!-- This site is optimized with the Yoast SEO plugin v26.8 - https:\/\/yoast.com\/product\/yoast-seo-wordpress\/ -->\n<title>La LIG invit\u00e9e &#8212; LIG<\/title>\n<meta name=\"robots\" content=\"index, follow, max-snippet:-1, max-image-preview:large, max-video-preview:-1\" \/>\n<link rel=\"canonical\" href=\"https:\/\/www.fondslesbien.org\/la-lig-invitee\/\" \/>\n<meta property=\"og:locale\" content=\"en_US\" \/>\n<meta property=\"og:type\" content=\"article\" \/>\n<meta property=\"og:title\" content=\"La LIG invit\u00e9e &#8212; LIG\" \/>\n<meta property=\"og:url\" content=\"https:\/\/www.fondslesbien.org\/la-lig-invitee\/\" \/>\n<meta property=\"og:site_name\" content=\"LIG\" \/>\n<meta property=\"article:published_time\" content=\"2017-11-18T16:31:03+00:00\" \/>\n<meta property=\"article:modified_time\" content=\"2017-12-12T11:10:17+00:00\" \/>\n<meta property=\"og:image\" content=\"https:\/\/www.fondslesbien.org\/wp-content\/uploads\/2017\/11\/22688874_229314610936078_3797567849143083787_n.png\" \/>\n\t<meta property=\"og:image:width\" content=\"626\" \/>\n\t<meta property=\"og:image:height\" content=\"766\" \/>\n\t<meta property=\"og:image:type\" content=\"image\/png\" \/>\n<meta name=\"author\" content=\"ligadmin\" \/>\n<meta name=\"twitter:card\" content=\"summary_large_image\" \/>\n<meta name=\"twitter:label1\" content=\"Written by\" \/>\n\t<meta name=\"twitter:data1\" content=\"ligadmin\" \/>\n\t<meta name=\"twitter:label2\" content=\"Est. reading time\" \/>\n\t<meta name=\"twitter:data2\" content=\"1 minute\" \/>\n<script type=\"application\/ld+json\" class=\"yoast-schema-graph\">{\"@context\":\"https:\/\/schema.org\",\"@graph\":[{\"@type\":\"Article\",\"@id\":\"https:\/\/www.fondslesbien.org\/la-lig-invitee\/#article\",\"isPartOf\":{\"@id\":\"https:\/\/www.fondslesbien.org\/la-lig-invitee\/\"},\"author\":{\"name\":\"ligadmin\",\"@id\":\"https:\/\/www.fondslesbien.org\/#\/schema\/person\/d148888ccb6bb58067bc5f911f386b03\"},\"headline\":\"La LIG invit\u00e9e\",\"datePublished\":\"2017-11-18T16:31:03+00:00\",\"dateModified\":\"2017-12-12T11:10:17+00:00\",\"mainEntityOfPage\":{\"@id\":\"https:\/\/www.fondslesbien.org\/la-lig-invitee\/\"},\"wordCount\":137,\"image\":{\"@id\":\"https:\/\/www.fondslesbien.org\/la-lig-invitee\/#primaryimage\"},\"thumbnailUrl\":\"https:\/\/www.fondslesbien.org\/wp-content\/uploads\/2017\/11\/22688874_229314610936078_3797567849143083787_n.png\",\"articleSection\":[\"Actualit\u00e9s\"],\"inLanguage\":\"en-US\"},{\"@type\":\"WebPage\",\"@id\":\"https:\/\/www.fondslesbien.org\/la-lig-invitee\/\",\"url\":\"https:\/\/www.fondslesbien.org\/la-lig-invitee\/\",\"name\":\"La LIG invit\u00e9e &#8212; LIG\",\"isPartOf\":{\"@id\":\"https:\/\/www.fondslesbien.org\/#website\"},\"primaryImageOfPage\":{\"@id\":\"https:\/\/www.fondslesbien.org\/la-lig-invitee\/#primaryimage\"},\"image\":{\"@id\":\"https:\/\/www.fondslesbien.org\/la-lig-invitee\/#primaryimage\"},\"thumbnailUrl\":\"https:\/\/www.fondslesbien.org\/wp-content\/uploads\/2017\/11\/22688874_229314610936078_3797567849143083787_n.png\",\"datePublished\":\"2017-11-18T16:31:03+00:00\",\"dateModified\":\"2017-12-12T11:10:17+00:00\",\"author\":{\"@id\":\"https:\/\/www.fondslesbien.org\/#\/schema\/person\/d148888ccb6bb58067bc5f911f386b03\"},\"breadcrumb\":{\"@id\":\"https:\/\/www.fondslesbien.org\/la-lig-invitee\/#breadcrumb\"},\"inLanguage\":\"en-US\",\"potentialAction\":[{\"@type\":\"ReadAction\",\"target\":[\"https:\/\/www.fondslesbien.org\/la-lig-invitee\/\"]}]},{\"@type\":\"ImageObject\",\"inLanguage\":\"en-US\",\"@id\":\"https:\/\/www.fondslesbien.org\/la-lig-invitee\/#primaryimage\",\"url\":\"https:\/\/www.fondslesbien.org\/wp-content\/uploads\/2017\/11\/22688874_229314610936078_3797567849143083787_n.png\",\"contentUrl\":\"https:\/\/www.fondslesbien.org\/wp-content\/uploads\/2017\/11\/22688874_229314610936078_3797567849143083787_n.png\",\"width\":626,\"height\":766},{\"@type\":\"BreadcrumbList\",\"@id\":\"https:\/\/www.fondslesbien.org\/la-lig-invitee\/#breadcrumb\",\"itemListElement\":[{\"@type\":\"ListItem\",\"position\":1,\"name\":\"Home\",\"item\":\"https:\/\/www.fondslesbien.org\/\"},{\"@type\":\"ListItem\",\"position\":2,\"name\":\"La LIG invit\u00e9e\"}]},{\"@type\":\"WebSite\",\"@id\":\"https:\/\/www.fondslesbien.org\/#website\",\"url\":\"https:\/\/www.fondslesbien.org\/\",\"name\":\"LIG\",\"description\":\"Lesbiennes d\u2019Int\u00e9r\u00eat G\u00e9n\u00e9ral\",\"potentialAction\":[{\"@type\":\"SearchAction\",\"target\":{\"@type\":\"EntryPoint\",\"urlTemplate\":\"https:\/\/www.fondslesbien.org\/?s={search_term_string}\"},\"query-input\":{\"@type\":\"PropertyValueSpecification\",\"valueRequired\":true,\"valueName\":\"search_term_string\"}}],\"inLanguage\":\"en-US\"},{\"@type\":\"Person\",\"@id\":\"https:\/\/www.fondslesbien.org\/#\/schema\/person\/d148888ccb6bb58067bc5f911f386b03\",\"name\":\"ligadmin\",\"image\":{\"@type\":\"ImageObject\",\"inLanguage\":\"en-US\",\"@id\":\"https:\/\/www.fondslesbien.org\/#\/schema\/person\/image\/\",\"url\":\"https:\/\/secure.gravatar.com\/avatar\/f20d8266393d7134439a3daf0fea758f?s=96&d=mm&r=g\",\"contentUrl\":\"https:\/\/secure.gravatar.com\/avatar\/f20d8266393d7134439a3daf0fea758f?s=96&d=mm&r=g\",\"caption\":\"ligadmin\"},\"url\":\"https:\/\/www.fondslesbien.org\/en\/author\/ligadmin\/\"}]}<\/script>\n<!-- \/ Yoast SEO plugin. -->","yoast_head_json":{"title":"La LIG invit\u00e9e &#8212; LIG","robots":{"index":"index","follow":"follow","max-snippet":"max-snippet:-1","max-image-preview":"max-image-preview:large","max-video-preview":"max-video-preview:-1"},"canonical":"https:\/\/www.fondslesbien.org\/la-lig-invitee\/","og_locale":"en_US","og_type":"article","og_title":"La LIG invit\u00e9e &#8212; LIG","og_url":"https:\/\/www.fondslesbien.org\/la-lig-invitee\/","og_site_name":"LIG","article_published_time":"2017-11-18T16:31:03+00:00","article_modified_time":"2017-12-12T11:10:17+00:00","og_image":[{"width":626,"height":766,"url":"https:\/\/www.fondslesbien.org\/wp-content\/uploads\/2017\/11\/22688874_229314610936078_3797567849143083787_n.png","type":"image\/png"}],"author":"ligadmin","twitter_card":"summary_large_image","twitter_misc":{"Written by":"ligadmin","Est. reading time":"1 minute"},"schema":{"@context":"https:\/\/schema.org","@graph":[{"@type":"Article","@id":"https:\/\/www.fondslesbien.org\/la-lig-invitee\/#article","isPartOf":{"@id":"https:\/\/www.fondslesbien.org\/la-lig-invitee\/"},"author":{"name":"ligadmin","@id":"https:\/\/www.fondslesbien.org\/#\/schema\/person\/d148888ccb6bb58067bc5f911f386b03"},"headline":"La LIG invit\u00e9e","datePublished":"2017-11-18T16:31:03+00:00","dateModified":"2017-12-12T11:10:17+00:00","mainEntityOfPage":{"@id":"https:\/\/www.fondslesbien.org\/la-lig-invitee\/"},"wordCount":137,"image":{"@id":"https:\/\/www.fondslesbien.org\/la-lig-invitee\/#primaryimage"},"thumbnailUrl":"https:\/\/www.fondslesbien.org\/wp-content\/uploads\/2017\/11\/22688874_229314610936078_3797567849143083787_n.png","articleSection":["Actualit\u00e9s"],"inLanguage":"en-US"},{"@type":"WebPage","@id":"https:\/\/www.fondslesbien.org\/la-lig-invitee\/","url":"https:\/\/www.fondslesbien.org\/la-lig-invitee\/","name":"La LIG invit\u00e9e &#8212; LIG","isPartOf":{"@id":"https:\/\/www.fondslesbien.org\/#website"},"primaryImageOfPage":{"@id":"https:\/\/www.fondslesbien.org\/la-lig-invitee\/#primaryimage"},"image":{"@id":"https:\/\/www.fondslesbien.org\/la-lig-invitee\/#primaryimage"},"thumbnailUrl":"https:\/\/www.fondslesbien.org\/wp-content\/uploads\/2017\/11\/22688874_229314610936078_3797567849143083787_n.png","datePublished":"2017-11-18T16:31:03+00:00","dateModified":"2017-12-12T11:10:17+00:00","author":{"@id":"https:\/\/www.fondslesbien.org\/#\/schema\/person\/d148888ccb6bb58067bc5f911f386b03"},"breadcrumb":{"@id":"https:\/\/www.fondslesbien.org\/la-lig-invitee\/#breadcrumb"},"inLanguage":"en-US","potentialAction":[{"@type":"ReadAction","target":["https:\/\/www.fondslesbien.org\/la-lig-invitee\/"]}]},{"@type":"ImageObject","inLanguage":"en-US","@id":"https:\/\/www.fondslesbien.org\/la-lig-invitee\/#primaryimage","url":"https:\/\/www.fondslesbien.org\/wp-content\/uploads\/2017\/11\/22688874_229314610936078_3797567849143083787_n.png","contentUrl":"https:\/\/www.fondslesbien.org\/wp-content\/uploads\/2017\/11\/22688874_229314610936078_3797567849143083787_n.png","width":626,"height":766},{"@type":"BreadcrumbList","@id":"https:\/\/www.fondslesbien.org\/la-lig-invitee\/#breadcrumb","itemListElement":[{"@type":"ListItem","position":1,"name":"Home","item":"https:\/\/www.fondslesbien.org\/"},{"@type":"ListItem","position":2,"name":"La LIG invit\u00e9e"}]},{"@type":"WebSite","@id":"https:\/\/www.fondslesbien.org\/#website","url":"https:\/\/www.fondslesbien.org\/","name":"LIG","description":"Lesbiennes d\u2019Int\u00e9r\u00eat G\u00e9n\u00e9ral","potentialAction":[{"@type":"SearchAction","target":{"@type":"EntryPoint","urlTemplate":"https:\/\/www.fondslesbien.org\/?s={search_term_string}"},"query-input":{"@type":"PropertyValueSpecification","valueRequired":true,"valueName":"search_term_string"}}],"inLanguage":"en-US"},{"@type":"Person","@id":"https:\/\/www.fondslesbien.org\/#\/schema\/person\/d148888ccb6bb58067bc5f911f386b03","name":"ligadmin","image":{"@type":"ImageObject","inLanguage":"en-US","@id":"https:\/\/www.fondslesbien.org\/#\/schema\/person\/image\/","url":"https:\/\/secure.gravatar.com\/avatar\/f20d8266393d7134439a3daf0fea758f?s=96&d=mm&r=g","contentUrl":"https:\/\/secure.gravatar.com\/avatar\/f20d8266393d7134439a3daf0fea758f?s=96&d=mm&r=g","caption":"ligadmin"},"url":"https:\/\/www.fondslesbien.org\/en\/author\/ligadmin\/"}]}},"_links":{"self":[{"href":"https:\/\/www.fondslesbien.org\/en\/wp-json\/wp\/v2\/posts\/1294","targetHints":{"allow":["GET"]}}],"collection":[{"href":"https:\/\/www.fondslesbien.org\/en\/wp-json\/wp\/v2\/posts"}],"about":[{"href":"https:\/\/www.fondslesbien.org\/en\/wp-json\/wp\/v2\/types\/post"}],"author":[{"embeddable":true,"href":"https:\/\/www.fondslesbien.org\/en\/wp-json\/wp\/v2\/users\/1"}],"replies":[{"embeddable":true,"href":"https:\/\/www.fondslesbien.org\/en\/wp-json\/wp\/v2\/comments?post=1294"}],"version-history":[{"count":3,"href":"https:\/\/www.fondslesbien.org\/en\/wp-json\/wp\/v2\/posts\/1294\/revisions"}],"predecessor-version":[{"id":1426,"href":"https:\/\/www.fondslesbien.org\/en\/wp-json\/wp\/v2\/posts\/1294\/revisions\/1426"}],"wp:featuredmedia":[{"embeddable":true,"href":"https:\/\/www.fondslesbien.org\/en\/wp-json\/wp\/v2\/media\/1295"}],"wp:attachment":[{"href":"https:\/\/www.fondslesbien.org\/en\/wp-json\/wp\/v2\/media?parent=1294"}],"wp:term":[{"taxonomy":"category","embeddable":true,"href":"https:\/\/www.fondslesbien.org\/en\/wp-json\/wp\/v2\/categories?post=1294"},{"taxonomy":"post_tag","embeddable":true,"href":"https:\/\/www.fondslesbien.org\/en\/wp-json\/wp\/v2\/tags?post=1294"}],"curies":[{"name":"wp","href":"https:\/\/api.w.org\/{rel}","templated":true}]}}