{"id":1299,"date":"2017-11-18T16:38:27","date_gmt":"2017-11-18T16:38:27","guid":{"rendered":"http:\/\/fondslesbien.org\/?p=1299"},"modified":"2017-12-12T11:32:18","modified_gmt":"2017-12-12T11:32:18","slug":"parlons-de-nous","status":"publish","type":"post","link":"https:\/\/www.fondslesbien.org\/en\/parlons-de-nous\/","title":{"rendered":"Parlons de nous dans Jeanne Magazine"},"content":{"rendered":"<p><i>C\u2019\u00e9tait tr\u00e8s important pour moi de faire quelque chose avec des militantes d\u2019horizons et d\u2019\u00e2ges aussi diff\u00e9rents. Nous les lesbiennes sommes de toutes les luttes (f\u00e9minisme, anti-racisme, etc.,), et pourtant les personnes qui les portent sont rarement solidaires de nos combats. Alors il faut qu&#8217;on \u00e9crive nous-m\u00eame notre histoire, pour ne plus \u00eatre la caution, la note de bas de page<\/i>. Dans\u00a0<a href=\"http:\/\/fondslesbien.org\/wp-content\/uploads\/2017\/11\/LIG_aout2017.pdf\">Jeanne Magazine<\/a>, Suzette Robichon, explique pourquoi elle s&#8217;est impliqu\u00e9e dans la LIG.<\/p>\n","protected":false},"excerpt":{"rendered":"<p>C\u2019\u00e9tait tr\u00e8s important pour moi de faire quelque chose avec des militantes d\u2019horizons et d\u2019\u00e2ges aussi diff\u00e9rents. Nous les lesbiennes sommes de toutes les luttes (f\u00e9minisme, anti-racisme, etc.,), et pourtant les personnes qui les portent sont rarement solidaires de nos combats. Alors il faut qu&#8217;on \u00e9crive nous-m\u00eame notre histoire, pour ne plus \u00eatre la caution,&#8230;<\/p>\n","protected":false},"author":1,"featured_media":1308,"comment_status":"closed","ping_status":"open","sticky":false,"template":"","format":"standard","meta":{"footnotes":""},"categories":[1],"tags":[],"class_list":["post-1299","post","type-post","status-publish","format-standard","has-post-thumbnail","hentry","category-actualites"],"translation":{"provider":"WPGlobus","version":"3.0.2","language":"en","enabled_languages":["fr","en"],"languages":{"fr":{"title":true,"content":true,"excerpt":false},"en":{"title":false,"content":false,"excerpt":false}}},"yoast_head":"<!-- This site is optimized with the Yoast SEO plugin v26.8 - https:\/\/yoast.com\/product\/yoast-seo-wordpress\/ -->\n<title>Parlons de nous dans Jeanne Magazine &#8212; LIG<\/title>\n<meta name=\"robots\" content=\"index, follow, max-snippet:-1, max-image-preview:large, max-video-preview:-1\" \/>\n<link rel=\"canonical\" href=\"https:\/\/www.fondslesbien.org\/parlons-de-nous\/\" \/>\n<meta property=\"og:locale\" content=\"en_US\" \/>\n<meta property=\"og:type\" content=\"article\" \/>\n<meta property=\"og:title\" content=\"Parlons de nous dans Jeanne Magazine &#8212; LIG\" \/>\n<meta property=\"og:url\" content=\"https:\/\/www.fondslesbien.org\/parlons-de-nous\/\" \/>\n<meta property=\"og:site_name\" content=\"LIG\" \/>\n<meta property=\"article:published_time\" content=\"2017-11-18T16:38:27+00:00\" \/>\n<meta property=\"article:modified_time\" content=\"2017-12-12T11:32:18+00:00\" \/>\n<meta property=\"og:image\" content=\"https:\/\/www.fondslesbien.org\/wp-content\/uploads\/2017\/11\/IMG_2883.png\" \/>\n\t<meta property=\"og:image:width\" content=\"800\" \/>\n\t<meta property=\"og:image:height\" content=\"1067\" \/>\n\t<meta property=\"og:image:type\" content=\"image\/png\" \/>\n<meta name=\"author\" content=\"ligadmin\" \/>\n<meta name=\"twitter:card\" content=\"summary_large_image\" \/>\n<meta name=\"twitter:label1\" content=\"Written by\" \/>\n\t<meta name=\"twitter:data1\" content=\"ligadmin\" \/>\n<script type=\"application\/ld+json\" class=\"yoast-schema-graph\">{\"@context\":\"https:\/\/schema.org\",\"@graph\":[{\"@type\":\"Article\",\"@id\":\"https:\/\/www.fondslesbien.org\/parlons-de-nous\/#article\",\"isPartOf\":{\"@id\":\"https:\/\/www.fondslesbien.org\/parlons-de-nous\/\"},\"author\":{\"name\":\"ligadmin\",\"@id\":\"https:\/\/www.fondslesbien.org\/#\/schema\/person\/d148888ccb6bb58067bc5f911f386b03\"},\"headline\":\"Parlons de nous dans Jeanne Magazine\",\"datePublished\":\"2017-11-18T16:38:27+00:00\",\"dateModified\":\"2017-12-12T11:32:18+00:00\",\"mainEntityOfPage\":{\"@id\":\"https:\/\/www.fondslesbien.org\/parlons-de-nous\/\"},\"wordCount\":90,\"image\":{\"@id\":\"https:\/\/www.fondslesbien.org\/parlons-de-nous\/#primaryimage\"},\"thumbnailUrl\":\"https:\/\/www.fondslesbien.org\/wp-content\/uploads\/2017\/11\/IMG_2883.png\",\"articleSection\":[\"Actualit\u00e9s\"],\"inLanguage\":\"en-US\"},{\"@type\":\"WebPage\",\"@id\":\"https:\/\/www.fondslesbien.org\/parlons-de-nous\/\",\"url\":\"https:\/\/www.fondslesbien.org\/parlons-de-nous\/\",\"name\":\"Parlons de nous dans Jeanne Magazine &#8212; LIG\",\"isPartOf\":{\"@id\":\"https:\/\/www.fondslesbien.org\/#website\"},\"primaryImageOfPage\":{\"@id\":\"https:\/\/www.fondslesbien.org\/parlons-de-nous\/#primaryimage\"},\"image\":{\"@id\":\"https:\/\/www.fondslesbien.org\/parlons-de-nous\/#primaryimage\"},\"thumbnailUrl\":\"https:\/\/www.fondslesbien.org\/wp-content\/uploads\/2017\/11\/IMG_2883.png\",\"datePublished\":\"2017-11-18T16:38:27+00:00\",\"dateModified\":\"2017-12-12T11:32:18+00:00\",\"author\":{\"@id\":\"https:\/\/www.fondslesbien.org\/#\/schema\/person\/d148888ccb6bb58067bc5f911f386b03\"},\"breadcrumb\":{\"@id\":\"https:\/\/www.fondslesbien.org\/parlons-de-nous\/#breadcrumb\"},\"inLanguage\":\"en-US\",\"potentialAction\":[{\"@type\":\"ReadAction\",\"target\":[\"https:\/\/www.fondslesbien.org\/parlons-de-nous\/\"]}]},{\"@type\":\"ImageObject\",\"inLanguage\":\"en-US\",\"@id\":\"https:\/\/www.fondslesbien.org\/parlons-de-nous\/#primaryimage\",\"url\":\"https:\/\/www.fondslesbien.org\/wp-content\/uploads\/2017\/11\/IMG_2883.png\",\"contentUrl\":\"https:\/\/www.fondslesbien.org\/wp-content\/uploads\/2017\/11\/IMG_2883.png\",\"width\":800,\"height\":1067},{\"@type\":\"BreadcrumbList\",\"@id\":\"https:\/\/www.fondslesbien.org\/parlons-de-nous\/#breadcrumb\",\"itemListElement\":[{\"@type\":\"ListItem\",\"position\":1,\"name\":\"Home\",\"item\":\"https:\/\/www.fondslesbien.org\/\"},{\"@type\":\"ListItem\",\"position\":2,\"name\":\"Parlons de nous dans Jeanne Magazine\"}]},{\"@type\":\"WebSite\",\"@id\":\"https:\/\/www.fondslesbien.org\/#website\",\"url\":\"https:\/\/www.fondslesbien.org\/\",\"name\":\"LIG\",\"description\":\"Lesbiennes d\u2019Int\u00e9r\u00eat G\u00e9n\u00e9ral\",\"potentialAction\":[{\"@type\":\"SearchAction\",\"target\":{\"@type\":\"EntryPoint\",\"urlTemplate\":\"https:\/\/www.fondslesbien.org\/?s={search_term_string}\"},\"query-input\":{\"@type\":\"PropertyValueSpecification\",\"valueRequired\":true,\"valueName\":\"search_term_string\"}}],\"inLanguage\":\"en-US\"},{\"@type\":\"Person\",\"@id\":\"https:\/\/www.fondslesbien.org\/#\/schema\/person\/d148888ccb6bb58067bc5f911f386b03\",\"name\":\"ligadmin\",\"image\":{\"@type\":\"ImageObject\",\"inLanguage\":\"en-US\",\"@id\":\"https:\/\/www.fondslesbien.org\/#\/schema\/person\/image\/\",\"url\":\"https:\/\/secure.gravatar.com\/avatar\/f20d8266393d7134439a3daf0fea758f?s=96&d=mm&r=g\",\"contentUrl\":\"https:\/\/secure.gravatar.com\/avatar\/f20d8266393d7134439a3daf0fea758f?s=96&d=mm&r=g\",\"caption\":\"ligadmin\"},\"url\":\"https:\/\/www.fondslesbien.org\/en\/author\/ligadmin\/\"}]}<\/script>\n<!-- \/ Yoast SEO plugin. -->","yoast_head_json":{"title":"Parlons de nous dans Jeanne Magazine &#8212; LIG","robots":{"index":"index","follow":"follow","max-snippet":"max-snippet:-1","max-image-preview":"max-image-preview:large","max-video-preview":"max-video-preview:-1"},"canonical":"https:\/\/www.fondslesbien.org\/parlons-de-nous\/","og_locale":"en_US","og_type":"article","og_title":"Parlons de nous dans Jeanne Magazine &#8212; LIG","og_url":"https:\/\/www.fondslesbien.org\/parlons-de-nous\/","og_site_name":"LIG","article_published_time":"2017-11-18T16:38:27+00:00","article_modified_time":"2017-12-12T11:32:18+00:00","og_image":[{"width":800,"height":1067,"url":"https:\/\/www.fondslesbien.org\/wp-content\/uploads\/2017\/11\/IMG_2883.png","type":"image\/png"}],"author":"ligadmin","twitter_card":"summary_large_image","twitter_misc":{"Written by":"ligadmin"},"schema":{"@context":"https:\/\/schema.org","@graph":[{"@type":"Article","@id":"https:\/\/www.fondslesbien.org\/parlons-de-nous\/#article","isPartOf":{"@id":"https:\/\/www.fondslesbien.org\/parlons-de-nous\/"},"author":{"name":"ligadmin","@id":"https:\/\/www.fondslesbien.org\/#\/schema\/person\/d148888ccb6bb58067bc5f911f386b03"},"headline":"Parlons de nous dans Jeanne Magazine","datePublished":"2017-11-18T16:38:27+00:00","dateModified":"2017-12-12T11:32:18+00:00","mainEntityOfPage":{"@id":"https:\/\/www.fondslesbien.org\/parlons-de-nous\/"},"wordCount":90,"image":{"@id":"https:\/\/www.fondslesbien.org\/parlons-de-nous\/#primaryimage"},"thumbnailUrl":"https:\/\/www.fondslesbien.org\/wp-content\/uploads\/2017\/11\/IMG_2883.png","articleSection":["Actualit\u00e9s"],"inLanguage":"en-US"},{"@type":"WebPage","@id":"https:\/\/www.fondslesbien.org\/parlons-de-nous\/","url":"https:\/\/www.fondslesbien.org\/parlons-de-nous\/","name":"Parlons de nous dans Jeanne Magazine &#8212; LIG","isPartOf":{"@id":"https:\/\/www.fondslesbien.org\/#website"},"primaryImageOfPage":{"@id":"https:\/\/www.fondslesbien.org\/parlons-de-nous\/#primaryimage"},"image":{"@id":"https:\/\/www.fondslesbien.org\/parlons-de-nous\/#primaryimage"},"thumbnailUrl":"https:\/\/www.fondslesbien.org\/wp-content\/uploads\/2017\/11\/IMG_2883.png","datePublished":"2017-11-18T16:38:27+00:00","dateModified":"2017-12-12T11:32:18+00:00","author":{"@id":"https:\/\/www.fondslesbien.org\/#\/schema\/person\/d148888ccb6bb58067bc5f911f386b03"},"breadcrumb":{"@id":"https:\/\/www.fondslesbien.org\/parlons-de-nous\/#breadcrumb"},"inLanguage":"en-US","potentialAction":[{"@type":"ReadAction","target":["https:\/\/www.fondslesbien.org\/parlons-de-nous\/"]}]},{"@type":"ImageObject","inLanguage":"en-US","@id":"https:\/\/www.fondslesbien.org\/parlons-de-nous\/#primaryimage","url":"https:\/\/www.fondslesbien.org\/wp-content\/uploads\/2017\/11\/IMG_2883.png","contentUrl":"https:\/\/www.fondslesbien.org\/wp-content\/uploads\/2017\/11\/IMG_2883.png","width":800,"height":1067},{"@type":"BreadcrumbList","@id":"https:\/\/www.fondslesbien.org\/parlons-de-nous\/#breadcrumb","itemListElement":[{"@type":"ListItem","position":1,"name":"Home","item":"https:\/\/www.fondslesbien.org\/"},{"@type":"ListItem","position":2,"name":"Parlons de nous dans Jeanne Magazine"}]},{"@type":"WebSite","@id":"https:\/\/www.fondslesbien.org\/#website","url":"https:\/\/www.fondslesbien.org\/","name":"LIG","description":"Lesbiennes d\u2019Int\u00e9r\u00eat G\u00e9n\u00e9ral","potentialAction":[{"@type":"SearchAction","target":{"@type":"EntryPoint","urlTemplate":"https:\/\/www.fondslesbien.org\/?s={search_term_string}"},"query-input":{"@type":"PropertyValueSpecification","valueRequired":true,"valueName":"search_term_string"}}],"inLanguage":"en-US"},{"@type":"Person","@id":"https:\/\/www.fondslesbien.org\/#\/schema\/person\/d148888ccb6bb58067bc5f911f386b03","name":"ligadmin","image":{"@type":"ImageObject","inLanguage":"en-US","@id":"https:\/\/www.fondslesbien.org\/#\/schema\/person\/image\/","url":"https:\/\/secure.gravatar.com\/avatar\/f20d8266393d7134439a3daf0fea758f?s=96&d=mm&r=g","contentUrl":"https:\/\/secure.gravatar.com\/avatar\/f20d8266393d7134439a3daf0fea758f?s=96&d=mm&r=g","caption":"ligadmin"},"url":"https:\/\/www.fondslesbien.org\/en\/author\/ligadmin\/"}]}},"_links":{"self":[{"href":"https:\/\/www.fondslesbien.org\/en\/wp-json\/wp\/v2\/posts\/1299","targetHints":{"allow":["GET"]}}],"collection":[{"href":"https:\/\/www.fondslesbien.org\/en\/wp-json\/wp\/v2\/posts"}],"about":[{"href":"https:\/\/www.fondslesbien.org\/en\/wp-json\/wp\/v2\/types\/post"}],"author":[{"embeddable":true,"href":"https:\/\/www.fondslesbien.org\/en\/wp-json\/wp\/v2\/users\/1"}],"replies":[{"embeddable":true,"href":"https:\/\/www.fondslesbien.org\/en\/wp-json\/wp\/v2\/comments?post=1299"}],"version-history":[{"count":4,"href":"https:\/\/www.fondslesbien.org\/en\/wp-json\/wp\/v2\/posts\/1299\/revisions"}],"predecessor-version":[{"id":1439,"href":"https:\/\/www.fondslesbien.org\/en\/wp-json\/wp\/v2\/posts\/1299\/revisions\/1439"}],"wp:featuredmedia":[{"embeddable":true,"href":"https:\/\/www.fondslesbien.org\/en\/wp-json\/wp\/v2\/media\/1308"}],"wp:attachment":[{"href":"https:\/\/www.fondslesbien.org\/en\/wp-json\/wp\/v2\/media?parent=1299"}],"wp:term":[{"taxonomy":"category","embeddable":true,"href":"https:\/\/www.fondslesbien.org\/en\/wp-json\/wp\/v2\/categories?post=1299"},{"taxonomy":"post_tag","embeddable":true,"href":"https:\/\/www.fondslesbien.org\/en\/wp-json\/wp\/v2\/tags?post=1299"}],"curies":[{"name":"wp","href":"https:\/\/api.w.org\/{rel}","templated":true}]}}