{"id":1312,"date":"2017-11-28T11:10:57","date_gmt":"2017-11-28T11:10:57","guid":{"rendered":"http:\/\/fondslesbien.org\/?p=1312"},"modified":"2018-03-10T19:04:16","modified_gmt":"2018-03-10T19:04:16","slug":"prix-lesbienne-dinteret-general-2017-attribue-a-faina-grossmann","status":"publish","type":"post","link":"https:\/\/www.fondslesbien.org\/en\/prix-lesbienne-dinteret-general-2017-attribue-a-faina-grossmann\/","title":{"rendered":"Le Prix Lesbiennes d\u2019Int\u00e9r\u00eat G\u00e9n\u00e9ral 2017 attribu\u00e9 \u00e0 Faina Grossmann&#8230;"},"content":{"rendered":"<p><span style=\"color: #000000;\">\u2026qui \u0153uvre activement pour sa communaut\u00e9. En 2017 nous voulons marquer notre soutien au total engagement de Faina Grossmann. Politologue et activiste, Faina m\u00e8ne des actions de solidarit\u00e9 depuis 20 ans dans le champ de la sant\u00e9 sexuelle et du soutien aux\u00a0lesbiennes\u00a0r\u00e9fugi\u00e9es. Depuis 2011, elle coordonne le r\u00e9seau de solidarit\u00e9\u00a0<i>Les Lesbiennes\u00a0<\/i><i>D<\/i><i>\u00e9passent les\u00a0<\/i><i>F<\/i><i>ronti\u00e8res<\/i>, r\u00e9seau cofond\u00e9 avec d\u2019autres militantes lesbiennes\u00a0f\u00e9ministes\u00a0pour assurer l\u2019accueil, le suivi, l\u2019accompagnement de lesbiennes r\u00e9fugi\u00e9es\u00a0et\u00a0demandeuses d\u2019asile.\u00a0Ce travail au quotidien a permis \u00e0 chacune d\u2019entre elles de ne pas \u00eatre seule\u00a0face aux difficult\u00e9s de la demande\u00a0d\u2019asile,\u00a0et de trouver soutien et amiti\u00e9s.<\/span><\/p>\n","protected":false},"excerpt":{"rendered":"<p>\u2026qui \u0153uvre activement pour sa communaut\u00e9. En 2017 nous voulons marquer notre soutien au total engagement de Faina Grossmann. Politologue et activiste, Faina m\u00e8ne des actions de solidarit\u00e9 depuis 20 ans dans le champ de la sant\u00e9 sexuelle et du soutien aux\u00a0lesbiennes\u00a0r\u00e9fugi\u00e9es. Depuis 2011, elle coordonne le r\u00e9seau de solidarit\u00e9\u00a0Les Lesbiennes\u00a0D\u00e9passent les\u00a0Fronti\u00e8res, r\u00e9seau cofond\u00e9 avec&#8230;<\/p>\n","protected":false},"author":1,"featured_media":1537,"comment_status":"closed","ping_status":"open","sticky":false,"template":"","format":"standard","meta":{"footnotes":""},"categories":[21],"tags":[],"class_list":["post-1312","post","type-post","status-publish","format-standard","has-post-thumbnail","hentry","category-projets-soutenus"],"translation":{"provider":"WPGlobus","version":"3.0.2","language":"en","enabled_languages":["fr","en"],"languages":{"fr":{"title":true,"content":true,"excerpt":false},"en":{"title":false,"content":false,"excerpt":false}}},"yoast_head":"<!-- This site is optimized with the Yoast SEO plugin v26.8 - https:\/\/yoast.com\/product\/yoast-seo-wordpress\/ -->\n<title>Le Prix Lesbiennes d\u2019Int\u00e9r\u00eat G\u00e9n\u00e9ral 2017 attribu\u00e9 \u00e0 Faina Grossmann... &#8212; LIG<\/title>\n<meta name=\"robots\" content=\"index, follow, max-snippet:-1, max-image-preview:large, max-video-preview:-1\" \/>\n<link rel=\"canonical\" href=\"https:\/\/www.fondslesbien.org\/prix-lesbienne-dinteret-general-2017-attribue-a-faina-grossmann\/\" \/>\n<meta property=\"og:locale\" content=\"en_US\" \/>\n<meta property=\"og:type\" content=\"article\" \/>\n<meta property=\"og:title\" content=\"Le Prix Lesbiennes d\u2019Int\u00e9r\u00eat G\u00e9n\u00e9ral 2017 attribu\u00e9 \u00e0 Faina Grossmann... &#8212; LIG\" \/>\n<meta property=\"og:url\" content=\"https:\/\/www.fondslesbien.org\/prix-lesbienne-dinteret-general-2017-attribue-a-faina-grossmann\/\" \/>\n<meta property=\"og:site_name\" content=\"LIG\" \/>\n<meta property=\"article:published_time\" content=\"2017-11-28T11:10:57+00:00\" \/>\n<meta property=\"article:modified_time\" content=\"2018-03-10T19:04:16+00:00\" \/>\n<meta property=\"og:image\" content=\"https:\/\/www.fondslesbien.org\/wp-content\/uploads\/2017\/11\/Faina-Grossmann-2_2018.jpg\" \/>\n\t<meta property=\"og:image:width\" content=\"1500\" \/>\n\t<meta property=\"og:image:height\" content=\"2102\" \/>\n\t<meta property=\"og:image:type\" content=\"image\/jpeg\" \/>\n<meta name=\"author\" content=\"ligadmin\" \/>\n<meta name=\"twitter:card\" content=\"summary_large_image\" \/>\n<meta name=\"twitter:label1\" content=\"Written by\" \/>\n\t<meta name=\"twitter:data1\" content=\"ligadmin\" \/>\n\t<meta name=\"twitter:label2\" content=\"Est. reading time\" \/>\n\t<meta name=\"twitter:data2\" content=\"1 minute\" \/>\n<script type=\"application\/ld+json\" class=\"yoast-schema-graph\">{\"@context\":\"https:\/\/schema.org\",\"@graph\":[{\"@type\":\"Article\",\"@id\":\"https:\/\/www.fondslesbien.org\/prix-lesbienne-dinteret-general-2017-attribue-a-faina-grossmann\/#article\",\"isPartOf\":{\"@id\":\"https:\/\/www.fondslesbien.org\/prix-lesbienne-dinteret-general-2017-attribue-a-faina-grossmann\/\"},\"author\":{\"name\":\"ligadmin\",\"@id\":\"https:\/\/www.fondslesbien.org\/#\/schema\/person\/d148888ccb6bb58067bc5f911f386b03\"},\"headline\":\"Le Prix Lesbiennes d\u2019Int\u00e9r\u00eat G\u00e9n\u00e9ral 2017 attribu\u00e9 \u00e0 Faina Grossmann&#8230;\",\"datePublished\":\"2017-11-28T11:10:57+00:00\",\"dateModified\":\"2018-03-10T19:04:16+00:00\",\"mainEntityOfPage\":{\"@id\":\"https:\/\/www.fondslesbien.org\/prix-lesbienne-dinteret-general-2017-attribue-a-faina-grossmann\/\"},\"wordCount\":132,\"image\":{\"@id\":\"https:\/\/www.fondslesbien.org\/prix-lesbienne-dinteret-general-2017-attribue-a-faina-grossmann\/#primaryimage\"},\"thumbnailUrl\":\"https:\/\/www.fondslesbien.org\/wp-content\/uploads\/2017\/11\/Faina-Grossmann-2_2018.jpg\",\"articleSection\":[\"Projets soutenus\"],\"inLanguage\":\"en-US\"},{\"@type\":\"WebPage\",\"@id\":\"https:\/\/www.fondslesbien.org\/prix-lesbienne-dinteret-general-2017-attribue-a-faina-grossmann\/\",\"url\":\"https:\/\/www.fondslesbien.org\/prix-lesbienne-dinteret-general-2017-attribue-a-faina-grossmann\/\",\"name\":\"Le Prix Lesbiennes d\u2019Int\u00e9r\u00eat G\u00e9n\u00e9ral 2017 attribu\u00e9 \u00e0 Faina Grossmann... &#8212; LIG\",\"isPartOf\":{\"@id\":\"https:\/\/www.fondslesbien.org\/#website\"},\"primaryImageOfPage\":{\"@id\":\"https:\/\/www.fondslesbien.org\/prix-lesbienne-dinteret-general-2017-attribue-a-faina-grossmann\/#primaryimage\"},\"image\":{\"@id\":\"https:\/\/www.fondslesbien.org\/prix-lesbienne-dinteret-general-2017-attribue-a-faina-grossmann\/#primaryimage\"},\"thumbnailUrl\":\"https:\/\/www.fondslesbien.org\/wp-content\/uploads\/2017\/11\/Faina-Grossmann-2_2018.jpg\",\"datePublished\":\"2017-11-28T11:10:57+00:00\",\"dateModified\":\"2018-03-10T19:04:16+00:00\",\"author\":{\"@id\":\"https:\/\/www.fondslesbien.org\/#\/schema\/person\/d148888ccb6bb58067bc5f911f386b03\"},\"breadcrumb\":{\"@id\":\"https:\/\/www.fondslesbien.org\/prix-lesbienne-dinteret-general-2017-attribue-a-faina-grossmann\/#breadcrumb\"},\"inLanguage\":\"en-US\",\"potentialAction\":[{\"@type\":\"ReadAction\",\"target\":[\"https:\/\/www.fondslesbien.org\/prix-lesbienne-dinteret-general-2017-attribue-a-faina-grossmann\/\"]}]},{\"@type\":\"ImageObject\",\"inLanguage\":\"en-US\",\"@id\":\"https:\/\/www.fondslesbien.org\/prix-lesbienne-dinteret-general-2017-attribue-a-faina-grossmann\/#primaryimage\",\"url\":\"https:\/\/www.fondslesbien.org\/wp-content\/uploads\/2017\/11\/Faina-Grossmann-2_2018.jpg\",\"contentUrl\":\"https:\/\/www.fondslesbien.org\/wp-content\/uploads\/2017\/11\/Faina-Grossmann-2_2018.jpg\",\"width\":1500,\"height\":2102},{\"@type\":\"BreadcrumbList\",\"@id\":\"https:\/\/www.fondslesbien.org\/prix-lesbienne-dinteret-general-2017-attribue-a-faina-grossmann\/#breadcrumb\",\"itemListElement\":[{\"@type\":\"ListItem\",\"position\":1,\"name\":\"Home\",\"item\":\"https:\/\/www.fondslesbien.org\/\"},{\"@type\":\"ListItem\",\"position\":2,\"name\":\"Le Prix Lesbiennes d\u2019Int\u00e9r\u00eat G\u00e9n\u00e9ral 2017 attribu\u00e9 \u00e0 Faina Grossmann&#8230;\"}]},{\"@type\":\"WebSite\",\"@id\":\"https:\/\/www.fondslesbien.org\/#website\",\"url\":\"https:\/\/www.fondslesbien.org\/\",\"name\":\"LIG\",\"description\":\"Lesbiennes d\u2019Int\u00e9r\u00eat G\u00e9n\u00e9ral\",\"potentialAction\":[{\"@type\":\"SearchAction\",\"target\":{\"@type\":\"EntryPoint\",\"urlTemplate\":\"https:\/\/www.fondslesbien.org\/?s={search_term_string}\"},\"query-input\":{\"@type\":\"PropertyValueSpecification\",\"valueRequired\":true,\"valueName\":\"search_term_string\"}}],\"inLanguage\":\"en-US\"},{\"@type\":\"Person\",\"@id\":\"https:\/\/www.fondslesbien.org\/#\/schema\/person\/d148888ccb6bb58067bc5f911f386b03\",\"name\":\"ligadmin\",\"image\":{\"@type\":\"ImageObject\",\"inLanguage\":\"en-US\",\"@id\":\"https:\/\/www.fondslesbien.org\/#\/schema\/person\/image\/\",\"url\":\"https:\/\/secure.gravatar.com\/avatar\/f20d8266393d7134439a3daf0fea758f?s=96&d=mm&r=g\",\"contentUrl\":\"https:\/\/secure.gravatar.com\/avatar\/f20d8266393d7134439a3daf0fea758f?s=96&d=mm&r=g\",\"caption\":\"ligadmin\"},\"url\":\"https:\/\/www.fondslesbien.org\/en\/author\/ligadmin\/\"}]}<\/script>\n<!-- \/ Yoast SEO plugin. -->","yoast_head_json":{"title":"Le Prix Lesbiennes d\u2019Int\u00e9r\u00eat G\u00e9n\u00e9ral 2017 attribu\u00e9 \u00e0 Faina Grossmann... &#8212; LIG","robots":{"index":"index","follow":"follow","max-snippet":"max-snippet:-1","max-image-preview":"max-image-preview:large","max-video-preview":"max-video-preview:-1"},"canonical":"https:\/\/www.fondslesbien.org\/prix-lesbienne-dinteret-general-2017-attribue-a-faina-grossmann\/","og_locale":"en_US","og_type":"article","og_title":"Le Prix Lesbiennes d\u2019Int\u00e9r\u00eat G\u00e9n\u00e9ral 2017 attribu\u00e9 \u00e0 Faina Grossmann... &#8212; LIG","og_url":"https:\/\/www.fondslesbien.org\/prix-lesbienne-dinteret-general-2017-attribue-a-faina-grossmann\/","og_site_name":"LIG","article_published_time":"2017-11-28T11:10:57+00:00","article_modified_time":"2018-03-10T19:04:16+00:00","og_image":[{"width":1500,"height":2102,"url":"https:\/\/www.fondslesbien.org\/wp-content\/uploads\/2017\/11\/Faina-Grossmann-2_2018.jpg","type":"image\/jpeg"}],"author":"ligadmin","twitter_card":"summary_large_image","twitter_misc":{"Written by":"ligadmin","Est. reading time":"1 minute"},"schema":{"@context":"https:\/\/schema.org","@graph":[{"@type":"Article","@id":"https:\/\/www.fondslesbien.org\/prix-lesbienne-dinteret-general-2017-attribue-a-faina-grossmann\/#article","isPartOf":{"@id":"https:\/\/www.fondslesbien.org\/prix-lesbienne-dinteret-general-2017-attribue-a-faina-grossmann\/"},"author":{"name":"ligadmin","@id":"https:\/\/www.fondslesbien.org\/#\/schema\/person\/d148888ccb6bb58067bc5f911f386b03"},"headline":"Le Prix Lesbiennes d\u2019Int\u00e9r\u00eat G\u00e9n\u00e9ral 2017 attribu\u00e9 \u00e0 Faina Grossmann&#8230;","datePublished":"2017-11-28T11:10:57+00:00","dateModified":"2018-03-10T19:04:16+00:00","mainEntityOfPage":{"@id":"https:\/\/www.fondslesbien.org\/prix-lesbienne-dinteret-general-2017-attribue-a-faina-grossmann\/"},"wordCount":132,"image":{"@id":"https:\/\/www.fondslesbien.org\/prix-lesbienne-dinteret-general-2017-attribue-a-faina-grossmann\/#primaryimage"},"thumbnailUrl":"https:\/\/www.fondslesbien.org\/wp-content\/uploads\/2017\/11\/Faina-Grossmann-2_2018.jpg","articleSection":["Projets soutenus"],"inLanguage":"en-US"},{"@type":"WebPage","@id":"https:\/\/www.fondslesbien.org\/prix-lesbienne-dinteret-general-2017-attribue-a-faina-grossmann\/","url":"https:\/\/www.fondslesbien.org\/prix-lesbienne-dinteret-general-2017-attribue-a-faina-grossmann\/","name":"Le Prix Lesbiennes d\u2019Int\u00e9r\u00eat G\u00e9n\u00e9ral 2017 attribu\u00e9 \u00e0 Faina Grossmann... &#8212; LIG","isPartOf":{"@id":"https:\/\/www.fondslesbien.org\/#website"},"primaryImageOfPage":{"@id":"https:\/\/www.fondslesbien.org\/prix-lesbienne-dinteret-general-2017-attribue-a-faina-grossmann\/#primaryimage"},"image":{"@id":"https:\/\/www.fondslesbien.org\/prix-lesbienne-dinteret-general-2017-attribue-a-faina-grossmann\/#primaryimage"},"thumbnailUrl":"https:\/\/www.fondslesbien.org\/wp-content\/uploads\/2017\/11\/Faina-Grossmann-2_2018.jpg","datePublished":"2017-11-28T11:10:57+00:00","dateModified":"2018-03-10T19:04:16+00:00","author":{"@id":"https:\/\/www.fondslesbien.org\/#\/schema\/person\/d148888ccb6bb58067bc5f911f386b03"},"breadcrumb":{"@id":"https:\/\/www.fondslesbien.org\/prix-lesbienne-dinteret-general-2017-attribue-a-faina-grossmann\/#breadcrumb"},"inLanguage":"en-US","potentialAction":[{"@type":"ReadAction","target":["https:\/\/www.fondslesbien.org\/prix-lesbienne-dinteret-general-2017-attribue-a-faina-grossmann\/"]}]},{"@type":"ImageObject","inLanguage":"en-US","@id":"https:\/\/www.fondslesbien.org\/prix-lesbienne-dinteret-general-2017-attribue-a-faina-grossmann\/#primaryimage","url":"https:\/\/www.fondslesbien.org\/wp-content\/uploads\/2017\/11\/Faina-Grossmann-2_2018.jpg","contentUrl":"https:\/\/www.fondslesbien.org\/wp-content\/uploads\/2017\/11\/Faina-Grossmann-2_2018.jpg","width":1500,"height":2102},{"@type":"BreadcrumbList","@id":"https:\/\/www.fondslesbien.org\/prix-lesbienne-dinteret-general-2017-attribue-a-faina-grossmann\/#breadcrumb","itemListElement":[{"@type":"ListItem","position":1,"name":"Home","item":"https:\/\/www.fondslesbien.org\/"},{"@type":"ListItem","position":2,"name":"Le Prix Lesbiennes d\u2019Int\u00e9r\u00eat G\u00e9n\u00e9ral 2017 attribu\u00e9 \u00e0 Faina Grossmann&#8230;"}]},{"@type":"WebSite","@id":"https:\/\/www.fondslesbien.org\/#website","url":"https:\/\/www.fondslesbien.org\/","name":"LIG","description":"Lesbiennes d\u2019Int\u00e9r\u00eat G\u00e9n\u00e9ral","potentialAction":[{"@type":"SearchAction","target":{"@type":"EntryPoint","urlTemplate":"https:\/\/www.fondslesbien.org\/?s={search_term_string}"},"query-input":{"@type":"PropertyValueSpecification","valueRequired":true,"valueName":"search_term_string"}}],"inLanguage":"en-US"},{"@type":"Person","@id":"https:\/\/www.fondslesbien.org\/#\/schema\/person\/d148888ccb6bb58067bc5f911f386b03","name":"ligadmin","image":{"@type":"ImageObject","inLanguage":"en-US","@id":"https:\/\/www.fondslesbien.org\/#\/schema\/person\/image\/","url":"https:\/\/secure.gravatar.com\/avatar\/f20d8266393d7134439a3daf0fea758f?s=96&d=mm&r=g","contentUrl":"https:\/\/secure.gravatar.com\/avatar\/f20d8266393d7134439a3daf0fea758f?s=96&d=mm&r=g","caption":"ligadmin"},"url":"https:\/\/www.fondslesbien.org\/en\/author\/ligadmin\/"}]}},"_links":{"self":[{"href":"https:\/\/www.fondslesbien.org\/en\/wp-json\/wp\/v2\/posts\/1312","targetHints":{"allow":["GET"]}}],"collection":[{"href":"https:\/\/www.fondslesbien.org\/en\/wp-json\/wp\/v2\/posts"}],"about":[{"href":"https:\/\/www.fondslesbien.org\/en\/wp-json\/wp\/v2\/types\/post"}],"author":[{"embeddable":true,"href":"https:\/\/www.fondslesbien.org\/en\/wp-json\/wp\/v2\/users\/1"}],"replies":[{"embeddable":true,"href":"https:\/\/www.fondslesbien.org\/en\/wp-json\/wp\/v2\/comments?post=1312"}],"version-history":[{"count":17,"href":"https:\/\/www.fondslesbien.org\/en\/wp-json\/wp\/v2\/posts\/1312\/revisions"}],"predecessor-version":[{"id":1552,"href":"https:\/\/www.fondslesbien.org\/en\/wp-json\/wp\/v2\/posts\/1312\/revisions\/1552"}],"wp:featuredmedia":[{"embeddable":true,"href":"https:\/\/www.fondslesbien.org\/en\/wp-json\/wp\/v2\/media\/1537"}],"wp:attachment":[{"href":"https:\/\/www.fondslesbien.org\/en\/wp-json\/wp\/v2\/media?parent=1312"}],"wp:term":[{"taxonomy":"category","embeddable":true,"href":"https:\/\/www.fondslesbien.org\/en\/wp-json\/wp\/v2\/categories?post=1312"},{"taxonomy":"post_tag","embeddable":true,"href":"https:\/\/www.fondslesbien.org\/en\/wp-json\/wp\/v2\/tags?post=1312"}],"curies":[{"name":"wp","href":"https:\/\/api.w.org\/{rel}","templated":true}]}}