{"id":1527,"date":"2018-02-18T14:36:08","date_gmt":"2018-02-18T14:36:08","guid":{"rendered":"https:\/\/www.fondslesbien.org\/?p=1527"},"modified":"2018-02-18T14:40:46","modified_gmt":"2018-02-18T14:40:46","slug":"evenement11mars","status":"publish","type":"post","link":"https:\/\/www.fondslesbien.org\/en\/evenement11mars\/","title":{"rendered":"Ev\u00e9nement Save the date 11 mars"},"content":{"rendered":"<p>Dimanche 11 mars de 16 \u00e0 19h, venez d\u00e9couvrir et soutenir la LIG &#8211; Lesbiennes d&#8217;Int\u00e9r\u00eat G\u00e9n\u00e9ral -, le 1er fonds de dotation lesbien de France cr\u00e9\u00e9 pour soutenir les lesbiennes, financer et d\u00e9cupler leurs initiatives, encourager leurs projets, susciter des vocations et agir pour leur affirmation individuelle et collective !<\/p>\n<p>A l&#8217;honneur et au programme, les premi\u00e8res donatrices et les premiers projets soutenus, les projets 2018, des performances, et des centaines de lesbiennes d\u00e9termin\u00e9es \u00e0 (se) donner encore plus de #power !<\/p>\n<p>La suite du programme dans quelques jours !<\/p>\n","protected":false},"excerpt":{"rendered":"<p>Dimanche 11 mars de 16 \u00e0 19h, venez d\u00e9couvrir et soutenir la LIG &#8211; Lesbiennes d&#8217;Int\u00e9r\u00eat G\u00e9n\u00e9ral -, le 1er fonds de dotation lesbien de France cr\u00e9\u00e9 pour soutenir les lesbiennes, financer et d\u00e9cupler leurs initiatives, encourager leurs projets, susciter des vocations et agir pour leur affirmation individuelle et collective ! A l&#8217;honneur et au&#8230;<\/p>\n","protected":false},"author":1,"featured_media":1534,"comment_status":"closed","ping_status":"open","sticky":false,"template":"","format":"standard","meta":{"footnotes":""},"categories":[1],"tags":[],"class_list":["post-1527","post","type-post","status-publish","format-standard","has-post-thumbnail","hentry","category-actualites"],"translation":{"provider":"WPGlobus","version":"3.0.2","language":"en","enabled_languages":["fr","en"],"languages":{"fr":{"title":true,"content":true,"excerpt":false},"en":{"title":false,"content":false,"excerpt":false}}},"yoast_head":"<!-- This site is optimized with the Yoast SEO plugin v26.8 - https:\/\/yoast.com\/product\/yoast-seo-wordpress\/ -->\n<title>Ev\u00e9nement Save the date 11 mars &#8212; LIG<\/title>\n<meta name=\"robots\" content=\"index, follow, max-snippet:-1, max-image-preview:large, max-video-preview:-1\" \/>\n<link rel=\"canonical\" href=\"https:\/\/www.fondslesbien.org\/evenement11mars\/\" \/>\n<meta property=\"og:locale\" content=\"en_US\" \/>\n<meta property=\"og:type\" content=\"article\" \/>\n<meta property=\"og:title\" content=\"Ev\u00e9nement Save the date 11 mars &#8212; LIG\" \/>\n<meta property=\"og:url\" content=\"https:\/\/www.fondslesbien.org\/evenement11mars\/\" \/>\n<meta property=\"og:site_name\" content=\"LIG\" \/>\n<meta property=\"article:published_time\" content=\"2018-02-18T14:36:08+00:00\" \/>\n<meta property=\"article:modified_time\" content=\"2018-02-18T14:40:46+00:00\" \/>\n<meta property=\"og:image\" content=\"https:\/\/www.fondslesbien.org\/wp-content\/uploads\/2018\/02\/bannieredef.jpg\" \/>\n\t<meta property=\"og:image:width\" content=\"1725\" \/>\n\t<meta property=\"og:image:height\" content=\"950\" \/>\n\t<meta property=\"og:image:type\" content=\"image\/jpeg\" \/>\n<meta name=\"author\" content=\"ligadmin\" \/>\n<meta name=\"twitter:card\" content=\"summary_large_image\" \/>\n<meta name=\"twitter:label1\" content=\"Written by\" \/>\n\t<meta name=\"twitter:data1\" content=\"ligadmin\" \/>\n<script type=\"application\/ld+json\" class=\"yoast-schema-graph\">{\"@context\":\"https:\/\/schema.org\",\"@graph\":[{\"@type\":\"Article\",\"@id\":\"https:\/\/www.fondslesbien.org\/evenement11mars\/#article\",\"isPartOf\":{\"@id\":\"https:\/\/www.fondslesbien.org\/evenement11mars\/\"},\"author\":{\"name\":\"ligadmin\",\"@id\":\"https:\/\/www.fondslesbien.org\/#\/schema\/person\/d148888ccb6bb58067bc5f911f386b03\"},\"headline\":\"Ev\u00e9nement Save the date 11 mars\",\"datePublished\":\"2018-02-18T14:36:08+00:00\",\"dateModified\":\"2018-02-18T14:40:46+00:00\",\"mainEntityOfPage\":{\"@id\":\"https:\/\/www.fondslesbien.org\/evenement11mars\/\"},\"wordCount\":100,\"image\":{\"@id\":\"https:\/\/www.fondslesbien.org\/evenement11mars\/#primaryimage\"},\"thumbnailUrl\":\"https:\/\/www.fondslesbien.org\/wp-content\/uploads\/2018\/02\/bannieredef.jpg\",\"articleSection\":[\"Actualit\u00e9s\"],\"inLanguage\":\"en-US\"},{\"@type\":\"WebPage\",\"@id\":\"https:\/\/www.fondslesbien.org\/evenement11mars\/\",\"url\":\"https:\/\/www.fondslesbien.org\/evenement11mars\/\",\"name\":\"Ev\u00e9nement Save the date 11 mars &#8212; LIG\",\"isPartOf\":{\"@id\":\"https:\/\/www.fondslesbien.org\/#website\"},\"primaryImageOfPage\":{\"@id\":\"https:\/\/www.fondslesbien.org\/evenement11mars\/#primaryimage\"},\"image\":{\"@id\":\"https:\/\/www.fondslesbien.org\/evenement11mars\/#primaryimage\"},\"thumbnailUrl\":\"https:\/\/www.fondslesbien.org\/wp-content\/uploads\/2018\/02\/bannieredef.jpg\",\"datePublished\":\"2018-02-18T14:36:08+00:00\",\"dateModified\":\"2018-02-18T14:40:46+00:00\",\"author\":{\"@id\":\"https:\/\/www.fondslesbien.org\/#\/schema\/person\/d148888ccb6bb58067bc5f911f386b03\"},\"breadcrumb\":{\"@id\":\"https:\/\/www.fondslesbien.org\/evenement11mars\/#breadcrumb\"},\"inLanguage\":\"en-US\",\"potentialAction\":[{\"@type\":\"ReadAction\",\"target\":[\"https:\/\/www.fondslesbien.org\/evenement11mars\/\"]}]},{\"@type\":\"ImageObject\",\"inLanguage\":\"en-US\",\"@id\":\"https:\/\/www.fondslesbien.org\/evenement11mars\/#primaryimage\",\"url\":\"https:\/\/www.fondslesbien.org\/wp-content\/uploads\/2018\/02\/bannieredef.jpg\",\"contentUrl\":\"https:\/\/www.fondslesbien.org\/wp-content\/uploads\/2018\/02\/bannieredef.jpg\",\"width\":1725,\"height\":950},{\"@type\":\"BreadcrumbList\",\"@id\":\"https:\/\/www.fondslesbien.org\/evenement11mars\/#breadcrumb\",\"itemListElement\":[{\"@type\":\"ListItem\",\"position\":1,\"name\":\"Home\",\"item\":\"https:\/\/www.fondslesbien.org\/\"},{\"@type\":\"ListItem\",\"position\":2,\"name\":\"Ev\u00e9nement Save the date 11 mars\"}]},{\"@type\":\"WebSite\",\"@id\":\"https:\/\/www.fondslesbien.org\/#website\",\"url\":\"https:\/\/www.fondslesbien.org\/\",\"name\":\"LIG\",\"description\":\"Lesbiennes d\u2019Int\u00e9r\u00eat G\u00e9n\u00e9ral\",\"potentialAction\":[{\"@type\":\"SearchAction\",\"target\":{\"@type\":\"EntryPoint\",\"urlTemplate\":\"https:\/\/www.fondslesbien.org\/?s={search_term_string}\"},\"query-input\":{\"@type\":\"PropertyValueSpecification\",\"valueRequired\":true,\"valueName\":\"search_term_string\"}}],\"inLanguage\":\"en-US\"},{\"@type\":\"Person\",\"@id\":\"https:\/\/www.fondslesbien.org\/#\/schema\/person\/d148888ccb6bb58067bc5f911f386b03\",\"name\":\"ligadmin\",\"image\":{\"@type\":\"ImageObject\",\"inLanguage\":\"en-US\",\"@id\":\"https:\/\/www.fondslesbien.org\/#\/schema\/person\/image\/\",\"url\":\"https:\/\/secure.gravatar.com\/avatar\/f20d8266393d7134439a3daf0fea758f?s=96&d=mm&r=g\",\"contentUrl\":\"https:\/\/secure.gravatar.com\/avatar\/f20d8266393d7134439a3daf0fea758f?s=96&d=mm&r=g\",\"caption\":\"ligadmin\"},\"url\":\"https:\/\/www.fondslesbien.org\/en\/author\/ligadmin\/\"}]}<\/script>\n<!-- \/ Yoast SEO plugin. -->","yoast_head_json":{"title":"Ev\u00e9nement Save the date 11 mars &#8212; LIG","robots":{"index":"index","follow":"follow","max-snippet":"max-snippet:-1","max-image-preview":"max-image-preview:large","max-video-preview":"max-video-preview:-1"},"canonical":"https:\/\/www.fondslesbien.org\/evenement11mars\/","og_locale":"en_US","og_type":"article","og_title":"Ev\u00e9nement Save the date 11 mars &#8212; LIG","og_url":"https:\/\/www.fondslesbien.org\/evenement11mars\/","og_site_name":"LIG","article_published_time":"2018-02-18T14:36:08+00:00","article_modified_time":"2018-02-18T14:40:46+00:00","og_image":[{"width":1725,"height":950,"url":"https:\/\/www.fondslesbien.org\/wp-content\/uploads\/2018\/02\/bannieredef.jpg","type":"image\/jpeg"}],"author":"ligadmin","twitter_card":"summary_large_image","twitter_misc":{"Written by":"ligadmin"},"schema":{"@context":"https:\/\/schema.org","@graph":[{"@type":"Article","@id":"https:\/\/www.fondslesbien.org\/evenement11mars\/#article","isPartOf":{"@id":"https:\/\/www.fondslesbien.org\/evenement11mars\/"},"author":{"name":"ligadmin","@id":"https:\/\/www.fondslesbien.org\/#\/schema\/person\/d148888ccb6bb58067bc5f911f386b03"},"headline":"Ev\u00e9nement Save the date 11 mars","datePublished":"2018-02-18T14:36:08+00:00","dateModified":"2018-02-18T14:40:46+00:00","mainEntityOfPage":{"@id":"https:\/\/www.fondslesbien.org\/evenement11mars\/"},"wordCount":100,"image":{"@id":"https:\/\/www.fondslesbien.org\/evenement11mars\/#primaryimage"},"thumbnailUrl":"https:\/\/www.fondslesbien.org\/wp-content\/uploads\/2018\/02\/bannieredef.jpg","articleSection":["Actualit\u00e9s"],"inLanguage":"en-US"},{"@type":"WebPage","@id":"https:\/\/www.fondslesbien.org\/evenement11mars\/","url":"https:\/\/www.fondslesbien.org\/evenement11mars\/","name":"Ev\u00e9nement Save the date 11 mars &#8212; LIG","isPartOf":{"@id":"https:\/\/www.fondslesbien.org\/#website"},"primaryImageOfPage":{"@id":"https:\/\/www.fondslesbien.org\/evenement11mars\/#primaryimage"},"image":{"@id":"https:\/\/www.fondslesbien.org\/evenement11mars\/#primaryimage"},"thumbnailUrl":"https:\/\/www.fondslesbien.org\/wp-content\/uploads\/2018\/02\/bannieredef.jpg","datePublished":"2018-02-18T14:36:08+00:00","dateModified":"2018-02-18T14:40:46+00:00","author":{"@id":"https:\/\/www.fondslesbien.org\/#\/schema\/person\/d148888ccb6bb58067bc5f911f386b03"},"breadcrumb":{"@id":"https:\/\/www.fondslesbien.org\/evenement11mars\/#breadcrumb"},"inLanguage":"en-US","potentialAction":[{"@type":"ReadAction","target":["https:\/\/www.fondslesbien.org\/evenement11mars\/"]}]},{"@type":"ImageObject","inLanguage":"en-US","@id":"https:\/\/www.fondslesbien.org\/evenement11mars\/#primaryimage","url":"https:\/\/www.fondslesbien.org\/wp-content\/uploads\/2018\/02\/bannieredef.jpg","contentUrl":"https:\/\/www.fondslesbien.org\/wp-content\/uploads\/2018\/02\/bannieredef.jpg","width":1725,"height":950},{"@type":"BreadcrumbList","@id":"https:\/\/www.fondslesbien.org\/evenement11mars\/#breadcrumb","itemListElement":[{"@type":"ListItem","position":1,"name":"Home","item":"https:\/\/www.fondslesbien.org\/"},{"@type":"ListItem","position":2,"name":"Ev\u00e9nement Save the date 11 mars"}]},{"@type":"WebSite","@id":"https:\/\/www.fondslesbien.org\/#website","url":"https:\/\/www.fondslesbien.org\/","name":"LIG","description":"Lesbiennes d\u2019Int\u00e9r\u00eat G\u00e9n\u00e9ral","potentialAction":[{"@type":"SearchAction","target":{"@type":"EntryPoint","urlTemplate":"https:\/\/www.fondslesbien.org\/?s={search_term_string}"},"query-input":{"@type":"PropertyValueSpecification","valueRequired":true,"valueName":"search_term_string"}}],"inLanguage":"en-US"},{"@type":"Person","@id":"https:\/\/www.fondslesbien.org\/#\/schema\/person\/d148888ccb6bb58067bc5f911f386b03","name":"ligadmin","image":{"@type":"ImageObject","inLanguage":"en-US","@id":"https:\/\/www.fondslesbien.org\/#\/schema\/person\/image\/","url":"https:\/\/secure.gravatar.com\/avatar\/f20d8266393d7134439a3daf0fea758f?s=96&d=mm&r=g","contentUrl":"https:\/\/secure.gravatar.com\/avatar\/f20d8266393d7134439a3daf0fea758f?s=96&d=mm&r=g","caption":"ligadmin"},"url":"https:\/\/www.fondslesbien.org\/en\/author\/ligadmin\/"}]}},"_links":{"self":[{"href":"https:\/\/www.fondslesbien.org\/en\/wp-json\/wp\/v2\/posts\/1527","targetHints":{"allow":["GET"]}}],"collection":[{"href":"https:\/\/www.fondslesbien.org\/en\/wp-json\/wp\/v2\/posts"}],"about":[{"href":"https:\/\/www.fondslesbien.org\/en\/wp-json\/wp\/v2\/types\/post"}],"author":[{"embeddable":true,"href":"https:\/\/www.fondslesbien.org\/en\/wp-json\/wp\/v2\/users\/1"}],"replies":[{"embeddable":true,"href":"https:\/\/www.fondslesbien.org\/en\/wp-json\/wp\/v2\/comments?post=1527"}],"version-history":[{"count":2,"href":"https:\/\/www.fondslesbien.org\/en\/wp-json\/wp\/v2\/posts\/1527\/revisions"}],"predecessor-version":[{"id":1606,"href":"https:\/\/www.fondslesbien.org\/en\/wp-json\/wp\/v2\/posts\/1527\/revisions\/1606"}],"wp:featuredmedia":[{"embeddable":true,"href":"https:\/\/www.fondslesbien.org\/en\/wp-json\/wp\/v2\/media\/1534"}],"wp:attachment":[{"href":"https:\/\/www.fondslesbien.org\/en\/wp-json\/wp\/v2\/media?parent=1527"}],"wp:term":[{"taxonomy":"category","embeddable":true,"href":"https:\/\/www.fondslesbien.org\/en\/wp-json\/wp\/v2\/categories?post=1527"},{"taxonomy":"post_tag","embeddable":true,"href":"https:\/\/www.fondslesbien.org\/en\/wp-json\/wp\/v2\/tags?post=1527"}],"curies":[{"name":"wp","href":"https:\/\/api.w.org\/{rel}","templated":true}]}}