{"id":153,"date":"2016-07-09T21:05:13","date_gmt":"2016-07-09T21:05:13","guid":{"rendered":"http:\/\/fondslesbien.org\/?p=153"},"modified":"2017-12-12T11:18:25","modified_gmt":"2017-12-12T11:18:25","slug":"salon-du-livre-lesbien-paris","status":"publish","type":"post","link":"https:\/\/www.fondslesbien.org\/en\/salon-du-livre-lesbien-paris\/","title":{"rendered":"Salon du livre lesbien \u2014 Paris"},"content":{"rendered":"<p>Stand et table-ronde au <a href=\"http:\/\/centrelgbtparis.org\/5e-salon-du-livre-lesbien-2012\">Salon du livre lesbien<\/a> le 9 juillet 2016 (Paris)<\/p>\n","protected":false},"excerpt":{"rendered":"<p>Stand et table-ronde au Salon du livre lesbien le 9 juillet 2016 (Paris)<\/p>\n","protected":false},"author":1,"featured_media":878,"comment_status":"open","ping_status":"open","sticky":false,"template":"","format":"standard","meta":{"footnotes":""},"categories":[1],"tags":[],"class_list":["post-153","post","type-post","status-publish","format-standard","has-post-thumbnail","hentry","category-actualites"],"translation":{"provider":"WPGlobus","version":"3.0.2","language":"en","enabled_languages":["fr","en"],"languages":{"fr":{"title":true,"content":true,"excerpt":false},"en":{"title":false,"content":false,"excerpt":false}}},"yoast_head":"<!-- This site is optimized with the Yoast SEO plugin v26.8 - https:\/\/yoast.com\/product\/yoast-seo-wordpress\/ -->\n<title>Salon du livre lesbien \u2014 Paris &#8212; LIG<\/title>\n<meta name=\"robots\" content=\"index, follow, max-snippet:-1, max-image-preview:large, max-video-preview:-1\" \/>\n<link rel=\"canonical\" href=\"https:\/\/www.fondslesbien.org\/salon-du-livre-lesbien-paris\/\" \/>\n<meta property=\"og:locale\" content=\"en_US\" \/>\n<meta property=\"og:type\" content=\"article\" \/>\n<meta property=\"og:title\" content=\"Salon du livre lesbien \u2014 Paris &#8212; LIG\" \/>\n<meta property=\"og:url\" content=\"https:\/\/www.fondslesbien.org\/salon-du-livre-lesbien-paris\/\" \/>\n<meta property=\"og:site_name\" content=\"LIG\" \/>\n<meta property=\"article:published_time\" content=\"2016-07-09T21:05:13+00:00\" \/>\n<meta property=\"article:modified_time\" content=\"2017-12-12T11:18:25+00:00\" \/>\n<meta property=\"og:image\" content=\"https:\/\/www.fondslesbien.org\/wp-content\/uploads\/2016\/07\/livre_paris.png\" \/>\n\t<meta property=\"og:image:width\" content=\"658\" \/>\n\t<meta property=\"og:image:height\" content=\"433\" \/>\n\t<meta property=\"og:image:type\" content=\"image\/png\" \/>\n<meta name=\"author\" content=\"ligadmin\" \/>\n<meta name=\"twitter:card\" content=\"summary_large_image\" \/>\n<meta name=\"twitter:label1\" content=\"Written by\" \/>\n\t<meta name=\"twitter:data1\" content=\"ligadmin\" \/>\n<script type=\"application\/ld+json\" class=\"yoast-schema-graph\">{\"@context\":\"https:\/\/schema.org\",\"@graph\":[{\"@type\":\"Article\",\"@id\":\"https:\/\/www.fondslesbien.org\/salon-du-livre-lesbien-paris\/#article\",\"isPartOf\":{\"@id\":\"https:\/\/www.fondslesbien.org\/salon-du-livre-lesbien-paris\/\"},\"author\":{\"name\":\"ligadmin\",\"@id\":\"https:\/\/www.fondslesbien.org\/#\/schema\/person\/d148888ccb6bb58067bc5f911f386b03\"},\"headline\":\"Salon du livre lesbien \u2014 Paris\",\"datePublished\":\"2016-07-09T21:05:13+00:00\",\"dateModified\":\"2017-12-12T11:18:25+00:00\",\"mainEntityOfPage\":{\"@id\":\"https:\/\/www.fondslesbien.org\/salon-du-livre-lesbien-paris\/\"},\"wordCount\":16,\"commentCount\":0,\"image\":{\"@id\":\"https:\/\/www.fondslesbien.org\/salon-du-livre-lesbien-paris\/#primaryimage\"},\"thumbnailUrl\":\"https:\/\/www.fondslesbien.org\/wp-content\/uploads\/2016\/07\/livre_paris.png\",\"articleSection\":[\"Actualit\u00e9s\"],\"inLanguage\":\"en-US\",\"potentialAction\":[{\"@type\":\"CommentAction\",\"name\":\"Comment\",\"target\":[\"https:\/\/www.fondslesbien.org\/salon-du-livre-lesbien-paris\/#respond\"]}]},{\"@type\":\"WebPage\",\"@id\":\"https:\/\/www.fondslesbien.org\/salon-du-livre-lesbien-paris\/\",\"url\":\"https:\/\/www.fondslesbien.org\/salon-du-livre-lesbien-paris\/\",\"name\":\"Salon du livre lesbien \u2014 Paris &#8212; LIG\",\"isPartOf\":{\"@id\":\"https:\/\/www.fondslesbien.org\/#website\"},\"primaryImageOfPage\":{\"@id\":\"https:\/\/www.fondslesbien.org\/salon-du-livre-lesbien-paris\/#primaryimage\"},\"image\":{\"@id\":\"https:\/\/www.fondslesbien.org\/salon-du-livre-lesbien-paris\/#primaryimage\"},\"thumbnailUrl\":\"https:\/\/www.fondslesbien.org\/wp-content\/uploads\/2016\/07\/livre_paris.png\",\"datePublished\":\"2016-07-09T21:05:13+00:00\",\"dateModified\":\"2017-12-12T11:18:25+00:00\",\"author\":{\"@id\":\"https:\/\/www.fondslesbien.org\/#\/schema\/person\/d148888ccb6bb58067bc5f911f386b03\"},\"breadcrumb\":{\"@id\":\"https:\/\/www.fondslesbien.org\/salon-du-livre-lesbien-paris\/#breadcrumb\"},\"inLanguage\":\"en-US\",\"potentialAction\":[{\"@type\":\"ReadAction\",\"target\":[\"https:\/\/www.fondslesbien.org\/salon-du-livre-lesbien-paris\/\"]}]},{\"@type\":\"ImageObject\",\"inLanguage\":\"en-US\",\"@id\":\"https:\/\/www.fondslesbien.org\/salon-du-livre-lesbien-paris\/#primaryimage\",\"url\":\"https:\/\/www.fondslesbien.org\/wp-content\/uploads\/2016\/07\/livre_paris.png\",\"contentUrl\":\"https:\/\/www.fondslesbien.org\/wp-content\/uploads\/2016\/07\/livre_paris.png\",\"width\":658,\"height\":433},{\"@type\":\"BreadcrumbList\",\"@id\":\"https:\/\/www.fondslesbien.org\/salon-du-livre-lesbien-paris\/#breadcrumb\",\"itemListElement\":[{\"@type\":\"ListItem\",\"position\":1,\"name\":\"Home\",\"item\":\"https:\/\/www.fondslesbien.org\/\"},{\"@type\":\"ListItem\",\"position\":2,\"name\":\"Salon du livre lesbien \u2014 Paris\"}]},{\"@type\":\"WebSite\",\"@id\":\"https:\/\/www.fondslesbien.org\/#website\",\"url\":\"https:\/\/www.fondslesbien.org\/\",\"name\":\"LIG\",\"description\":\"Lesbiennes d\u2019Int\u00e9r\u00eat G\u00e9n\u00e9ral\",\"potentialAction\":[{\"@type\":\"SearchAction\",\"target\":{\"@type\":\"EntryPoint\",\"urlTemplate\":\"https:\/\/www.fondslesbien.org\/?s={search_term_string}\"},\"query-input\":{\"@type\":\"PropertyValueSpecification\",\"valueRequired\":true,\"valueName\":\"search_term_string\"}}],\"inLanguage\":\"en-US\"},{\"@type\":\"Person\",\"@id\":\"https:\/\/www.fondslesbien.org\/#\/schema\/person\/d148888ccb6bb58067bc5f911f386b03\",\"name\":\"ligadmin\",\"image\":{\"@type\":\"ImageObject\",\"inLanguage\":\"en-US\",\"@id\":\"https:\/\/www.fondslesbien.org\/#\/schema\/person\/image\/\",\"url\":\"https:\/\/secure.gravatar.com\/avatar\/f20d8266393d7134439a3daf0fea758f?s=96&d=mm&r=g\",\"contentUrl\":\"https:\/\/secure.gravatar.com\/avatar\/f20d8266393d7134439a3daf0fea758f?s=96&d=mm&r=g\",\"caption\":\"ligadmin\"},\"url\":\"https:\/\/www.fondslesbien.org\/en\/author\/ligadmin\/\"}]}<\/script>\n<!-- \/ Yoast SEO plugin. -->","yoast_head_json":{"title":"Salon du livre lesbien \u2014 Paris &#8212; LIG","robots":{"index":"index","follow":"follow","max-snippet":"max-snippet:-1","max-image-preview":"max-image-preview:large","max-video-preview":"max-video-preview:-1"},"canonical":"https:\/\/www.fondslesbien.org\/salon-du-livre-lesbien-paris\/","og_locale":"en_US","og_type":"article","og_title":"Salon du livre lesbien \u2014 Paris &#8212; LIG","og_url":"https:\/\/www.fondslesbien.org\/salon-du-livre-lesbien-paris\/","og_site_name":"LIG","article_published_time":"2016-07-09T21:05:13+00:00","article_modified_time":"2017-12-12T11:18:25+00:00","og_image":[{"width":658,"height":433,"url":"https:\/\/www.fondslesbien.org\/wp-content\/uploads\/2016\/07\/livre_paris.png","type":"image\/png"}],"author":"ligadmin","twitter_card":"summary_large_image","twitter_misc":{"Written by":"ligadmin"},"schema":{"@context":"https:\/\/schema.org","@graph":[{"@type":"Article","@id":"https:\/\/www.fondslesbien.org\/salon-du-livre-lesbien-paris\/#article","isPartOf":{"@id":"https:\/\/www.fondslesbien.org\/salon-du-livre-lesbien-paris\/"},"author":{"name":"ligadmin","@id":"https:\/\/www.fondslesbien.org\/#\/schema\/person\/d148888ccb6bb58067bc5f911f386b03"},"headline":"Salon du livre lesbien \u2014 Paris","datePublished":"2016-07-09T21:05:13+00:00","dateModified":"2017-12-12T11:18:25+00:00","mainEntityOfPage":{"@id":"https:\/\/www.fondslesbien.org\/salon-du-livre-lesbien-paris\/"},"wordCount":16,"commentCount":0,"image":{"@id":"https:\/\/www.fondslesbien.org\/salon-du-livre-lesbien-paris\/#primaryimage"},"thumbnailUrl":"https:\/\/www.fondslesbien.org\/wp-content\/uploads\/2016\/07\/livre_paris.png","articleSection":["Actualit\u00e9s"],"inLanguage":"en-US","potentialAction":[{"@type":"CommentAction","name":"Comment","target":["https:\/\/www.fondslesbien.org\/salon-du-livre-lesbien-paris\/#respond"]}]},{"@type":"WebPage","@id":"https:\/\/www.fondslesbien.org\/salon-du-livre-lesbien-paris\/","url":"https:\/\/www.fondslesbien.org\/salon-du-livre-lesbien-paris\/","name":"Salon du livre lesbien \u2014 Paris &#8212; LIG","isPartOf":{"@id":"https:\/\/www.fondslesbien.org\/#website"},"primaryImageOfPage":{"@id":"https:\/\/www.fondslesbien.org\/salon-du-livre-lesbien-paris\/#primaryimage"},"image":{"@id":"https:\/\/www.fondslesbien.org\/salon-du-livre-lesbien-paris\/#primaryimage"},"thumbnailUrl":"https:\/\/www.fondslesbien.org\/wp-content\/uploads\/2016\/07\/livre_paris.png","datePublished":"2016-07-09T21:05:13+00:00","dateModified":"2017-12-12T11:18:25+00:00","author":{"@id":"https:\/\/www.fondslesbien.org\/#\/schema\/person\/d148888ccb6bb58067bc5f911f386b03"},"breadcrumb":{"@id":"https:\/\/www.fondslesbien.org\/salon-du-livre-lesbien-paris\/#breadcrumb"},"inLanguage":"en-US","potentialAction":[{"@type":"ReadAction","target":["https:\/\/www.fondslesbien.org\/salon-du-livre-lesbien-paris\/"]}]},{"@type":"ImageObject","inLanguage":"en-US","@id":"https:\/\/www.fondslesbien.org\/salon-du-livre-lesbien-paris\/#primaryimage","url":"https:\/\/www.fondslesbien.org\/wp-content\/uploads\/2016\/07\/livre_paris.png","contentUrl":"https:\/\/www.fondslesbien.org\/wp-content\/uploads\/2016\/07\/livre_paris.png","width":658,"height":433},{"@type":"BreadcrumbList","@id":"https:\/\/www.fondslesbien.org\/salon-du-livre-lesbien-paris\/#breadcrumb","itemListElement":[{"@type":"ListItem","position":1,"name":"Home","item":"https:\/\/www.fondslesbien.org\/"},{"@type":"ListItem","position":2,"name":"Salon du livre lesbien \u2014 Paris"}]},{"@type":"WebSite","@id":"https:\/\/www.fondslesbien.org\/#website","url":"https:\/\/www.fondslesbien.org\/","name":"LIG","description":"Lesbiennes d\u2019Int\u00e9r\u00eat G\u00e9n\u00e9ral","potentialAction":[{"@type":"SearchAction","target":{"@type":"EntryPoint","urlTemplate":"https:\/\/www.fondslesbien.org\/?s={search_term_string}"},"query-input":{"@type":"PropertyValueSpecification","valueRequired":true,"valueName":"search_term_string"}}],"inLanguage":"en-US"},{"@type":"Person","@id":"https:\/\/www.fondslesbien.org\/#\/schema\/person\/d148888ccb6bb58067bc5f911f386b03","name":"ligadmin","image":{"@type":"ImageObject","inLanguage":"en-US","@id":"https:\/\/www.fondslesbien.org\/#\/schema\/person\/image\/","url":"https:\/\/secure.gravatar.com\/avatar\/f20d8266393d7134439a3daf0fea758f?s=96&d=mm&r=g","contentUrl":"https:\/\/secure.gravatar.com\/avatar\/f20d8266393d7134439a3daf0fea758f?s=96&d=mm&r=g","caption":"ligadmin"},"url":"https:\/\/www.fondslesbien.org\/en\/author\/ligadmin\/"}]}},"_links":{"self":[{"href":"https:\/\/www.fondslesbien.org\/en\/wp-json\/wp\/v2\/posts\/153","targetHints":{"allow":["GET"]}}],"collection":[{"href":"https:\/\/www.fondslesbien.org\/en\/wp-json\/wp\/v2\/posts"}],"about":[{"href":"https:\/\/www.fondslesbien.org\/en\/wp-json\/wp\/v2\/types\/post"}],"author":[{"embeddable":true,"href":"https:\/\/www.fondslesbien.org\/en\/wp-json\/wp\/v2\/users\/1"}],"replies":[{"embeddable":true,"href":"https:\/\/www.fondslesbien.org\/en\/wp-json\/wp\/v2\/comments?post=153"}],"version-history":[{"count":5,"href":"https:\/\/www.fondslesbien.org\/en\/wp-json\/wp\/v2\/posts\/153\/revisions"}],"predecessor-version":[{"id":1435,"href":"https:\/\/www.fondslesbien.org\/en\/wp-json\/wp\/v2\/posts\/153\/revisions\/1435"}],"wp:featuredmedia":[{"embeddable":true,"href":"https:\/\/www.fondslesbien.org\/en\/wp-json\/wp\/v2\/media\/878"}],"wp:attachment":[{"href":"https:\/\/www.fondslesbien.org\/en\/wp-json\/wp\/v2\/media?parent=153"}],"wp:term":[{"taxonomy":"category","embeddable":true,"href":"https:\/\/www.fondslesbien.org\/en\/wp-json\/wp\/v2\/categories?post=153"},{"taxonomy":"post_tag","embeddable":true,"href":"https:\/\/www.fondslesbien.org\/en\/wp-json\/wp\/v2\/tags?post=153"}],"curies":[{"name":"wp","href":"https:\/\/api.w.org\/{rel}","templated":true}]}}