{"id":1554,"date":"2018-03-10T19:11:46","date_gmt":"2018-03-10T19:11:46","guid":{"rendered":"https:\/\/www.fondslesbien.org\/?p=1554"},"modified":"2018-12-02T18:57:58","modified_gmt":"2018-12-02T18:57:58","slug":"appel-projets-sante","status":"publish","type":"post","link":"https:\/\/www.fondslesbien.org\/en\/appel-projets-sante\/","title":{"rendered":"Appel \u00e0 projets \u00ab\u00a0Sant\u00e9 et visibilit\u00e9 des lesbiennes en France \u00bb."},"content":{"rendered":"<p><strong>Le Fonds de dotation LIG &#8211; Lesbiennes d\u2019int\u00e9r\u00eat g\u00e9n\u00e9ral, cr\u00e9\u00e9 en 2016, est le premier fonds de dotation fran\u00e7ais qui soutient des projets port\u00e9s par et pour des lesbiennes. Il lance pour l\u2019ann\u00e9e 2018 une collecte de fonds et un appel \u00e0 projets sp\u00e9cifiques sur le th\u00e8me \u00ab\u00a0Sant\u00e9 et visibilit\u00e9 des lesbiennes \u00bb.<\/strong><\/p>\n<p>Au sein de la LIG, nous faisons le constat que le champ m\u00e9dical se d\u00e9sint\u00e9resse tr\u00e8s largement des lesbiennes, ce qui compromet leur bonne sant\u00e9. En 2009 Clotilde\u00a0Genon, C\u00e9cile\u00a0Chartrain\u00a0et Coraline\u00a0Delebarre proposaient une analyse et une synth\u00e8se de la litt\u00e9rature internationale sur la sant\u00e9 des lesbiennes<a href=\"#_ftn1\" name=\"_ftnref1\">[1]<\/a> qui se concluait par une s\u00e9rie de recommandations toujours pertinentes aujourd\u2019hui.<\/p>\n<p>Lire la suite de <a href=\"https:\/\/www.fondslesbien.org\/deposer-un-projet\/\" target=\"_blank\" rel=\"noopener\">l&#8217;<strong>appel \u00e0 projets.\u00a0<\/strong><\/a><\/p>\n<p><a href=\"#_ftnref1\" name=\"_ftn1\">[1]<\/a> Clotilde\u00a0Genon, C\u00e9cile\u00a0Chartrain\u00a0et Coraline\u00a0Delebarre, \u00ab\u00a0Pour une promotion de la sant\u00e9 lesbienne\u00a0: \u00e9tat des lieux des recherches, enjeux et propositions\u00a0\u00bb,\u00a0<em>Genre, sexualit\u00e9 &amp; soci\u00e9t\u00e9<\/em>\u00a0[En ligne], 1\u00a0|\u00a0Printemps 2009, mis en ligne le 09 juillet 2009, consult\u00e9 le 25 f\u00e9vrier 2018. URL\u00a0: http:\/\/journals.openedition.org\/gss\/951\u00a0; DOI\u00a0: 10.4000\/gss.951<\/p>\n","protected":false},"excerpt":{"rendered":"<p>Le Fonds de dotation LIG &#8211; Lesbiennes d\u2019int\u00e9r\u00eat g\u00e9n\u00e9ral, cr\u00e9\u00e9 en 2016, est le premier fonds de dotation fran\u00e7ais qui soutient des projets port\u00e9s par et pour des lesbiennes. Il lance pour l\u2019ann\u00e9e 2018 une collecte de fonds et un appel \u00e0 projets sp\u00e9cifiques sur le th\u00e8me \u00ab\u00a0Sant\u00e9 et visibilit\u00e9 des lesbiennes \u00bb. Au sein&#8230;<\/p>\n","protected":false},"author":1,"featured_media":1548,"comment_status":"closed","ping_status":"open","sticky":false,"template":"","format":"standard","meta":{"footnotes":""},"categories":[21],"tags":[],"class_list":["post-1554","post","type-post","status-publish","format-standard","has-post-thumbnail","hentry","category-projets-soutenus"],"translation":{"provider":"WPGlobus","version":"3.0.2","language":"en","enabled_languages":["fr","en"],"languages":{"fr":{"title":true,"content":true,"excerpt":false},"en":{"title":false,"content":false,"excerpt":false}}},"yoast_head":"<!-- This site is optimized with the Yoast SEO plugin v26.8 - https:\/\/yoast.com\/product\/yoast-seo-wordpress\/ -->\n<title>Appel \u00e0 projets \u00ab\u00a0Sant\u00e9 et visibilit\u00e9 des lesbiennes en France \u00bb. &#8212; LIG<\/title>\n<meta name=\"robots\" content=\"index, follow, max-snippet:-1, max-image-preview:large, max-video-preview:-1\" \/>\n<link rel=\"canonical\" href=\"https:\/\/www.fondslesbien.org\/appel-projets-sante\/\" \/>\n<meta property=\"og:locale\" content=\"en_US\" \/>\n<meta property=\"og:type\" content=\"article\" \/>\n<meta property=\"og:title\" content=\"Appel \u00e0 projets \u00ab\u00a0Sant\u00e9 et visibilit\u00e9 des lesbiennes en France \u00bb. &#8212; LIG\" \/>\n<meta property=\"og:url\" content=\"https:\/\/www.fondslesbien.org\/appel-projets-sante\/\" \/>\n<meta property=\"og:site_name\" content=\"LIG\" \/>\n<meta property=\"article:published_time\" content=\"2018-03-10T19:11:46+00:00\" \/>\n<meta property=\"article:modified_time\" content=\"2018-12-02T18:57:58+00:00\" \/>\n<meta property=\"og:image\" content=\"https:\/\/www.fondslesbien.org\/wp-content\/uploads\/2018\/03\/AAP-e1520709095533.png\" \/>\n\t<meta property=\"og:image:width\" content=\"775\" \/>\n\t<meta property=\"og:image:height\" content=\"384\" \/>\n\t<meta property=\"og:image:type\" content=\"image\/png\" \/>\n<meta name=\"author\" content=\"ligadmin\" \/>\n<meta name=\"twitter:card\" content=\"summary_large_image\" \/>\n<meta name=\"twitter:label1\" content=\"Written by\" \/>\n\t<meta name=\"twitter:data1\" content=\"ligadmin\" \/>\n\t<meta name=\"twitter:label2\" content=\"Est. reading time\" \/>\n\t<meta name=\"twitter:data2\" content=\"1 minute\" \/>\n<script type=\"application\/ld+json\" class=\"yoast-schema-graph\">{\"@context\":\"https:\/\/schema.org\",\"@graph\":[{\"@type\":\"Article\",\"@id\":\"https:\/\/www.fondslesbien.org\/appel-projets-sante\/#article\",\"isPartOf\":{\"@id\":\"https:\/\/www.fondslesbien.org\/appel-projets-sante\/\"},\"author\":{\"name\":\"ligadmin\",\"@id\":\"https:\/\/www.fondslesbien.org\/#\/schema\/person\/d148888ccb6bb58067bc5f911f386b03\"},\"headline\":\"Appel \u00e0 projets \u00ab\u00a0Sant\u00e9 et visibilit\u00e9 des lesbiennes en France \u00bb.\",\"datePublished\":\"2018-03-10T19:11:46+00:00\",\"dateModified\":\"2018-12-02T18:57:58+00:00\",\"mainEntityOfPage\":{\"@id\":\"https:\/\/www.fondslesbien.org\/appel-projets-sante\/\"},\"wordCount\":192,\"image\":{\"@id\":\"https:\/\/www.fondslesbien.org\/appel-projets-sante\/#primaryimage\"},\"thumbnailUrl\":\"https:\/\/www.fondslesbien.org\/wp-content\/uploads\/2018\/03\/AAP-e1520709095533.png\",\"articleSection\":[\"Projets soutenus\"],\"inLanguage\":\"en-US\"},{\"@type\":\"WebPage\",\"@id\":\"https:\/\/www.fondslesbien.org\/appel-projets-sante\/\",\"url\":\"https:\/\/www.fondslesbien.org\/appel-projets-sante\/\",\"name\":\"Appel \u00e0 projets \u00ab\u00a0Sant\u00e9 et visibilit\u00e9 des lesbiennes en France \u00bb. &#8212; LIG\",\"isPartOf\":{\"@id\":\"https:\/\/www.fondslesbien.org\/#website\"},\"primaryImageOfPage\":{\"@id\":\"https:\/\/www.fondslesbien.org\/appel-projets-sante\/#primaryimage\"},\"image\":{\"@id\":\"https:\/\/www.fondslesbien.org\/appel-projets-sante\/#primaryimage\"},\"thumbnailUrl\":\"https:\/\/www.fondslesbien.org\/wp-content\/uploads\/2018\/03\/AAP-e1520709095533.png\",\"datePublished\":\"2018-03-10T19:11:46+00:00\",\"dateModified\":\"2018-12-02T18:57:58+00:00\",\"author\":{\"@id\":\"https:\/\/www.fondslesbien.org\/#\/schema\/person\/d148888ccb6bb58067bc5f911f386b03\"},\"breadcrumb\":{\"@id\":\"https:\/\/www.fondslesbien.org\/appel-projets-sante\/#breadcrumb\"},\"inLanguage\":\"en-US\",\"potentialAction\":[{\"@type\":\"ReadAction\",\"target\":[\"https:\/\/www.fondslesbien.org\/appel-projets-sante\/\"]}]},{\"@type\":\"ImageObject\",\"inLanguage\":\"en-US\",\"@id\":\"https:\/\/www.fondslesbien.org\/appel-projets-sante\/#primaryimage\",\"url\":\"https:\/\/www.fondslesbien.org\/wp-content\/uploads\/2018\/03\/AAP-e1520709095533.png\",\"contentUrl\":\"https:\/\/www.fondslesbien.org\/wp-content\/uploads\/2018\/03\/AAP-e1520709095533.png\",\"width\":775,\"height\":384},{\"@type\":\"BreadcrumbList\",\"@id\":\"https:\/\/www.fondslesbien.org\/appel-projets-sante\/#breadcrumb\",\"itemListElement\":[{\"@type\":\"ListItem\",\"position\":1,\"name\":\"Home\",\"item\":\"https:\/\/www.fondslesbien.org\/\"},{\"@type\":\"ListItem\",\"position\":2,\"name\":\"Appel \u00e0 projets \u00ab\u00a0Sant\u00e9 et visibilit\u00e9 des lesbiennes en France \u00bb.\"}]},{\"@type\":\"WebSite\",\"@id\":\"https:\/\/www.fondslesbien.org\/#website\",\"url\":\"https:\/\/www.fondslesbien.org\/\",\"name\":\"LIG\",\"description\":\"Lesbiennes d\u2019Int\u00e9r\u00eat G\u00e9n\u00e9ral\",\"potentialAction\":[{\"@type\":\"SearchAction\",\"target\":{\"@type\":\"EntryPoint\",\"urlTemplate\":\"https:\/\/www.fondslesbien.org\/?s={search_term_string}\"},\"query-input\":{\"@type\":\"PropertyValueSpecification\",\"valueRequired\":true,\"valueName\":\"search_term_string\"}}],\"inLanguage\":\"en-US\"},{\"@type\":\"Person\",\"@id\":\"https:\/\/www.fondslesbien.org\/#\/schema\/person\/d148888ccb6bb58067bc5f911f386b03\",\"name\":\"ligadmin\",\"image\":{\"@type\":\"ImageObject\",\"inLanguage\":\"en-US\",\"@id\":\"https:\/\/www.fondslesbien.org\/#\/schema\/person\/image\/\",\"url\":\"https:\/\/secure.gravatar.com\/avatar\/f20d8266393d7134439a3daf0fea758f?s=96&d=mm&r=g\",\"contentUrl\":\"https:\/\/secure.gravatar.com\/avatar\/f20d8266393d7134439a3daf0fea758f?s=96&d=mm&r=g\",\"caption\":\"ligadmin\"},\"url\":\"https:\/\/www.fondslesbien.org\/en\/author\/ligadmin\/\"}]}<\/script>\n<!-- \/ Yoast SEO plugin. -->","yoast_head_json":{"title":"Appel \u00e0 projets \u00ab\u00a0Sant\u00e9 et visibilit\u00e9 des lesbiennes en France \u00bb. &#8212; LIG","robots":{"index":"index","follow":"follow","max-snippet":"max-snippet:-1","max-image-preview":"max-image-preview:large","max-video-preview":"max-video-preview:-1"},"canonical":"https:\/\/www.fondslesbien.org\/appel-projets-sante\/","og_locale":"en_US","og_type":"article","og_title":"Appel \u00e0 projets \u00ab\u00a0Sant\u00e9 et visibilit\u00e9 des lesbiennes en France \u00bb. &#8212; LIG","og_url":"https:\/\/www.fondslesbien.org\/appel-projets-sante\/","og_site_name":"LIG","article_published_time":"2018-03-10T19:11:46+00:00","article_modified_time":"2018-12-02T18:57:58+00:00","og_image":[{"width":775,"height":384,"url":"https:\/\/www.fondslesbien.org\/wp-content\/uploads\/2018\/03\/AAP-e1520709095533.png","type":"image\/png"}],"author":"ligadmin","twitter_card":"summary_large_image","twitter_misc":{"Written by":"ligadmin","Est. reading time":"1 minute"},"schema":{"@context":"https:\/\/schema.org","@graph":[{"@type":"Article","@id":"https:\/\/www.fondslesbien.org\/appel-projets-sante\/#article","isPartOf":{"@id":"https:\/\/www.fondslesbien.org\/appel-projets-sante\/"},"author":{"name":"ligadmin","@id":"https:\/\/www.fondslesbien.org\/#\/schema\/person\/d148888ccb6bb58067bc5f911f386b03"},"headline":"Appel \u00e0 projets \u00ab\u00a0Sant\u00e9 et visibilit\u00e9 des lesbiennes en France \u00bb.","datePublished":"2018-03-10T19:11:46+00:00","dateModified":"2018-12-02T18:57:58+00:00","mainEntityOfPage":{"@id":"https:\/\/www.fondslesbien.org\/appel-projets-sante\/"},"wordCount":192,"image":{"@id":"https:\/\/www.fondslesbien.org\/appel-projets-sante\/#primaryimage"},"thumbnailUrl":"https:\/\/www.fondslesbien.org\/wp-content\/uploads\/2018\/03\/AAP-e1520709095533.png","articleSection":["Projets soutenus"],"inLanguage":"en-US"},{"@type":"WebPage","@id":"https:\/\/www.fondslesbien.org\/appel-projets-sante\/","url":"https:\/\/www.fondslesbien.org\/appel-projets-sante\/","name":"Appel \u00e0 projets \u00ab\u00a0Sant\u00e9 et visibilit\u00e9 des lesbiennes en France \u00bb. &#8212; LIG","isPartOf":{"@id":"https:\/\/www.fondslesbien.org\/#website"},"primaryImageOfPage":{"@id":"https:\/\/www.fondslesbien.org\/appel-projets-sante\/#primaryimage"},"image":{"@id":"https:\/\/www.fondslesbien.org\/appel-projets-sante\/#primaryimage"},"thumbnailUrl":"https:\/\/www.fondslesbien.org\/wp-content\/uploads\/2018\/03\/AAP-e1520709095533.png","datePublished":"2018-03-10T19:11:46+00:00","dateModified":"2018-12-02T18:57:58+00:00","author":{"@id":"https:\/\/www.fondslesbien.org\/#\/schema\/person\/d148888ccb6bb58067bc5f911f386b03"},"breadcrumb":{"@id":"https:\/\/www.fondslesbien.org\/appel-projets-sante\/#breadcrumb"},"inLanguage":"en-US","potentialAction":[{"@type":"ReadAction","target":["https:\/\/www.fondslesbien.org\/appel-projets-sante\/"]}]},{"@type":"ImageObject","inLanguage":"en-US","@id":"https:\/\/www.fondslesbien.org\/appel-projets-sante\/#primaryimage","url":"https:\/\/www.fondslesbien.org\/wp-content\/uploads\/2018\/03\/AAP-e1520709095533.png","contentUrl":"https:\/\/www.fondslesbien.org\/wp-content\/uploads\/2018\/03\/AAP-e1520709095533.png","width":775,"height":384},{"@type":"BreadcrumbList","@id":"https:\/\/www.fondslesbien.org\/appel-projets-sante\/#breadcrumb","itemListElement":[{"@type":"ListItem","position":1,"name":"Home","item":"https:\/\/www.fondslesbien.org\/"},{"@type":"ListItem","position":2,"name":"Appel \u00e0 projets \u00ab\u00a0Sant\u00e9 et visibilit\u00e9 des lesbiennes en France \u00bb."}]},{"@type":"WebSite","@id":"https:\/\/www.fondslesbien.org\/#website","url":"https:\/\/www.fondslesbien.org\/","name":"LIG","description":"Lesbiennes d\u2019Int\u00e9r\u00eat G\u00e9n\u00e9ral","potentialAction":[{"@type":"SearchAction","target":{"@type":"EntryPoint","urlTemplate":"https:\/\/www.fondslesbien.org\/?s={search_term_string}"},"query-input":{"@type":"PropertyValueSpecification","valueRequired":true,"valueName":"search_term_string"}}],"inLanguage":"en-US"},{"@type":"Person","@id":"https:\/\/www.fondslesbien.org\/#\/schema\/person\/d148888ccb6bb58067bc5f911f386b03","name":"ligadmin","image":{"@type":"ImageObject","inLanguage":"en-US","@id":"https:\/\/www.fondslesbien.org\/#\/schema\/person\/image\/","url":"https:\/\/secure.gravatar.com\/avatar\/f20d8266393d7134439a3daf0fea758f?s=96&d=mm&r=g","contentUrl":"https:\/\/secure.gravatar.com\/avatar\/f20d8266393d7134439a3daf0fea758f?s=96&d=mm&r=g","caption":"ligadmin"},"url":"https:\/\/www.fondslesbien.org\/en\/author\/ligadmin\/"}]}},"_links":{"self":[{"href":"https:\/\/www.fondslesbien.org\/en\/wp-json\/wp\/v2\/posts\/1554","targetHints":{"allow":["GET"]}}],"collection":[{"href":"https:\/\/www.fondslesbien.org\/en\/wp-json\/wp\/v2\/posts"}],"about":[{"href":"https:\/\/www.fondslesbien.org\/en\/wp-json\/wp\/v2\/types\/post"}],"author":[{"embeddable":true,"href":"https:\/\/www.fondslesbien.org\/en\/wp-json\/wp\/v2\/users\/1"}],"replies":[{"embeddable":true,"href":"https:\/\/www.fondslesbien.org\/en\/wp-json\/wp\/v2\/comments?post=1554"}],"version-history":[{"count":4,"href":"https:\/\/www.fondslesbien.org\/en\/wp-json\/wp\/v2\/posts\/1554\/revisions"}],"predecessor-version":[{"id":1879,"href":"https:\/\/www.fondslesbien.org\/en\/wp-json\/wp\/v2\/posts\/1554\/revisions\/1879"}],"wp:featuredmedia":[{"embeddable":true,"href":"https:\/\/www.fondslesbien.org\/en\/wp-json\/wp\/v2\/media\/1548"}],"wp:attachment":[{"href":"https:\/\/www.fondslesbien.org\/en\/wp-json\/wp\/v2\/media?parent=1554"}],"wp:term":[{"taxonomy":"category","embeddable":true,"href":"https:\/\/www.fondslesbien.org\/en\/wp-json\/wp\/v2\/categories?post=1554"},{"taxonomy":"post_tag","embeddable":true,"href":"https:\/\/www.fondslesbien.org\/en\/wp-json\/wp\/v2\/tags?post=1554"}],"curies":[{"name":"wp","href":"https:\/\/api.w.org\/{rel}","templated":true}]}}