{"id":1696,"date":"2018-05-24T22:00:59","date_gmt":"2018-05-24T22:00:59","guid":{"rendered":"https:\/\/www.fondslesbien.org\/?p=1696"},"modified":"2018-05-24T22:06:58","modified_gmt":"2018-05-24T22:06:58","slug":"rgpd-reglement-general-protection-donnees","status":"publish","type":"post","link":"https:\/\/www.fondslesbien.org\/en\/rgpd-reglement-general-protection-donnees\/","title":{"rendered":"RGPD &#8211; R\u00e8glement g\u00e9n\u00e9ral sur la protection des donn\u00e9es"},"content":{"rendered":"<p><img loading=\"lazy\" decoding=\"async\" class=\"alignnone size-full wp-image-1697\" src=\"https:\/\/www.fondslesbien.org\/wp-content\/uploads\/2018\/05\/rgpd_fr.jpg\" alt=\"\" width=\"788\" height=\"355\" srcset=\"https:\/\/www.fondslesbien.org\/wp-content\/uploads\/2018\/05\/rgpd_fr.jpg 788w, https:\/\/www.fondslesbien.org\/wp-content\/uploads\/2018\/05\/rgpd_fr-600x270.jpg 600w, https:\/\/www.fondslesbien.org\/wp-content\/uploads\/2018\/05\/rgpd_fr-300x135.jpg 300w, https:\/\/www.fondslesbien.org\/wp-content\/uploads\/2018\/05\/rgpd_fr-768x346.jpg 768w, https:\/\/www.fondslesbien.org\/wp-content\/uploads\/2018\/05\/rgpd_fr-580x261.jpg 580w\" sizes=\"auto, (max-width: 788px) 100vw, 788px\" \/><\/p>\n<p>Notre fonds de dotation entre dans le cadre de la dispense CNIL n\u00b0 8\u00a0de la loi informatique et libert\u00e9s concernant le traitement des donn\u00e9es personnelles mis en \u0153uvre par un organisme \u00e0 but non lucratif pour la gestion administrative des personnes donatrices.<\/p>\n<p>Nous n\u2019enregistrons que les donn\u00e9es relatives \u00e0 votre identit\u00e9 personnelle (nom, pr\u00e9nom, location g\u00e9ographique, courriel) et\/ou \u00e0 votre identit\u00e9 bancaire.<\/p>\n<p>Nous ne recueillons aucune donn\u00e9e sensible &#8211; origines raciales ou ethniques, opinions politiques, philosophiques ou religieuses, appartenance syndicale, \u00e9tat de sant\u00e9, vie sexuelle, infractions, condamnations ou mesure de justice, difficult\u00e9s sociales, num\u00e9ro de s\u00e9curit\u00e9 sociale &#8211; et ne c\u00e9dons aucune donn\u00e9e collect\u00e9e \u00e0 des tiers.<\/p>\n<p>Nous sommes en train de plancher sur le r\u00e8glement g\u00e9n\u00e9ral sur la protection des donn\u00e9es qui entre en vigueur le 25 mai 2018 afin de mettre nos documents et outils num\u00e9riques en conformit\u00e9.<\/p>\n<p>D\u2019ici l\u00e0, vous conservez la possibilit\u00e9 de nous signaler \u00e0 tout moment votre souhait de ne plus recevoir nos informations.<\/p>\n","protected":false},"excerpt":{"rendered":"<p>Notre fonds de dotation entre dans le cadre de la dispense CNIL n\u00b0 8\u00a0de la loi informatique et libert\u00e9s concernant le traitement des donn\u00e9es personnelles mis en \u0153uvre par un organisme \u00e0 but non lucratif pour la gestion administrative des personnes donatrices. Nous n\u2019enregistrons que les donn\u00e9es relatives \u00e0 votre identit\u00e9 personnelle (nom, pr\u00e9nom, location&#8230;<\/p>\n","protected":false},"author":2,"featured_media":1697,"comment_status":"closed","ping_status":"open","sticky":false,"template":"","format":"standard","meta":{"footnotes":""},"categories":[1],"tags":[],"class_list":["post-1696","post","type-post","status-publish","format-standard","has-post-thumbnail","hentry","category-actualites"],"translation":{"provider":"WPGlobus","version":"3.0.2","language":"en","enabled_languages":["fr","en"],"languages":{"fr":{"title":true,"content":true,"excerpt":false},"en":{"title":false,"content":false,"excerpt":false}}},"yoast_head":"<!-- This site is optimized with the Yoast SEO plugin v26.8 - https:\/\/yoast.com\/product\/yoast-seo-wordpress\/ -->\n<title>RGPD - R\u00e8glement g\u00e9n\u00e9ral sur la protection des donn\u00e9es &#8212; LIG<\/title>\n<meta name=\"robots\" content=\"index, follow, max-snippet:-1, max-image-preview:large, max-video-preview:-1\" \/>\n<link rel=\"canonical\" href=\"https:\/\/www.fondslesbien.org\/rgpd-reglement-general-protection-donnees\/\" \/>\n<meta property=\"og:locale\" content=\"en_US\" \/>\n<meta property=\"og:type\" content=\"article\" \/>\n<meta property=\"og:title\" content=\"RGPD - R\u00e8glement g\u00e9n\u00e9ral sur la protection des donn\u00e9es &#8212; LIG\" \/>\n<meta property=\"og:url\" content=\"https:\/\/www.fondslesbien.org\/rgpd-reglement-general-protection-donnees\/\" \/>\n<meta property=\"og:site_name\" content=\"LIG\" \/>\n<meta property=\"article:published_time\" content=\"2018-05-24T22:00:59+00:00\" \/>\n<meta property=\"article:modified_time\" content=\"2018-05-24T22:06:58+00:00\" \/>\n<meta property=\"og:image\" content=\"https:\/\/www.fondslesbien.org\/wp-content\/uploads\/2018\/05\/rgpd_fr.jpg\" \/>\n\t<meta property=\"og:image:width\" content=\"788\" \/>\n\t<meta property=\"og:image:height\" content=\"355\" \/>\n\t<meta property=\"og:image:type\" content=\"image\/jpeg\" \/>\n<meta name=\"author\" content=\"Veronica Noseda\" \/>\n<meta name=\"twitter:card\" content=\"summary_large_image\" \/>\n<meta name=\"twitter:label1\" content=\"Written by\" \/>\n\t<meta name=\"twitter:data1\" content=\"Veronica Noseda\" \/>\n\t<meta name=\"twitter:label2\" content=\"Est. reading time\" \/>\n\t<meta name=\"twitter:data2\" content=\"1 minute\" \/>\n<script type=\"application\/ld+json\" class=\"yoast-schema-graph\">{\"@context\":\"https:\/\/schema.org\",\"@graph\":[{\"@type\":\"Article\",\"@id\":\"https:\/\/www.fondslesbien.org\/rgpd-reglement-general-protection-donnees\/#article\",\"isPartOf\":{\"@id\":\"https:\/\/www.fondslesbien.org\/rgpd-reglement-general-protection-donnees\/\"},\"author\":{\"name\":\"Veronica Noseda\",\"@id\":\"https:\/\/www.fondslesbien.org\/#\/schema\/person\/9ab55cc49715d7721bb788dbd52174ec\"},\"headline\":\"RGPD &#8211; R\u00e8glement g\u00e9n\u00e9ral sur la protection des donn\u00e9es\",\"datePublished\":\"2018-05-24T22:00:59+00:00\",\"dateModified\":\"2018-05-24T22:06:58+00:00\",\"mainEntityOfPage\":{\"@id\":\"https:\/\/www.fondslesbien.org\/rgpd-reglement-general-protection-donnees\/\"},\"wordCount\":186,\"image\":{\"@id\":\"https:\/\/www.fondslesbien.org\/rgpd-reglement-general-protection-donnees\/#primaryimage\"},\"thumbnailUrl\":\"https:\/\/www.fondslesbien.org\/wp-content\/uploads\/2018\/05\/rgpd_fr.jpg\",\"articleSection\":[\"Actualit\u00e9s\"],\"inLanguage\":\"en-US\"},{\"@type\":\"WebPage\",\"@id\":\"https:\/\/www.fondslesbien.org\/rgpd-reglement-general-protection-donnees\/\",\"url\":\"https:\/\/www.fondslesbien.org\/rgpd-reglement-general-protection-donnees\/\",\"name\":\"RGPD - R\u00e8glement g\u00e9n\u00e9ral sur la protection des donn\u00e9es &#8212; LIG\",\"isPartOf\":{\"@id\":\"https:\/\/www.fondslesbien.org\/#website\"},\"primaryImageOfPage\":{\"@id\":\"https:\/\/www.fondslesbien.org\/rgpd-reglement-general-protection-donnees\/#primaryimage\"},\"image\":{\"@id\":\"https:\/\/www.fondslesbien.org\/rgpd-reglement-general-protection-donnees\/#primaryimage\"},\"thumbnailUrl\":\"https:\/\/www.fondslesbien.org\/wp-content\/uploads\/2018\/05\/rgpd_fr.jpg\",\"datePublished\":\"2018-05-24T22:00:59+00:00\",\"dateModified\":\"2018-05-24T22:06:58+00:00\",\"author\":{\"@id\":\"https:\/\/www.fondslesbien.org\/#\/schema\/person\/9ab55cc49715d7721bb788dbd52174ec\"},\"breadcrumb\":{\"@id\":\"https:\/\/www.fondslesbien.org\/rgpd-reglement-general-protection-donnees\/#breadcrumb\"},\"inLanguage\":\"en-US\",\"potentialAction\":[{\"@type\":\"ReadAction\",\"target\":[\"https:\/\/www.fondslesbien.org\/rgpd-reglement-general-protection-donnees\/\"]}]},{\"@type\":\"ImageObject\",\"inLanguage\":\"en-US\",\"@id\":\"https:\/\/www.fondslesbien.org\/rgpd-reglement-general-protection-donnees\/#primaryimage\",\"url\":\"https:\/\/www.fondslesbien.org\/wp-content\/uploads\/2018\/05\/rgpd_fr.jpg\",\"contentUrl\":\"https:\/\/www.fondslesbien.org\/wp-content\/uploads\/2018\/05\/rgpd_fr.jpg\",\"width\":788,\"height\":355},{\"@type\":\"BreadcrumbList\",\"@id\":\"https:\/\/www.fondslesbien.org\/rgpd-reglement-general-protection-donnees\/#breadcrumb\",\"itemListElement\":[{\"@type\":\"ListItem\",\"position\":1,\"name\":\"Home\",\"item\":\"https:\/\/www.fondslesbien.org\/\"},{\"@type\":\"ListItem\",\"position\":2,\"name\":\"RGPD &#8211; R\u00e8glement g\u00e9n\u00e9ral sur la protection des donn\u00e9es\"}]},{\"@type\":\"WebSite\",\"@id\":\"https:\/\/www.fondslesbien.org\/#website\",\"url\":\"https:\/\/www.fondslesbien.org\/\",\"name\":\"LIG\",\"description\":\"Lesbiennes d\u2019Int\u00e9r\u00eat G\u00e9n\u00e9ral\",\"potentialAction\":[{\"@type\":\"SearchAction\",\"target\":{\"@type\":\"EntryPoint\",\"urlTemplate\":\"https:\/\/www.fondslesbien.org\/?s={search_term_string}\"},\"query-input\":{\"@type\":\"PropertyValueSpecification\",\"valueRequired\":true,\"valueName\":\"search_term_string\"}}],\"inLanguage\":\"en-US\"},{\"@type\":\"Person\",\"@id\":\"https:\/\/www.fondslesbien.org\/#\/schema\/person\/9ab55cc49715d7721bb788dbd52174ec\",\"name\":\"Veronica Noseda\",\"image\":{\"@type\":\"ImageObject\",\"inLanguage\":\"en-US\",\"@id\":\"https:\/\/www.fondslesbien.org\/#\/schema\/person\/image\/\",\"url\":\"https:\/\/secure.gravatar.com\/avatar\/56a20513ad0e9ee8a12ca4e787476caa?s=96&d=mm&r=g\",\"contentUrl\":\"https:\/\/secure.gravatar.com\/avatar\/56a20513ad0e9ee8a12ca4e787476caa?s=96&d=mm&r=g\",\"caption\":\"Veronica Noseda\"},\"url\":\"https:\/\/www.fondslesbien.org\/en\/author\/yurilig\/\"}]}<\/script>\n<!-- \/ Yoast SEO plugin. -->","yoast_head_json":{"title":"RGPD - R\u00e8glement g\u00e9n\u00e9ral sur la protection des donn\u00e9es &#8212; LIG","robots":{"index":"index","follow":"follow","max-snippet":"max-snippet:-1","max-image-preview":"max-image-preview:large","max-video-preview":"max-video-preview:-1"},"canonical":"https:\/\/www.fondslesbien.org\/rgpd-reglement-general-protection-donnees\/","og_locale":"en_US","og_type":"article","og_title":"RGPD - R\u00e8glement g\u00e9n\u00e9ral sur la protection des donn\u00e9es &#8212; LIG","og_url":"https:\/\/www.fondslesbien.org\/rgpd-reglement-general-protection-donnees\/","og_site_name":"LIG","article_published_time":"2018-05-24T22:00:59+00:00","article_modified_time":"2018-05-24T22:06:58+00:00","og_image":[{"width":788,"height":355,"url":"https:\/\/www.fondslesbien.org\/wp-content\/uploads\/2018\/05\/rgpd_fr.jpg","type":"image\/jpeg"}],"author":"Veronica Noseda","twitter_card":"summary_large_image","twitter_misc":{"Written by":"Veronica Noseda","Est. reading time":"1 minute"},"schema":{"@context":"https:\/\/schema.org","@graph":[{"@type":"Article","@id":"https:\/\/www.fondslesbien.org\/rgpd-reglement-general-protection-donnees\/#article","isPartOf":{"@id":"https:\/\/www.fondslesbien.org\/rgpd-reglement-general-protection-donnees\/"},"author":{"name":"Veronica Noseda","@id":"https:\/\/www.fondslesbien.org\/#\/schema\/person\/9ab55cc49715d7721bb788dbd52174ec"},"headline":"RGPD &#8211; R\u00e8glement g\u00e9n\u00e9ral sur la protection des donn\u00e9es","datePublished":"2018-05-24T22:00:59+00:00","dateModified":"2018-05-24T22:06:58+00:00","mainEntityOfPage":{"@id":"https:\/\/www.fondslesbien.org\/rgpd-reglement-general-protection-donnees\/"},"wordCount":186,"image":{"@id":"https:\/\/www.fondslesbien.org\/rgpd-reglement-general-protection-donnees\/#primaryimage"},"thumbnailUrl":"https:\/\/www.fondslesbien.org\/wp-content\/uploads\/2018\/05\/rgpd_fr.jpg","articleSection":["Actualit\u00e9s"],"inLanguage":"en-US"},{"@type":"WebPage","@id":"https:\/\/www.fondslesbien.org\/rgpd-reglement-general-protection-donnees\/","url":"https:\/\/www.fondslesbien.org\/rgpd-reglement-general-protection-donnees\/","name":"RGPD - R\u00e8glement g\u00e9n\u00e9ral sur la protection des donn\u00e9es &#8212; LIG","isPartOf":{"@id":"https:\/\/www.fondslesbien.org\/#website"},"primaryImageOfPage":{"@id":"https:\/\/www.fondslesbien.org\/rgpd-reglement-general-protection-donnees\/#primaryimage"},"image":{"@id":"https:\/\/www.fondslesbien.org\/rgpd-reglement-general-protection-donnees\/#primaryimage"},"thumbnailUrl":"https:\/\/www.fondslesbien.org\/wp-content\/uploads\/2018\/05\/rgpd_fr.jpg","datePublished":"2018-05-24T22:00:59+00:00","dateModified":"2018-05-24T22:06:58+00:00","author":{"@id":"https:\/\/www.fondslesbien.org\/#\/schema\/person\/9ab55cc49715d7721bb788dbd52174ec"},"breadcrumb":{"@id":"https:\/\/www.fondslesbien.org\/rgpd-reglement-general-protection-donnees\/#breadcrumb"},"inLanguage":"en-US","potentialAction":[{"@type":"ReadAction","target":["https:\/\/www.fondslesbien.org\/rgpd-reglement-general-protection-donnees\/"]}]},{"@type":"ImageObject","inLanguage":"en-US","@id":"https:\/\/www.fondslesbien.org\/rgpd-reglement-general-protection-donnees\/#primaryimage","url":"https:\/\/www.fondslesbien.org\/wp-content\/uploads\/2018\/05\/rgpd_fr.jpg","contentUrl":"https:\/\/www.fondslesbien.org\/wp-content\/uploads\/2018\/05\/rgpd_fr.jpg","width":788,"height":355},{"@type":"BreadcrumbList","@id":"https:\/\/www.fondslesbien.org\/rgpd-reglement-general-protection-donnees\/#breadcrumb","itemListElement":[{"@type":"ListItem","position":1,"name":"Home","item":"https:\/\/www.fondslesbien.org\/"},{"@type":"ListItem","position":2,"name":"RGPD &#8211; R\u00e8glement g\u00e9n\u00e9ral sur la protection des donn\u00e9es"}]},{"@type":"WebSite","@id":"https:\/\/www.fondslesbien.org\/#website","url":"https:\/\/www.fondslesbien.org\/","name":"LIG","description":"Lesbiennes d\u2019Int\u00e9r\u00eat G\u00e9n\u00e9ral","potentialAction":[{"@type":"SearchAction","target":{"@type":"EntryPoint","urlTemplate":"https:\/\/www.fondslesbien.org\/?s={search_term_string}"},"query-input":{"@type":"PropertyValueSpecification","valueRequired":true,"valueName":"search_term_string"}}],"inLanguage":"en-US"},{"@type":"Person","@id":"https:\/\/www.fondslesbien.org\/#\/schema\/person\/9ab55cc49715d7721bb788dbd52174ec","name":"Veronica Noseda","image":{"@type":"ImageObject","inLanguage":"en-US","@id":"https:\/\/www.fondslesbien.org\/#\/schema\/person\/image\/","url":"https:\/\/secure.gravatar.com\/avatar\/56a20513ad0e9ee8a12ca4e787476caa?s=96&d=mm&r=g","contentUrl":"https:\/\/secure.gravatar.com\/avatar\/56a20513ad0e9ee8a12ca4e787476caa?s=96&d=mm&r=g","caption":"Veronica Noseda"},"url":"https:\/\/www.fondslesbien.org\/en\/author\/yurilig\/"}]}},"_links":{"self":[{"href":"https:\/\/www.fondslesbien.org\/en\/wp-json\/wp\/v2\/posts\/1696","targetHints":{"allow":["GET"]}}],"collection":[{"href":"https:\/\/www.fondslesbien.org\/en\/wp-json\/wp\/v2\/posts"}],"about":[{"href":"https:\/\/www.fondslesbien.org\/en\/wp-json\/wp\/v2\/types\/post"}],"author":[{"embeddable":true,"href":"https:\/\/www.fondslesbien.org\/en\/wp-json\/wp\/v2\/users\/2"}],"replies":[{"embeddable":true,"href":"https:\/\/www.fondslesbien.org\/en\/wp-json\/wp\/v2\/comments?post=1696"}],"version-history":[{"count":2,"href":"https:\/\/www.fondslesbien.org\/en\/wp-json\/wp\/v2\/posts\/1696\/revisions"}],"predecessor-version":[{"id":1701,"href":"https:\/\/www.fondslesbien.org\/en\/wp-json\/wp\/v2\/posts\/1696\/revisions\/1701"}],"wp:featuredmedia":[{"embeddable":true,"href":"https:\/\/www.fondslesbien.org\/en\/wp-json\/wp\/v2\/media\/1697"}],"wp:attachment":[{"href":"https:\/\/www.fondslesbien.org\/en\/wp-json\/wp\/v2\/media?parent=1696"}],"wp:term":[{"taxonomy":"category","embeddable":true,"href":"https:\/\/www.fondslesbien.org\/en\/wp-json\/wp\/v2\/categories?post=1696"},{"taxonomy":"post_tag","embeddable":true,"href":"https:\/\/www.fondslesbien.org\/en\/wp-json\/wp\/v2\/tags?post=1696"}],"curies":[{"name":"wp","href":"https:\/\/api.w.org\/{rel}","templated":true}]}}