{"id":1729,"date":"2018-10-09T11:14:22","date_gmt":"2018-10-09T11:14:22","guid":{"rendered":"https:\/\/www.fondslesbien.org\/?p=1729"},"modified":"2018-10-10T10:56:16","modified_gmt":"2018-10-10T10:56:16","slug":"toute-lesbienne-dinteret-general","status":"publish","type":"post","link":"https:\/\/www.fondslesbien.org\/en\/toute-lesbienne-dinteret-general\/","title":{"rendered":"Toute lesbienne est d&#8217;int\u00e9r\u00eat g\u00e9n\u00e9ral"},"content":{"rendered":"<p style=\"text-align: left;\"><strong><em>Lesbiennes d\u2019Int\u00e9r\u00eat G\u00e9n\u00e9ral. C\u2019est le nom que nous avons choisi de donner au premier fonds de dotation f\u00e9ministe et lesbien destin\u00e9 \u00e0 financer des projets par les lesbiennes, pour les lesbiennes.\u00a0Nous avons donc d\u00e9couvert avec surprise, mardi 3 octobre, que pour le Conseil d\u2019\u00c9tat, \u00eatre lesbienne n\u2019est pas d\u2019int\u00e9r\u00eat g\u00e9n\u00e9ral. Tout dans notre histoire, dans l\u2019histoire des lesbiennes, nous montre le contraire.<\/em><\/strong><\/p>\n<p style=\"text-align: center;\"><strong>Avis au Conseil d\u2019\u00c9tat\u00a0: Nous sommes toutes des Lesbiennes d\u2019int\u00e9r\u00eat g\u00e9n\u00e9ral\u00a0!<\/strong><\/p>\n<p>Le Conseil d\u2019\u00c9tat s\u2019est arrog\u00e9 les pouvoirs du Conseil constitutionnel dans sa d\u00e9cision rendue publique le 3 octobre, o\u00f9 il juge qu\u2019au regard de la procr\u00e9ation m\u00e9dicalement assist\u00e9e (PMA), les couples de lesbiennes seraient dans une \u00ab situation diff\u00e9rente \u00bb des femmes h\u00e9t\u00e9rosexuelles vivant en couple\u00a0h\u00e9t\u00e9rosexuel. Et donc, r\u00e9server la PMA aux couples h\u00e9t\u00e9rosexuels ne serait pas une rupture du principe d\u2019\u00e9galit\u00e9. Car, toujours selon le Conseil d\u2019\u00c9tat\u00a0: \u00ab\u00a0Le principe d&#8217;\u00e9galit\u00e9 ne s&#8217;oppose ni \u00e0 ce que l\u00e9gislateur r\u00e8gle de fa\u00e7on diff\u00e9rente des situations diff\u00e9rentes ni \u00e0 ce qu&#8217;il d\u00e9roge \u00e0 l&#8217;\u00e9galit\u00e9 pour des raisons d&#8217;int\u00e9r\u00eat g\u00e9n\u00e9ral\u00a0\u00bb. En d\u2019autres termes, r\u00e9server la PMA \u00e0 des couples h\u00e9t\u00e9rosexuels ne serait pas discriminatoire, puisque les couples de lesbiennes d\u00e9sirant avoir recours \u00e0 une PMA ne rel\u00e8vent pas de l\u2019int\u00e9r\u00eat g\u00e9n\u00e9ral.<\/p>\n<p>Le Conseil d\u2019\u00c9tat juge ainsi qu\u2019il est conforme \u00e0 ses principes de permettre d\u2019exercer une double discrimination envers les lesbiennes. Les lesbiennes sont discrimin\u00e9es en raison de leur \u00absituation\u00a0diff\u00e9rente\u00a0\u00bb, c\u2019est-\u00e0-dire de leur orientation sexuelle, qui les exclut de la PMA, et par dessus le march\u00e9, qui exclut \u00e9galement leur d\u00e9sir d\u2019y recourir de \u00ab\u00a0l\u2019int\u00e9r\u00eat g\u00e9n\u00e9ral\u00a0\u00bb. En d\u2019autres termes, nous ne sommes pas \u00ab\u00a0d\u2019int\u00e9r\u00eat g\u00e9n\u00e9ral\u00a0\u00bb en raison de notre orientation sexuelle.<\/p>\n<p>Or, c\u2019est bien pour ent\u00e9riner la pr\u00e9sence des lesbiennes dans le corps social et accro\u00eetre notre visibilit\u00e9 que nous avons d\u00e9cid\u00e9, en mars 2016, de constituer le fonds de dotation Lesbiennes d\u2019Int\u00e9r\u00eat G\u00e9n\u00e9ral-La LIG. Il ne s\u2019agissait pas d\u2019une boutade, ni d\u2019un calembour autour d\u2019un acronyme, mais bien d\u2019une d\u00e9claration : nous sommes ici, nous sommes lesbiennes et nous comptons dans la soci\u00e9t\u00e9.<\/p>\n<p>\u00c0 quel point\u00a0?<\/p>\n<p>Au point que l\u2019int\u00e9r\u00eat g\u00e9n\u00e9ral des lesbiennes figure en lettres capitales dans les statuts de la LIG, valid\u00e9s et enregistr\u00e9s par la pr\u00e9fecture de Paris-\u00cele-de-France et publi\u00e9s au Journal officiel. Au point que la LIG r\u00e9unit les trois crit\u00e8res qui d\u00e9terminent l\u2019int\u00e9r\u00eat g\u00e9n\u00e9ral aux yeux de l\u2019administration fiscale : activit\u00e9 non lucrative + gestion d\u00e9sint\u00e9ress\u00e9e + ne pas fonctionner au profit d\u2019un cercle restreint (= activit\u00e9s accessibles \u00e0 toute personne susceptible d\u2019\u00eatre int\u00e9ress\u00e9e). En cons\u00e9quence, chaque don \u00e0 la LIG ouvre \u00e0 une r\u00e9duction d\u2019imp\u00f4ts sur le revenu.<\/p>\n<p>Au point que la LIG a d\u00e9j\u00e0 pu financer une quinzaine de projets, gr\u00e2ce aux lesbiennes et leurs alli\u00e9\u00b7es qui, dans la mesure de leurs moyens, soutiennent les actions du fonds, et gr\u00e2ce aux lesbiennes qui d\u00e9cident de d\u00e9poser un projet.<\/p>\n<p>Au point que le nom du fonds de dotation, Lesbiennes d\u2019Int\u00e9r\u00eat G\u00e9n\u00e9ral, vient d\u2019\u00eatre repris comme mot d\u2019ordre par une organisation f\u00e9ministe nationale dans sa r\u00e9cente campagne pour l\u2019ouverture de la PMA \u00e0 toutes les femmes.<\/p>\n<p style=\"text-align: center;\">Nous ne sommes pas une \u00ab\u00a0situation diff\u00e9rente\u00a0\u00bb, nous sommes actrices de notre soci\u00e9t\u00e9.<\/p>\n<p style=\"text-align: center;\">Nous sommes toutes des Lesbiennes d\u2019Int\u00e9r\u00eat G\u00e9n\u00e9ral.<\/p>\n<p style=\"text-align: right;\">Catherine Facerias, Elisabeth Lebovici, Suzette Robichon<\/p>\n<p style=\"text-align: right;\">Membres fondatrices de la LIG<\/p>\n","protected":false},"excerpt":{"rendered":"<p>Lesbiennes d\u2019Int\u00e9r\u00eat G\u00e9n\u00e9ral. C\u2019est le nom que nous avons choisi de donner au premier fonds de dotation f\u00e9ministe et lesbien destin\u00e9 \u00e0 financer des projets par les lesbiennes, pour les lesbiennes.\u00a0Nous avons donc d\u00e9couvert avec surprise, mardi 3 octobre, que pour le Conseil d\u2019\u00c9tat, \u00eatre lesbienne n\u2019est pas d\u2019int\u00e9r\u00eat g\u00e9n\u00e9ral. Tout dans notre histoire, dans&#8230;<\/p>\n","protected":false},"author":2,"featured_media":1730,"comment_status":"closed","ping_status":"open","sticky":false,"template":"","format":"standard","meta":{"footnotes":""},"categories":[1],"tags":[],"class_list":["post-1729","post","type-post","status-publish","format-standard","has-post-thumbnail","hentry","category-actualites"],"translation":{"provider":"WPGlobus","version":"3.0.2","language":"en","enabled_languages":["fr","en"],"languages":{"fr":{"title":true,"content":true,"excerpt":false},"en":{"title":false,"content":false,"excerpt":false}}},"yoast_head":"<!-- This site is optimized with the Yoast SEO plugin v26.8 - https:\/\/yoast.com\/product\/yoast-seo-wordpress\/ -->\n<title>Toute lesbienne est d&#039;int\u00e9r\u00eat g\u00e9n\u00e9ral &#8212; LIG<\/title>\n<meta name=\"robots\" content=\"index, follow, max-snippet:-1, max-image-preview:large, max-video-preview:-1\" \/>\n<link rel=\"canonical\" href=\"https:\/\/www.fondslesbien.org\/toute-lesbienne-dinteret-general\/\" \/>\n<meta property=\"og:locale\" content=\"en_US\" \/>\n<meta property=\"og:type\" content=\"article\" \/>\n<meta property=\"og:title\" content=\"Toute lesbienne est d&#039;int\u00e9r\u00eat g\u00e9n\u00e9ral &#8212; LIG\" \/>\n<meta property=\"og:url\" content=\"https:\/\/www.fondslesbien.org\/toute-lesbienne-dinteret-general\/\" \/>\n<meta property=\"og:site_name\" content=\"LIG\" \/>\n<meta property=\"article:published_time\" content=\"2018-10-09T11:14:22+00:00\" \/>\n<meta property=\"article:modified_time\" content=\"2018-10-10T10:56:16+00:00\" \/>\n<meta property=\"og:image\" content=\"https:\/\/www.fondslesbien.org\/wp-content\/uploads\/2018\/10\/Badges-lig-1024x768.jpg\" \/>\n\t<meta property=\"og:image:width\" content=\"1024\" \/>\n\t<meta property=\"og:image:height\" content=\"768\" \/>\n\t<meta property=\"og:image:type\" content=\"image\/jpeg\" \/>\n<meta name=\"author\" content=\"Veronica Noseda\" \/>\n<meta name=\"twitter:card\" content=\"summary_large_image\" \/>\n<meta name=\"twitter:label1\" content=\"Written by\" \/>\n\t<meta name=\"twitter:data1\" content=\"Veronica Noseda\" \/>\n\t<meta name=\"twitter:label2\" content=\"Est. reading time\" \/>\n\t<meta name=\"twitter:data2\" content=\"3 minutes\" \/>\n<script type=\"application\/ld+json\" class=\"yoast-schema-graph\">{\"@context\":\"https:\/\/schema.org\",\"@graph\":[{\"@type\":\"Article\",\"@id\":\"https:\/\/www.fondslesbien.org\/toute-lesbienne-dinteret-general\/#article\",\"isPartOf\":{\"@id\":\"https:\/\/www.fondslesbien.org\/toute-lesbienne-dinteret-general\/\"},\"author\":{\"name\":\"Veronica Noseda\",\"@id\":\"https:\/\/www.fondslesbien.org\/#\/schema\/person\/9ab55cc49715d7721bb788dbd52174ec\"},\"headline\":\"Toute lesbienne est d&#8217;int\u00e9r\u00eat g\u00e9n\u00e9ral\",\"datePublished\":\"2018-10-09T11:14:22+00:00\",\"dateModified\":\"2018-10-10T10:56:16+00:00\",\"mainEntityOfPage\":{\"@id\":\"https:\/\/www.fondslesbien.org\/toute-lesbienne-dinteret-general\/\"},\"wordCount\":680,\"image\":{\"@id\":\"https:\/\/www.fondslesbien.org\/toute-lesbienne-dinteret-general\/#primaryimage\"},\"thumbnailUrl\":\"https:\/\/www.fondslesbien.org\/wp-content\/uploads\/2018\/10\/Badges-lig-scaled.jpg\",\"articleSection\":[\"Actualit\u00e9s\"],\"inLanguage\":\"en-US\"},{\"@type\":\"WebPage\",\"@id\":\"https:\/\/www.fondslesbien.org\/toute-lesbienne-dinteret-general\/\",\"url\":\"https:\/\/www.fondslesbien.org\/toute-lesbienne-dinteret-general\/\",\"name\":\"Toute lesbienne est d'int\u00e9r\u00eat g\u00e9n\u00e9ral &#8212; LIG\",\"isPartOf\":{\"@id\":\"https:\/\/www.fondslesbien.org\/#website\"},\"primaryImageOfPage\":{\"@id\":\"https:\/\/www.fondslesbien.org\/toute-lesbienne-dinteret-general\/#primaryimage\"},\"image\":{\"@id\":\"https:\/\/www.fondslesbien.org\/toute-lesbienne-dinteret-general\/#primaryimage\"},\"thumbnailUrl\":\"https:\/\/www.fondslesbien.org\/wp-content\/uploads\/2018\/10\/Badges-lig-scaled.jpg\",\"datePublished\":\"2018-10-09T11:14:22+00:00\",\"dateModified\":\"2018-10-10T10:56:16+00:00\",\"author\":{\"@id\":\"https:\/\/www.fondslesbien.org\/#\/schema\/person\/9ab55cc49715d7721bb788dbd52174ec\"},\"breadcrumb\":{\"@id\":\"https:\/\/www.fondslesbien.org\/toute-lesbienne-dinteret-general\/#breadcrumb\"},\"inLanguage\":\"en-US\",\"potentialAction\":[{\"@type\":\"ReadAction\",\"target\":[\"https:\/\/www.fondslesbien.org\/toute-lesbienne-dinteret-general\/\"]}]},{\"@type\":\"ImageObject\",\"inLanguage\":\"en-US\",\"@id\":\"https:\/\/www.fondslesbien.org\/toute-lesbienne-dinteret-general\/#primaryimage\",\"url\":\"https:\/\/www.fondslesbien.org\/wp-content\/uploads\/2018\/10\/Badges-lig-scaled.jpg\",\"contentUrl\":\"https:\/\/www.fondslesbien.org\/wp-content\/uploads\/2018\/10\/Badges-lig-scaled.jpg\",\"width\":2560,\"height\":1920},{\"@type\":\"BreadcrumbList\",\"@id\":\"https:\/\/www.fondslesbien.org\/toute-lesbienne-dinteret-general\/#breadcrumb\",\"itemListElement\":[{\"@type\":\"ListItem\",\"position\":1,\"name\":\"Home\",\"item\":\"https:\/\/www.fondslesbien.org\/\"},{\"@type\":\"ListItem\",\"position\":2,\"name\":\"Toute lesbienne est d&rsquo;int\u00e9r\u00eat g\u00e9n\u00e9ral\"}]},{\"@type\":\"WebSite\",\"@id\":\"https:\/\/www.fondslesbien.org\/#website\",\"url\":\"https:\/\/www.fondslesbien.org\/\",\"name\":\"LIG\",\"description\":\"Lesbiennes d\u2019Int\u00e9r\u00eat G\u00e9n\u00e9ral\",\"potentialAction\":[{\"@type\":\"SearchAction\",\"target\":{\"@type\":\"EntryPoint\",\"urlTemplate\":\"https:\/\/www.fondslesbien.org\/?s={search_term_string}\"},\"query-input\":{\"@type\":\"PropertyValueSpecification\",\"valueRequired\":true,\"valueName\":\"search_term_string\"}}],\"inLanguage\":\"en-US\"},{\"@type\":\"Person\",\"@id\":\"https:\/\/www.fondslesbien.org\/#\/schema\/person\/9ab55cc49715d7721bb788dbd52174ec\",\"name\":\"Veronica Noseda\",\"image\":{\"@type\":\"ImageObject\",\"inLanguage\":\"en-US\",\"@id\":\"https:\/\/www.fondslesbien.org\/#\/schema\/person\/image\/\",\"url\":\"https:\/\/secure.gravatar.com\/avatar\/56a20513ad0e9ee8a12ca4e787476caa?s=96&d=mm&r=g\",\"contentUrl\":\"https:\/\/secure.gravatar.com\/avatar\/56a20513ad0e9ee8a12ca4e787476caa?s=96&d=mm&r=g\",\"caption\":\"Veronica Noseda\"},\"url\":\"https:\/\/www.fondslesbien.org\/en\/author\/yurilig\/\"}]}<\/script>\n<!-- \/ Yoast SEO plugin. -->","yoast_head_json":{"title":"Toute lesbienne est d'int\u00e9r\u00eat g\u00e9n\u00e9ral &#8212; LIG","robots":{"index":"index","follow":"follow","max-snippet":"max-snippet:-1","max-image-preview":"max-image-preview:large","max-video-preview":"max-video-preview:-1"},"canonical":"https:\/\/www.fondslesbien.org\/toute-lesbienne-dinteret-general\/","og_locale":"en_US","og_type":"article","og_title":"Toute lesbienne est d'int\u00e9r\u00eat g\u00e9n\u00e9ral &#8212; LIG","og_url":"https:\/\/www.fondslesbien.org\/toute-lesbienne-dinteret-general\/","og_site_name":"LIG","article_published_time":"2018-10-09T11:14:22+00:00","article_modified_time":"2018-10-10T10:56:16+00:00","og_image":[{"width":1024,"height":768,"url":"https:\/\/www.fondslesbien.org\/wp-content\/uploads\/2018\/10\/Badges-lig-1024x768.jpg","type":"image\/jpeg"}],"author":"Veronica Noseda","twitter_card":"summary_large_image","twitter_misc":{"Written by":"Veronica Noseda","Est. reading time":"3 minutes"},"schema":{"@context":"https:\/\/schema.org","@graph":[{"@type":"Article","@id":"https:\/\/www.fondslesbien.org\/toute-lesbienne-dinteret-general\/#article","isPartOf":{"@id":"https:\/\/www.fondslesbien.org\/toute-lesbienne-dinteret-general\/"},"author":{"name":"Veronica Noseda","@id":"https:\/\/www.fondslesbien.org\/#\/schema\/person\/9ab55cc49715d7721bb788dbd52174ec"},"headline":"Toute lesbienne est d&#8217;int\u00e9r\u00eat g\u00e9n\u00e9ral","datePublished":"2018-10-09T11:14:22+00:00","dateModified":"2018-10-10T10:56:16+00:00","mainEntityOfPage":{"@id":"https:\/\/www.fondslesbien.org\/toute-lesbienne-dinteret-general\/"},"wordCount":680,"image":{"@id":"https:\/\/www.fondslesbien.org\/toute-lesbienne-dinteret-general\/#primaryimage"},"thumbnailUrl":"https:\/\/www.fondslesbien.org\/wp-content\/uploads\/2018\/10\/Badges-lig-scaled.jpg","articleSection":["Actualit\u00e9s"],"inLanguage":"en-US"},{"@type":"WebPage","@id":"https:\/\/www.fondslesbien.org\/toute-lesbienne-dinteret-general\/","url":"https:\/\/www.fondslesbien.org\/toute-lesbienne-dinteret-general\/","name":"Toute lesbienne est d'int\u00e9r\u00eat g\u00e9n\u00e9ral &#8212; LIG","isPartOf":{"@id":"https:\/\/www.fondslesbien.org\/#website"},"primaryImageOfPage":{"@id":"https:\/\/www.fondslesbien.org\/toute-lesbienne-dinteret-general\/#primaryimage"},"image":{"@id":"https:\/\/www.fondslesbien.org\/toute-lesbienne-dinteret-general\/#primaryimage"},"thumbnailUrl":"https:\/\/www.fondslesbien.org\/wp-content\/uploads\/2018\/10\/Badges-lig-scaled.jpg","datePublished":"2018-10-09T11:14:22+00:00","dateModified":"2018-10-10T10:56:16+00:00","author":{"@id":"https:\/\/www.fondslesbien.org\/#\/schema\/person\/9ab55cc49715d7721bb788dbd52174ec"},"breadcrumb":{"@id":"https:\/\/www.fondslesbien.org\/toute-lesbienne-dinteret-general\/#breadcrumb"},"inLanguage":"en-US","potentialAction":[{"@type":"ReadAction","target":["https:\/\/www.fondslesbien.org\/toute-lesbienne-dinteret-general\/"]}]},{"@type":"ImageObject","inLanguage":"en-US","@id":"https:\/\/www.fondslesbien.org\/toute-lesbienne-dinteret-general\/#primaryimage","url":"https:\/\/www.fondslesbien.org\/wp-content\/uploads\/2018\/10\/Badges-lig-scaled.jpg","contentUrl":"https:\/\/www.fondslesbien.org\/wp-content\/uploads\/2018\/10\/Badges-lig-scaled.jpg","width":2560,"height":1920},{"@type":"BreadcrumbList","@id":"https:\/\/www.fondslesbien.org\/toute-lesbienne-dinteret-general\/#breadcrumb","itemListElement":[{"@type":"ListItem","position":1,"name":"Home","item":"https:\/\/www.fondslesbien.org\/"},{"@type":"ListItem","position":2,"name":"Toute lesbienne est d&rsquo;int\u00e9r\u00eat g\u00e9n\u00e9ral"}]},{"@type":"WebSite","@id":"https:\/\/www.fondslesbien.org\/#website","url":"https:\/\/www.fondslesbien.org\/","name":"LIG","description":"Lesbiennes d\u2019Int\u00e9r\u00eat G\u00e9n\u00e9ral","potentialAction":[{"@type":"SearchAction","target":{"@type":"EntryPoint","urlTemplate":"https:\/\/www.fondslesbien.org\/?s={search_term_string}"},"query-input":{"@type":"PropertyValueSpecification","valueRequired":true,"valueName":"search_term_string"}}],"inLanguage":"en-US"},{"@type":"Person","@id":"https:\/\/www.fondslesbien.org\/#\/schema\/person\/9ab55cc49715d7721bb788dbd52174ec","name":"Veronica Noseda","image":{"@type":"ImageObject","inLanguage":"en-US","@id":"https:\/\/www.fondslesbien.org\/#\/schema\/person\/image\/","url":"https:\/\/secure.gravatar.com\/avatar\/56a20513ad0e9ee8a12ca4e787476caa?s=96&d=mm&r=g","contentUrl":"https:\/\/secure.gravatar.com\/avatar\/56a20513ad0e9ee8a12ca4e787476caa?s=96&d=mm&r=g","caption":"Veronica Noseda"},"url":"https:\/\/www.fondslesbien.org\/en\/author\/yurilig\/"}]}},"_links":{"self":[{"href":"https:\/\/www.fondslesbien.org\/en\/wp-json\/wp\/v2\/posts\/1729","targetHints":{"allow":["GET"]}}],"collection":[{"href":"https:\/\/www.fondslesbien.org\/en\/wp-json\/wp\/v2\/posts"}],"about":[{"href":"https:\/\/www.fondslesbien.org\/en\/wp-json\/wp\/v2\/types\/post"}],"author":[{"embeddable":true,"href":"https:\/\/www.fondslesbien.org\/en\/wp-json\/wp\/v2\/users\/2"}],"replies":[{"embeddable":true,"href":"https:\/\/www.fondslesbien.org\/en\/wp-json\/wp\/v2\/comments?post=1729"}],"version-history":[{"count":11,"href":"https:\/\/www.fondslesbien.org\/en\/wp-json\/wp\/v2\/posts\/1729\/revisions"}],"predecessor-version":[{"id":1741,"href":"https:\/\/www.fondslesbien.org\/en\/wp-json\/wp\/v2\/posts\/1729\/revisions\/1741"}],"wp:featuredmedia":[{"embeddable":true,"href":"https:\/\/www.fondslesbien.org\/en\/wp-json\/wp\/v2\/media\/1730"}],"wp:attachment":[{"href":"https:\/\/www.fondslesbien.org\/en\/wp-json\/wp\/v2\/media?parent=1729"}],"wp:term":[{"taxonomy":"category","embeddable":true,"href":"https:\/\/www.fondslesbien.org\/en\/wp-json\/wp\/v2\/categories?post=1729"},{"taxonomy":"post_tag","embeddable":true,"href":"https:\/\/www.fondslesbien.org\/en\/wp-json\/wp\/v2\/tags?post=1729"}],"curies":[{"name":"wp","href":"https:\/\/api.w.org\/{rel}","templated":true}]}}