{"id":2081,"date":"2020-05-01T16:33:25","date_gmt":"2020-05-01T14:33:25","guid":{"rendered":"https:\/\/www.fondslesbien.org\/?p=2081"},"modified":"2020-05-13T19:20:28","modified_gmt":"2020-05-13T17:20:28","slug":"covid-19-appel-a-dons-et-a-projets-pour-les-lesbiennes","status":"publish","type":"post","link":"https:\/\/www.fondslesbien.org\/en\/covid-19-appel-a-dons-et-a-projets-pour-les-lesbiennes\/","title":{"rendered":"Covid-19 : appel \u00e0 dons et \u00e0 projets pour les lesbiennes"},"content":{"rendered":"<h3><strong>Face \u00e0 l&#8217;\u00e9pid\u00e9mie, le fonds de dotation La LIG fait de l&#8217;aide aux lesbiennes en difficult\u00e9 sa priorit\u00e9, avec un appel \u00e0 dons et un appel \u00e0 projets d\u00e9di\u00e9s.\u00a0<\/strong><\/h3>\n<h4><strong>Appel \u00e0 dons<\/strong><\/h4>\n<h5>Les lesbiennes n\u2019apparaissent pas de fa\u00e7on visible dans l\u2019immensit\u00e9 des personnes touch\u00e9es par le coronavirus. Nous savons pourtant que nous sommes touch\u00e9es, que nombre d\u2019entre nous rencontrent de graves difficult\u00e9s. Il y a urgence. Il faut qu\u2019on s\u2019y mette, toutes. Car nous savons aussi que cet \u00e9tat des lieux va durer, au-del\u00e0 du d\u00e9confinement.<\/h5>\n<h5><strong>C\u2019est pourquoi la LIG a d\u00e9cid\u00e9 d\u2019orienter tous les dons re\u00e7us pendant les 45 prochains jours vers des <\/strong><strong>associations ou des projets lesbiens qui soutiennent les lesbiennes en difficult\u00e9.<\/strong><br \/>\nCliquez ici pour <a href=\"https:\/\/www.fondslesbien.org\/faire-un-don\/\">faire un don<\/a>.<\/h5>\n<h4><strong>Appel \u00e0 projets<\/strong><\/h4>\n<h5>Face \u00e0 l\u2019\u00e9pid\u00e9mie et gr\u00e2ce \u00e0 ses donatrices, <strong>la LIG met en place un financement d\u2019urgence pour aider <\/strong><strong>les initiatives lesbiennes<\/strong>.<\/h5>\n<h5>Beaucoup de lesbiennes \u0153uvrent depuis plusieurs semaines avec des moyens limit\u00e9s, voire b\u00e9n\u00e9volement, en donnant leur temps, leur \u00e9nergie, leurs \u00e9conomies.<\/h5>\n<h5>Vous avez d\u00e9j\u00e0 mis en place une action ou vous avez une id\u00e9e \u00e0 concr\u00e9tiser ? Envoyez-nous au plus vite vos projets \u2013 solidarit\u00e9s concr\u00e8tes, soutien psychologique, plateforme d\u2019information \u2026 \u2013 \u00e0\u00a0<a href=\"mailto:contactlig@fondslesbien.org\">contactlig@fondslesbien.org<\/a>.<\/h5>\n","protected":false},"excerpt":{"rendered":"<p>Face \u00e0 l&#8217;\u00e9pid\u00e9mie, le fonds de dotation La LIG fait de l&#8217;aide aux lesbiennes en difficult\u00e9 sa priorit\u00e9, avec un appel \u00e0 dons et un appel \u00e0 projets d\u00e9di\u00e9s.\u00a0 Appel \u00e0 dons Les lesbiennes n\u2019apparaissent pas de fa\u00e7on visible dans l\u2019immensit\u00e9 des personnes touch\u00e9es par le coronavirus. Nous savons pourtant que nous sommes touch\u00e9es, que&#8230;<\/p>\n","protected":false},"author":1,"featured_media":2079,"comment_status":"closed","ping_status":"open","sticky":false,"template":"","format":"standard","meta":{"footnotes":""},"categories":[1],"tags":[],"class_list":["post-2081","post","type-post","status-publish","format-standard","has-post-thumbnail","hentry","category-actualites"],"translation":{"provider":"WPGlobus","version":"3.0.2","language":"en","enabled_languages":["fr","en"],"languages":{"fr":{"title":true,"content":true,"excerpt":false},"en":{"title":false,"content":false,"excerpt":false}}},"yoast_head":"<!-- This site is optimized with the Yoast SEO plugin v26.8 - https:\/\/yoast.com\/product\/yoast-seo-wordpress\/ -->\n<title>Covid-19 : appel \u00e0 dons et \u00e0 projets pour les lesbiennes &#8212; LIG<\/title>\n<meta name=\"robots\" content=\"index, follow, max-snippet:-1, max-image-preview:large, max-video-preview:-1\" \/>\n<link rel=\"canonical\" href=\"https:\/\/www.fondslesbien.org\/covid-19-appel-a-dons-et-a-projets-pour-les-lesbiennes\/\" \/>\n<meta property=\"og:locale\" content=\"en_US\" \/>\n<meta property=\"og:type\" content=\"article\" \/>\n<meta property=\"og:title\" content=\"Covid-19 : appel \u00e0 dons et \u00e0 projets pour les lesbiennes &#8212; LIG\" \/>\n<meta property=\"og:url\" content=\"https:\/\/www.fondslesbien.org\/covid-19-appel-a-dons-et-a-projets-pour-les-lesbiennes\/\" \/>\n<meta property=\"og:site_name\" content=\"LIG\" \/>\n<meta property=\"article:published_time\" content=\"2020-05-01T14:33:25+00:00\" \/>\n<meta property=\"article:modified_time\" content=\"2020-05-13T17:20:28+00:00\" \/>\n<meta property=\"og:image\" content=\"https:\/\/www.fondslesbien.org\/wp-content\/uploads\/2020\/05\/LIG-visuel-Agir-ensemble.jpg\" \/>\n\t<meta property=\"og:image:width\" content=\"1747\" \/>\n\t<meta property=\"og:image:height\" content=\"1240\" \/>\n\t<meta property=\"og:image:type\" content=\"image\/jpeg\" \/>\n<meta name=\"author\" content=\"ligadmin\" \/>\n<meta name=\"twitter:card\" content=\"summary_large_image\" \/>\n<meta name=\"twitter:label1\" content=\"Written by\" \/>\n\t<meta name=\"twitter:data1\" content=\"ligadmin\" \/>\n\t<meta name=\"twitter:label2\" content=\"Est. reading time\" \/>\n\t<meta name=\"twitter:data2\" content=\"1 minute\" \/>\n<script type=\"application\/ld+json\" class=\"yoast-schema-graph\">{\"@context\":\"https:\/\/schema.org\",\"@graph\":[{\"@type\":\"Article\",\"@id\":\"https:\/\/www.fondslesbien.org\/covid-19-appel-a-dons-et-a-projets-pour-les-lesbiennes\/#article\",\"isPartOf\":{\"@id\":\"https:\/\/www.fondslesbien.org\/covid-19-appel-a-dons-et-a-projets-pour-les-lesbiennes\/\"},\"author\":{\"name\":\"ligadmin\",\"@id\":\"https:\/\/www.fondslesbien.org\/#\/schema\/person\/d148888ccb6bb58067bc5f911f386b03\"},\"headline\":\"Covid-19 : appel \u00e0 dons et \u00e0 projets pour les lesbiennes\",\"datePublished\":\"2020-05-01T14:33:25+00:00\",\"dateModified\":\"2020-05-13T17:20:28+00:00\",\"mainEntityOfPage\":{\"@id\":\"https:\/\/www.fondslesbien.org\/covid-19-appel-a-dons-et-a-projets-pour-les-lesbiennes\/\"},\"wordCount\":227,\"image\":{\"@id\":\"https:\/\/www.fondslesbien.org\/covid-19-appel-a-dons-et-a-projets-pour-les-lesbiennes\/#primaryimage\"},\"thumbnailUrl\":\"https:\/\/www.fondslesbien.org\/wp-content\/uploads\/2020\/05\/LIG-visuel-Agir-ensemble.jpg\",\"articleSection\":[\"Actualit\u00e9s\"],\"inLanguage\":\"en-US\"},{\"@type\":\"WebPage\",\"@id\":\"https:\/\/www.fondslesbien.org\/covid-19-appel-a-dons-et-a-projets-pour-les-lesbiennes\/\",\"url\":\"https:\/\/www.fondslesbien.org\/covid-19-appel-a-dons-et-a-projets-pour-les-lesbiennes\/\",\"name\":\"Covid-19 : appel \u00e0 dons et \u00e0 projets pour les lesbiennes &#8212; LIG\",\"isPartOf\":{\"@id\":\"https:\/\/www.fondslesbien.org\/#website\"},\"primaryImageOfPage\":{\"@id\":\"https:\/\/www.fondslesbien.org\/covid-19-appel-a-dons-et-a-projets-pour-les-lesbiennes\/#primaryimage\"},\"image\":{\"@id\":\"https:\/\/www.fondslesbien.org\/covid-19-appel-a-dons-et-a-projets-pour-les-lesbiennes\/#primaryimage\"},\"thumbnailUrl\":\"https:\/\/www.fondslesbien.org\/wp-content\/uploads\/2020\/05\/LIG-visuel-Agir-ensemble.jpg\",\"datePublished\":\"2020-05-01T14:33:25+00:00\",\"dateModified\":\"2020-05-13T17:20:28+00:00\",\"author\":{\"@id\":\"https:\/\/www.fondslesbien.org\/#\/schema\/person\/d148888ccb6bb58067bc5f911f386b03\"},\"description\":\"Face \u00e0 l'\u00e9pid\u00e9mie, le fonds de dotation La LIG fait de l'aide aux lesbiennes en difficult\u00e9 sa priorit\u00e9, avec un appel \u00e0 dons et un appel \u00e0 projets d\u00e9di\u00e9s.\u00a0\",\"breadcrumb\":{\"@id\":\"https:\/\/www.fondslesbien.org\/covid-19-appel-a-dons-et-a-projets-pour-les-lesbiennes\/#breadcrumb\"},\"inLanguage\":\"en-US\",\"potentialAction\":[{\"@type\":\"ReadAction\",\"target\":[\"https:\/\/www.fondslesbien.org\/covid-19-appel-a-dons-et-a-projets-pour-les-lesbiennes\/\"]}]},{\"@type\":\"ImageObject\",\"inLanguage\":\"en-US\",\"@id\":\"https:\/\/www.fondslesbien.org\/covid-19-appel-a-dons-et-a-projets-pour-les-lesbiennes\/#primaryimage\",\"url\":\"https:\/\/www.fondslesbien.org\/wp-content\/uploads\/2020\/05\/LIG-visuel-Agir-ensemble.jpg\",\"contentUrl\":\"https:\/\/www.fondslesbien.org\/wp-content\/uploads\/2020\/05\/LIG-visuel-Agir-ensemble.jpg\",\"width\":1747,\"height\":1240,\"caption\":\"LIG appel \u00e0 dons et projets Covid-19\"},{\"@type\":\"BreadcrumbList\",\"@id\":\"https:\/\/www.fondslesbien.org\/covid-19-appel-a-dons-et-a-projets-pour-les-lesbiennes\/#breadcrumb\",\"itemListElement\":[{\"@type\":\"ListItem\",\"position\":1,\"name\":\"Home\",\"item\":\"https:\/\/www.fondslesbien.org\/\"},{\"@type\":\"ListItem\",\"position\":2,\"name\":\"Covid-19 : appel \u00e0 dons et \u00e0 projets pour les lesbiennes\"}]},{\"@type\":\"WebSite\",\"@id\":\"https:\/\/www.fondslesbien.org\/#website\",\"url\":\"https:\/\/www.fondslesbien.org\/\",\"name\":\"LIG\",\"description\":\"Lesbiennes d\u2019Int\u00e9r\u00eat G\u00e9n\u00e9ral\",\"potentialAction\":[{\"@type\":\"SearchAction\",\"target\":{\"@type\":\"EntryPoint\",\"urlTemplate\":\"https:\/\/www.fondslesbien.org\/?s={search_term_string}\"},\"query-input\":{\"@type\":\"PropertyValueSpecification\",\"valueRequired\":true,\"valueName\":\"search_term_string\"}}],\"inLanguage\":\"en-US\"},{\"@type\":\"Person\",\"@id\":\"https:\/\/www.fondslesbien.org\/#\/schema\/person\/d148888ccb6bb58067bc5f911f386b03\",\"name\":\"ligadmin\",\"image\":{\"@type\":\"ImageObject\",\"inLanguage\":\"en-US\",\"@id\":\"https:\/\/www.fondslesbien.org\/#\/schema\/person\/image\/\",\"url\":\"https:\/\/secure.gravatar.com\/avatar\/f20d8266393d7134439a3daf0fea758f?s=96&d=mm&r=g\",\"contentUrl\":\"https:\/\/secure.gravatar.com\/avatar\/f20d8266393d7134439a3daf0fea758f?s=96&d=mm&r=g\",\"caption\":\"ligadmin\"},\"url\":\"https:\/\/www.fondslesbien.org\/en\/author\/ligadmin\/\"}]}<\/script>\n<!-- \/ Yoast SEO plugin. -->","yoast_head_json":{"title":"Covid-19 : appel \u00e0 dons et \u00e0 projets pour les lesbiennes &#8212; LIG","robots":{"index":"index","follow":"follow","max-snippet":"max-snippet:-1","max-image-preview":"max-image-preview:large","max-video-preview":"max-video-preview:-1"},"canonical":"https:\/\/www.fondslesbien.org\/covid-19-appel-a-dons-et-a-projets-pour-les-lesbiennes\/","og_locale":"en_US","og_type":"article","og_title":"Covid-19 : appel \u00e0 dons et \u00e0 projets pour les lesbiennes &#8212; LIG","og_url":"https:\/\/www.fondslesbien.org\/covid-19-appel-a-dons-et-a-projets-pour-les-lesbiennes\/","og_site_name":"LIG","article_published_time":"2020-05-01T14:33:25+00:00","article_modified_time":"2020-05-13T17:20:28+00:00","og_image":[{"width":1747,"height":1240,"url":"https:\/\/www.fondslesbien.org\/wp-content\/uploads\/2020\/05\/LIG-visuel-Agir-ensemble.jpg","type":"image\/jpeg"}],"author":"ligadmin","twitter_card":"summary_large_image","twitter_misc":{"Written by":"ligadmin","Est. reading time":"1 minute"},"schema":{"@context":"https:\/\/schema.org","@graph":[{"@type":"Article","@id":"https:\/\/www.fondslesbien.org\/covid-19-appel-a-dons-et-a-projets-pour-les-lesbiennes\/#article","isPartOf":{"@id":"https:\/\/www.fondslesbien.org\/covid-19-appel-a-dons-et-a-projets-pour-les-lesbiennes\/"},"author":{"name":"ligadmin","@id":"https:\/\/www.fondslesbien.org\/#\/schema\/person\/d148888ccb6bb58067bc5f911f386b03"},"headline":"Covid-19 : appel \u00e0 dons et \u00e0 projets pour les lesbiennes","datePublished":"2020-05-01T14:33:25+00:00","dateModified":"2020-05-13T17:20:28+00:00","mainEntityOfPage":{"@id":"https:\/\/www.fondslesbien.org\/covid-19-appel-a-dons-et-a-projets-pour-les-lesbiennes\/"},"wordCount":227,"image":{"@id":"https:\/\/www.fondslesbien.org\/covid-19-appel-a-dons-et-a-projets-pour-les-lesbiennes\/#primaryimage"},"thumbnailUrl":"https:\/\/www.fondslesbien.org\/wp-content\/uploads\/2020\/05\/LIG-visuel-Agir-ensemble.jpg","articleSection":["Actualit\u00e9s"],"inLanguage":"en-US"},{"@type":"WebPage","@id":"https:\/\/www.fondslesbien.org\/covid-19-appel-a-dons-et-a-projets-pour-les-lesbiennes\/","url":"https:\/\/www.fondslesbien.org\/covid-19-appel-a-dons-et-a-projets-pour-les-lesbiennes\/","name":"Covid-19 : appel \u00e0 dons et \u00e0 projets pour les lesbiennes &#8212; LIG","isPartOf":{"@id":"https:\/\/www.fondslesbien.org\/#website"},"primaryImageOfPage":{"@id":"https:\/\/www.fondslesbien.org\/covid-19-appel-a-dons-et-a-projets-pour-les-lesbiennes\/#primaryimage"},"image":{"@id":"https:\/\/www.fondslesbien.org\/covid-19-appel-a-dons-et-a-projets-pour-les-lesbiennes\/#primaryimage"},"thumbnailUrl":"https:\/\/www.fondslesbien.org\/wp-content\/uploads\/2020\/05\/LIG-visuel-Agir-ensemble.jpg","datePublished":"2020-05-01T14:33:25+00:00","dateModified":"2020-05-13T17:20:28+00:00","author":{"@id":"https:\/\/www.fondslesbien.org\/#\/schema\/person\/d148888ccb6bb58067bc5f911f386b03"},"description":"Face \u00e0 l'\u00e9pid\u00e9mie, le fonds de dotation La LIG fait de l'aide aux lesbiennes en difficult\u00e9 sa priorit\u00e9, avec un appel \u00e0 dons et un appel \u00e0 projets d\u00e9di\u00e9s.\u00a0","breadcrumb":{"@id":"https:\/\/www.fondslesbien.org\/covid-19-appel-a-dons-et-a-projets-pour-les-lesbiennes\/#breadcrumb"},"inLanguage":"en-US","potentialAction":[{"@type":"ReadAction","target":["https:\/\/www.fondslesbien.org\/covid-19-appel-a-dons-et-a-projets-pour-les-lesbiennes\/"]}]},{"@type":"ImageObject","inLanguage":"en-US","@id":"https:\/\/www.fondslesbien.org\/covid-19-appel-a-dons-et-a-projets-pour-les-lesbiennes\/#primaryimage","url":"https:\/\/www.fondslesbien.org\/wp-content\/uploads\/2020\/05\/LIG-visuel-Agir-ensemble.jpg","contentUrl":"https:\/\/www.fondslesbien.org\/wp-content\/uploads\/2020\/05\/LIG-visuel-Agir-ensemble.jpg","width":1747,"height":1240,"caption":"LIG appel \u00e0 dons et projets Covid-19"},{"@type":"BreadcrumbList","@id":"https:\/\/www.fondslesbien.org\/covid-19-appel-a-dons-et-a-projets-pour-les-lesbiennes\/#breadcrumb","itemListElement":[{"@type":"ListItem","position":1,"name":"Home","item":"https:\/\/www.fondslesbien.org\/"},{"@type":"ListItem","position":2,"name":"Covid-19 : appel \u00e0 dons et \u00e0 projets pour les lesbiennes"}]},{"@type":"WebSite","@id":"https:\/\/www.fondslesbien.org\/#website","url":"https:\/\/www.fondslesbien.org\/","name":"LIG","description":"Lesbiennes d\u2019Int\u00e9r\u00eat G\u00e9n\u00e9ral","potentialAction":[{"@type":"SearchAction","target":{"@type":"EntryPoint","urlTemplate":"https:\/\/www.fondslesbien.org\/?s={search_term_string}"},"query-input":{"@type":"PropertyValueSpecification","valueRequired":true,"valueName":"search_term_string"}}],"inLanguage":"en-US"},{"@type":"Person","@id":"https:\/\/www.fondslesbien.org\/#\/schema\/person\/d148888ccb6bb58067bc5f911f386b03","name":"ligadmin","image":{"@type":"ImageObject","inLanguage":"en-US","@id":"https:\/\/www.fondslesbien.org\/#\/schema\/person\/image\/","url":"https:\/\/secure.gravatar.com\/avatar\/f20d8266393d7134439a3daf0fea758f?s=96&d=mm&r=g","contentUrl":"https:\/\/secure.gravatar.com\/avatar\/f20d8266393d7134439a3daf0fea758f?s=96&d=mm&r=g","caption":"ligadmin"},"url":"https:\/\/www.fondslesbien.org\/en\/author\/ligadmin\/"}]}},"_links":{"self":[{"href":"https:\/\/www.fondslesbien.org\/en\/wp-json\/wp\/v2\/posts\/2081","targetHints":{"allow":["GET"]}}],"collection":[{"href":"https:\/\/www.fondslesbien.org\/en\/wp-json\/wp\/v2\/posts"}],"about":[{"href":"https:\/\/www.fondslesbien.org\/en\/wp-json\/wp\/v2\/types\/post"}],"author":[{"embeddable":true,"href":"https:\/\/www.fondslesbien.org\/en\/wp-json\/wp\/v2\/users\/1"}],"replies":[{"embeddable":true,"href":"https:\/\/www.fondslesbien.org\/en\/wp-json\/wp\/v2\/comments?post=2081"}],"version-history":[{"count":7,"href":"https:\/\/www.fondslesbien.org\/en\/wp-json\/wp\/v2\/posts\/2081\/revisions"}],"predecessor-version":[{"id":2102,"href":"https:\/\/www.fondslesbien.org\/en\/wp-json\/wp\/v2\/posts\/2081\/revisions\/2102"}],"wp:featuredmedia":[{"embeddable":true,"href":"https:\/\/www.fondslesbien.org\/en\/wp-json\/wp\/v2\/media\/2079"}],"wp:attachment":[{"href":"https:\/\/www.fondslesbien.org\/en\/wp-json\/wp\/v2\/media?parent=2081"}],"wp:term":[{"taxonomy":"category","embeddable":true,"href":"https:\/\/www.fondslesbien.org\/en\/wp-json\/wp\/v2\/categories?post=2081"},{"taxonomy":"post_tag","embeddable":true,"href":"https:\/\/www.fondslesbien.org\/en\/wp-json\/wp\/v2\/tags?post=2081"}],"curies":[{"name":"wp","href":"https:\/\/api.w.org\/{rel}","templated":true}]}}