{"id":2110,"date":"2021-12-20T12:18:16","date_gmt":"2021-12-20T11:18:16","guid":{"rendered":"https:\/\/www.fondslesbien.org\/?p=2110"},"modified":"2022-04-27T14:22:41","modified_gmt":"2022-04-27T12:22:41","slug":"une-chambre-a-soi","status":"publish","type":"post","link":"https:\/\/www.fondslesbien.org\/en\/une-chambre-a-soi\/","title":{"rendered":"Une Chambre \u00e0 Soi"},"content":{"rendered":"<p><span style=\"font-size: medium;\">Depuis sa cr\u00e9ation et avec votre appui, la LIG soutient des projets d&#8217;accueil des lesbiennes r\u00e9fugi\u00e9es. En cette fin d&#8217;ann\u00e9e, la LIG souhaite soutenir &#8220;Une Chambre \u00e0 soi&#8221;, un projet port\u00e9 par le Front d&#8217;Habitat Lesbien (FHL) <strong>*<\/strong>. <\/span><\/p>\n<p><span style=\"font-size: medium;\">Cr\u00e9\u00e9 l&#8217;ann\u00e9e derni\u00e8re, le FHL a r\u00e9ussi \u00e0 mettre en place un appartement en non-mixit\u00e9 dans un immeuble r\u00e9gi par la mairie de Paris. Il abrite, depuis octobre, trois lesbiennes ivoiriennes en attente de statut. Cet accueil s&#8217;acompagne d&#8217;un suivi social et psychologique professionnel et r\u00e9mun\u00e9r\u00e9, avec pr\u00e9sence sur site et accompagnement des r\u00e9sidentes dans leurs d\u00e9marches administratives, leur acc\u00e8s aux droits et \u00e0 l&#8217;emploi. Le soutien psychologique est rendu possible gr\u00e2ce \u00e0 un partenariat avec le Comede (Comit\u00e9 pour la sant\u00e9 des exil\u00e9s, o\u00f9 travaille l\u2019une des membres de FHL) qui propose maintenant des temps d&#8217;accueil sp\u00e9cifiques et gratuits d\u00e9di\u00e9s aux personnes LGBT+. <\/span><\/p>\n<p><span style=\"font-size: medium;\">Le FHL pr\u00e9pare \u00e9galement un panel d&#8217;activit\u00e9s (chant, foot, visites guid\u00e9es de Paris, et tout ce qui passera par les t\u00eates des r\u00e9sidentes). C&#8217;est l\u00e0 que la LIG a besoin de vous, pour assurer le maintien de l&#8217;appartement et de ses activit\u00e9s, pour que cet habitat se d\u00e9veloppe, pour que demain d\u2019autres Chambres \u00e0 soi puissent exister. <\/span><\/p>\n<p style=\"text-align: center;\"><span style=\"font-size: medium;\">Soyez avec nous \u00e0 leurs c\u00f4t\u00e9s ! <a href=\"https:\/\/www.fondslesbien.org\/faire-un-don\/\" target=\"_blank\" rel=\"noopener noreferrer\">Faites un don<\/a> qui ira directement au soutien de ce projet.<\/span><\/p>\n<blockquote><p><span style=\"color: #000000;\"><span style=\"font-family: Times, serif;\"><span style=\"font-size: medium;\"><strong>*<\/strong> Le Front d&#8217;Habitat Lesbien (FHL) est n\u00e9 comme une soir\u00e9e improvis\u00e9e : on ne l&#8217;avait pas pr\u00e9vu et puis voil\u00e0 qu&#8217;on se retrouve, voil\u00e0 qu&#8217;on s&#8217;amuse et voil\u00e0 qu&#8217;on milite. Ce \u00ab on \u00bb, c&#8217;est un savoureux m\u00e9lange de gouines, un peu foot-bracelet-porte-bonheur, un peu f\u00e9tiche-cuir-partout-police-nulle-part, un peu emo, un peu intello, un peu bikeuses.<\/span><\/span><\/span><\/p>\n<p><span style=\"color: #000000;\"><span style=\"font-family: Times, serif;\"><span style=\"font-size: medium;\">On est parties d&#8217;un constat simple : depuis le d\u00e9but de la pand\u00e9mie li\u00e9e au Covid-19, on \u00e9tait nombreuses, sans se conna\u00eetre, \u00e0 rechercher de mani\u00e8re encore plus intense des h\u00e9bergements de fortune, \u00e0 se d\u00e9brouiller pour essayer d&#8217;accueillir des lesbiennes exil\u00e9es dans un contexte d\u2019ins\u00e9curit\u00e9 et de panique montante. On s&#8217;est rencontr\u00e9es et on a tir\u00e9 la sonnette d&#8217;alarme.<\/span><\/span><\/span><\/p>\n<p><span style=\"color: #000000;\"><span style=\"font-family: Times, serif;\"><span style=\"font-size: medium;\">Apr\u00e8s quelques rendez-vous avec la Mairie de Paris, on a accept\u00e9 la proposition de prendre en gestion l&#8217;ouverture d&#8217;une collocation de lesbiennes exil\u00e9es. Ainsi est n\u00e9e Une Chambre \u00e0 soi. Ouais, \u00e7a claque comme nom !<\/span><\/span><\/span><\/p>\n<p><span style=\"color: #000000;\"><span style=\"font-family: Times, serif;\"><span style=\"font-size: medium;\">On a donc r\u00e9cup\u00e9r\u00e9 un appartement de la RIVP, dans le 9\u00e8me arrondissement, qui h\u00e9berge depuis peu trois lesbiennes r\u00e9fugi\u00e9es. On a pos\u00e9 des cloisons, refait les peintures, achet\u00e9 des meubles, lou\u00e9 des camions pour rapporter les meubles, charg\u00e9 des tapis, command\u00e9 des sets de tables et des rideaux de douche. On a ouvert les contrats gaz, \u00e9lectricit\u00e9, assurances, internet, achet\u00e9 de l\u2019\u00e9lectrom\u00e9nager et des luminaires, on a perc\u00e9, assembl\u00e9, rassembl\u00e9. On a mis le paquet pour que les trois r\u00e9sidentes se sentent \u00e0 la maison. Elles sont arriv\u00e9es dans les lieux il y a \u00e0 peine un mois et d&#8217;apr\u00e8s leurs retours, c&#8217;est le cas. Alors on est aux anges mais il reste encore \u00e0 faire. Merci d&#8217;aider le FHL \u00e0 continuer !<\/span><\/span><\/span><\/p><\/blockquote>\n","protected":false},"excerpt":{"rendered":"<p>Depuis sa cr\u00e9ation et avec votre appui, la LIG soutient des projets d&#8217;accueil des lesbiennes r\u00e9fugi\u00e9es. En cette fin d&#8217;ann\u00e9e, la LIG souhaite soutenir &#8220;Une Chambre \u00e0 soi&#8221;, un projet port\u00e9 par le Front d&#8217;Habitat Lesbien (FHL) *. Cr\u00e9\u00e9 l&#8217;ann\u00e9e derni\u00e8re, le FHL a r\u00e9ussi \u00e0 mettre en place un appartement en non-mixit\u00e9 dans un&#8230;<\/p>\n","protected":false},"author":2,"featured_media":2111,"comment_status":"closed","ping_status":"open","sticky":false,"template":"","format":"standard","meta":{"footnotes":""},"categories":[21,1],"tags":[],"class_list":["post-2110","post","type-post","status-publish","format-standard","has-post-thumbnail","hentry","category-projets-soutenus","category-actualites"],"translation":{"provider":"WPGlobus","version":"3.0.2","language":"en","enabled_languages":["fr","en"],"languages":{"fr":{"title":true,"content":true,"excerpt":false},"en":{"title":false,"content":false,"excerpt":false}}},"yoast_head":"<!-- This site is optimized with the Yoast SEO plugin v26.8 - https:\/\/yoast.com\/product\/yoast-seo-wordpress\/ -->\n<title>Une Chambre \u00e0 Soi &#8212; LIG<\/title>\n<meta name=\"robots\" content=\"index, follow, max-snippet:-1, max-image-preview:large, max-video-preview:-1\" \/>\n<link rel=\"canonical\" href=\"https:\/\/www.fondslesbien.org\/une-chambre-a-soi\/\" \/>\n<meta property=\"og:locale\" content=\"en_US\" \/>\n<meta property=\"og:type\" content=\"article\" \/>\n<meta property=\"og:title\" content=\"Une Chambre \u00e0 Soi &#8212; LIG\" \/>\n<meta property=\"og:url\" content=\"https:\/\/www.fondslesbien.org\/une-chambre-a-soi\/\" \/>\n<meta property=\"og:site_name\" content=\"LIG\" \/>\n<meta property=\"article:published_time\" content=\"2021-12-20T11:18:16+00:00\" \/>\n<meta property=\"article:modified_time\" content=\"2022-04-27T12:22:41+00:00\" \/>\n<meta property=\"og:image\" content=\"https:\/\/www.fondslesbien.org\/wp-content\/uploads\/2021\/12\/IMG_3018.jpg\" \/>\n\t<meta property=\"og:image:width\" content=\"745\" \/>\n\t<meta property=\"og:image:height\" content=\"568\" \/>\n\t<meta property=\"og:image:type\" content=\"image\/jpeg\" \/>\n<meta name=\"author\" content=\"Veronica Noseda\" \/>\n<meta name=\"twitter:card\" content=\"summary_large_image\" \/>\n<meta name=\"twitter:label1\" content=\"Written by\" \/>\n\t<meta name=\"twitter:data1\" content=\"Veronica Noseda\" \/>\n\t<meta name=\"twitter:label2\" content=\"Est. reading time\" \/>\n\t<meta name=\"twitter:data2\" content=\"3 minutes\" \/>\n<script type=\"application\/ld+json\" class=\"yoast-schema-graph\">{\"@context\":\"https:\/\/schema.org\",\"@graph\":[{\"@type\":\"Article\",\"@id\":\"https:\/\/www.fondslesbien.org\/une-chambre-a-soi\/#article\",\"isPartOf\":{\"@id\":\"https:\/\/www.fondslesbien.org\/une-chambre-a-soi\/\"},\"author\":{\"name\":\"Veronica Noseda\",\"@id\":\"https:\/\/www.fondslesbien.org\/#\/schema\/person\/9ab55cc49715d7721bb788dbd52174ec\"},\"headline\":\"Une Chambre \u00e0 Soi\",\"datePublished\":\"2021-12-20T11:18:16+00:00\",\"dateModified\":\"2022-04-27T12:22:41+00:00\",\"mainEntityOfPage\":{\"@id\":\"https:\/\/www.fondslesbien.org\/une-chambre-a-soi\/\"},\"wordCount\":560,\"image\":{\"@id\":\"https:\/\/www.fondslesbien.org\/une-chambre-a-soi\/#primaryimage\"},\"thumbnailUrl\":\"https:\/\/www.fondslesbien.org\/wp-content\/uploads\/2021\/12\/IMG_3018.jpg\",\"articleSection\":[\"Projets soutenus\",\"Actualit\u00e9s\"],\"inLanguage\":\"en-US\"},{\"@type\":\"WebPage\",\"@id\":\"https:\/\/www.fondslesbien.org\/une-chambre-a-soi\/\",\"url\":\"https:\/\/www.fondslesbien.org\/une-chambre-a-soi\/\",\"name\":\"Une Chambre \u00e0 Soi &#8212; LIG\",\"isPartOf\":{\"@id\":\"https:\/\/www.fondslesbien.org\/#website\"},\"primaryImageOfPage\":{\"@id\":\"https:\/\/www.fondslesbien.org\/une-chambre-a-soi\/#primaryimage\"},\"image\":{\"@id\":\"https:\/\/www.fondslesbien.org\/une-chambre-a-soi\/#primaryimage\"},\"thumbnailUrl\":\"https:\/\/www.fondslesbien.org\/wp-content\/uploads\/2021\/12\/IMG_3018.jpg\",\"datePublished\":\"2021-12-20T11:18:16+00:00\",\"dateModified\":\"2022-04-27T12:22:41+00:00\",\"author\":{\"@id\":\"https:\/\/www.fondslesbien.org\/#\/schema\/person\/9ab55cc49715d7721bb788dbd52174ec\"},\"breadcrumb\":{\"@id\":\"https:\/\/www.fondslesbien.org\/une-chambre-a-soi\/#breadcrumb\"},\"inLanguage\":\"en-US\",\"potentialAction\":[{\"@type\":\"ReadAction\",\"target\":[\"https:\/\/www.fondslesbien.org\/une-chambre-a-soi\/\"]}]},{\"@type\":\"ImageObject\",\"inLanguage\":\"en-US\",\"@id\":\"https:\/\/www.fondslesbien.org\/une-chambre-a-soi\/#primaryimage\",\"url\":\"https:\/\/www.fondslesbien.org\/wp-content\/uploads\/2021\/12\/IMG_3018.jpg\",\"contentUrl\":\"https:\/\/www.fondslesbien.org\/wp-content\/uploads\/2021\/12\/IMG_3018.jpg\",\"width\":745,\"height\":568},{\"@type\":\"BreadcrumbList\",\"@id\":\"https:\/\/www.fondslesbien.org\/une-chambre-a-soi\/#breadcrumb\",\"itemListElement\":[{\"@type\":\"ListItem\",\"position\":1,\"name\":\"Home\",\"item\":\"https:\/\/www.fondslesbien.org\/\"},{\"@type\":\"ListItem\",\"position\":2,\"name\":\"Une Chambre \u00e0 Soi\"}]},{\"@type\":\"WebSite\",\"@id\":\"https:\/\/www.fondslesbien.org\/#website\",\"url\":\"https:\/\/www.fondslesbien.org\/\",\"name\":\"LIG\",\"description\":\"Lesbiennes d\u2019Int\u00e9r\u00eat G\u00e9n\u00e9ral\",\"potentialAction\":[{\"@type\":\"SearchAction\",\"target\":{\"@type\":\"EntryPoint\",\"urlTemplate\":\"https:\/\/www.fondslesbien.org\/?s={search_term_string}\"},\"query-input\":{\"@type\":\"PropertyValueSpecification\",\"valueRequired\":true,\"valueName\":\"search_term_string\"}}],\"inLanguage\":\"en-US\"},{\"@type\":\"Person\",\"@id\":\"https:\/\/www.fondslesbien.org\/#\/schema\/person\/9ab55cc49715d7721bb788dbd52174ec\",\"name\":\"Veronica Noseda\",\"image\":{\"@type\":\"ImageObject\",\"inLanguage\":\"en-US\",\"@id\":\"https:\/\/www.fondslesbien.org\/#\/schema\/person\/image\/\",\"url\":\"https:\/\/secure.gravatar.com\/avatar\/56a20513ad0e9ee8a12ca4e787476caa?s=96&d=mm&r=g\",\"contentUrl\":\"https:\/\/secure.gravatar.com\/avatar\/56a20513ad0e9ee8a12ca4e787476caa?s=96&d=mm&r=g\",\"caption\":\"Veronica Noseda\"},\"url\":\"https:\/\/www.fondslesbien.org\/en\/author\/yurilig\/\"}]}<\/script>\n<!-- \/ Yoast SEO plugin. -->","yoast_head_json":{"title":"Une Chambre \u00e0 Soi &#8212; LIG","robots":{"index":"index","follow":"follow","max-snippet":"max-snippet:-1","max-image-preview":"max-image-preview:large","max-video-preview":"max-video-preview:-1"},"canonical":"https:\/\/www.fondslesbien.org\/une-chambre-a-soi\/","og_locale":"en_US","og_type":"article","og_title":"Une Chambre \u00e0 Soi &#8212; LIG","og_url":"https:\/\/www.fondslesbien.org\/une-chambre-a-soi\/","og_site_name":"LIG","article_published_time":"2021-12-20T11:18:16+00:00","article_modified_time":"2022-04-27T12:22:41+00:00","og_image":[{"width":745,"height":568,"url":"https:\/\/www.fondslesbien.org\/wp-content\/uploads\/2021\/12\/IMG_3018.jpg","type":"image\/jpeg"}],"author":"Veronica Noseda","twitter_card":"summary_large_image","twitter_misc":{"Written by":"Veronica Noseda","Est. reading time":"3 minutes"},"schema":{"@context":"https:\/\/schema.org","@graph":[{"@type":"Article","@id":"https:\/\/www.fondslesbien.org\/une-chambre-a-soi\/#article","isPartOf":{"@id":"https:\/\/www.fondslesbien.org\/une-chambre-a-soi\/"},"author":{"name":"Veronica Noseda","@id":"https:\/\/www.fondslesbien.org\/#\/schema\/person\/9ab55cc49715d7721bb788dbd52174ec"},"headline":"Une Chambre \u00e0 Soi","datePublished":"2021-12-20T11:18:16+00:00","dateModified":"2022-04-27T12:22:41+00:00","mainEntityOfPage":{"@id":"https:\/\/www.fondslesbien.org\/une-chambre-a-soi\/"},"wordCount":560,"image":{"@id":"https:\/\/www.fondslesbien.org\/une-chambre-a-soi\/#primaryimage"},"thumbnailUrl":"https:\/\/www.fondslesbien.org\/wp-content\/uploads\/2021\/12\/IMG_3018.jpg","articleSection":["Projets soutenus","Actualit\u00e9s"],"inLanguage":"en-US"},{"@type":"WebPage","@id":"https:\/\/www.fondslesbien.org\/une-chambre-a-soi\/","url":"https:\/\/www.fondslesbien.org\/une-chambre-a-soi\/","name":"Une Chambre \u00e0 Soi &#8212; LIG","isPartOf":{"@id":"https:\/\/www.fondslesbien.org\/#website"},"primaryImageOfPage":{"@id":"https:\/\/www.fondslesbien.org\/une-chambre-a-soi\/#primaryimage"},"image":{"@id":"https:\/\/www.fondslesbien.org\/une-chambre-a-soi\/#primaryimage"},"thumbnailUrl":"https:\/\/www.fondslesbien.org\/wp-content\/uploads\/2021\/12\/IMG_3018.jpg","datePublished":"2021-12-20T11:18:16+00:00","dateModified":"2022-04-27T12:22:41+00:00","author":{"@id":"https:\/\/www.fondslesbien.org\/#\/schema\/person\/9ab55cc49715d7721bb788dbd52174ec"},"breadcrumb":{"@id":"https:\/\/www.fondslesbien.org\/une-chambre-a-soi\/#breadcrumb"},"inLanguage":"en-US","potentialAction":[{"@type":"ReadAction","target":["https:\/\/www.fondslesbien.org\/une-chambre-a-soi\/"]}]},{"@type":"ImageObject","inLanguage":"en-US","@id":"https:\/\/www.fondslesbien.org\/une-chambre-a-soi\/#primaryimage","url":"https:\/\/www.fondslesbien.org\/wp-content\/uploads\/2021\/12\/IMG_3018.jpg","contentUrl":"https:\/\/www.fondslesbien.org\/wp-content\/uploads\/2021\/12\/IMG_3018.jpg","width":745,"height":568},{"@type":"BreadcrumbList","@id":"https:\/\/www.fondslesbien.org\/une-chambre-a-soi\/#breadcrumb","itemListElement":[{"@type":"ListItem","position":1,"name":"Home","item":"https:\/\/www.fondslesbien.org\/"},{"@type":"ListItem","position":2,"name":"Une Chambre \u00e0 Soi"}]},{"@type":"WebSite","@id":"https:\/\/www.fondslesbien.org\/#website","url":"https:\/\/www.fondslesbien.org\/","name":"LIG","description":"Lesbiennes d\u2019Int\u00e9r\u00eat G\u00e9n\u00e9ral","potentialAction":[{"@type":"SearchAction","target":{"@type":"EntryPoint","urlTemplate":"https:\/\/www.fondslesbien.org\/?s={search_term_string}"},"query-input":{"@type":"PropertyValueSpecification","valueRequired":true,"valueName":"search_term_string"}}],"inLanguage":"en-US"},{"@type":"Person","@id":"https:\/\/www.fondslesbien.org\/#\/schema\/person\/9ab55cc49715d7721bb788dbd52174ec","name":"Veronica Noseda","image":{"@type":"ImageObject","inLanguage":"en-US","@id":"https:\/\/www.fondslesbien.org\/#\/schema\/person\/image\/","url":"https:\/\/secure.gravatar.com\/avatar\/56a20513ad0e9ee8a12ca4e787476caa?s=96&d=mm&r=g","contentUrl":"https:\/\/secure.gravatar.com\/avatar\/56a20513ad0e9ee8a12ca4e787476caa?s=96&d=mm&r=g","caption":"Veronica Noseda"},"url":"https:\/\/www.fondslesbien.org\/en\/author\/yurilig\/"}]}},"_links":{"self":[{"href":"https:\/\/www.fondslesbien.org\/en\/wp-json\/wp\/v2\/posts\/2110","targetHints":{"allow":["GET"]}}],"collection":[{"href":"https:\/\/www.fondslesbien.org\/en\/wp-json\/wp\/v2\/posts"}],"about":[{"href":"https:\/\/www.fondslesbien.org\/en\/wp-json\/wp\/v2\/types\/post"}],"author":[{"embeddable":true,"href":"https:\/\/www.fondslesbien.org\/en\/wp-json\/wp\/v2\/users\/2"}],"replies":[{"embeddable":true,"href":"https:\/\/www.fondslesbien.org\/en\/wp-json\/wp\/v2\/comments?post=2110"}],"version-history":[{"count":10,"href":"https:\/\/www.fondslesbien.org\/en\/wp-json\/wp\/v2\/posts\/2110\/revisions"}],"predecessor-version":[{"id":2149,"href":"https:\/\/www.fondslesbien.org\/en\/wp-json\/wp\/v2\/posts\/2110\/revisions\/2149"}],"wp:featuredmedia":[{"embeddable":true,"href":"https:\/\/www.fondslesbien.org\/en\/wp-json\/wp\/v2\/media\/2111"}],"wp:attachment":[{"href":"https:\/\/www.fondslesbien.org\/en\/wp-json\/wp\/v2\/media?parent=2110"}],"wp:term":[{"taxonomy":"category","embeddable":true,"href":"https:\/\/www.fondslesbien.org\/en\/wp-json\/wp\/v2\/categories?post=2110"},{"taxonomy":"post_tag","embeddable":true,"href":"https:\/\/www.fondslesbien.org\/en\/wp-json\/wp\/v2\/tags?post=2110"}],"curies":[{"name":"wp","href":"https:\/\/api.w.org\/{rel}","templated":true}]}}