{"id":2177,"date":"2022-01-21T16:26:43","date_gmt":"2022-01-21T15:26:43","guid":{"rendered":"https:\/\/www.fondslesbien.org\/?p=2177"},"modified":"2022-12-07T18:27:54","modified_gmt":"2022-12-07T17:27:54","slug":"court-metrage-sur-maria-schneider","status":"publish","type":"post","link":"https:\/\/www.fondslesbien.org\/en\/court-metrage-sur-maria-schneider\/","title":{"rendered":"Court-m\u00e9trage sur Maria Schneider"},"content":{"rendered":"<p>En 1983, dix ans apr\u00e8s le tournage du Dernier Tango \u00e0 Paris, l\u2019actrice lesbienne, Maria Schneider, r\u00e9pond \u00e0 une interview pour la t\u00e9l\u00e9vision dans laquelle elle critique sans retenue l\u2019industrie du cin\u00e9ma qu\u2019elle juge profond\u00e9ment sexiste. Cette interview est le point de d\u00e9part d\u2019un court-m\u00e9trage qui sera r\u00e9alis\u00e9 par Elisabeth Subrin et qui a re\u00e7u le soutien de la LIG.<\/p>\n<p>Elisabeth Subrin a cr\u00e9\u00e9 des films et des vid\u00e9os d\u2019art \u00e0 partir d\u2019un regard queer et f\u00e9ministe au cours des 30 derni\u00e8res ann\u00e9es. Elle donne fr\u00e9quemment des conf\u00e9rences sur les questions relatives au cin\u00e9ma, au genre et \u00e0 l\u2019industrie cin\u00e9matographique. Elisabeth Subrin est une critique virulente de l\u2019industrie cin\u00e9matographique patriarcale, h\u00e9t\u00e9ro-normative et masculine cis, et d\u00e9fend activement les voix queer et f\u00e9ministes dans le cin\u00e9ma. Elle a \u00e9t\u00e9 un mentor 2019-2020 pour Queer Art, le programme de mentorat et de d\u00e9fense des artistes, cin\u00e9astes et \u00e9crivains LGBTQIA bas\u00e9 \u00e0 New York. Elle est \u00e9galement tr\u00e8s engag\u00e9e dans les questions de DEI (diversit\u00e9, \u00e9quit\u00e9, inclusion) dans sa pratique cin\u00e9matographique et sa p\u00e9dagogie.<\/p>\n","protected":false},"excerpt":{"rendered":"<p>En 1983, dix ans apr\u00e8s le tournage du Dernier Tango \u00e0 Paris, l\u2019actrice lesbienne, Maria Schneider, r\u00e9pond \u00e0 une interview pour la t\u00e9l\u00e9vision dans laquelle elle critique sans retenue l\u2019industrie du cin\u00e9ma qu\u2019elle juge profond\u00e9ment sexiste. Cette interview est le point de d\u00e9part d\u2019un court-m\u00e9trage qui sera r\u00e9alis\u00e9 par Elisabeth Subrin et qui a re\u00e7u&#8230;<\/p>\n","protected":false},"author":2,"featured_media":2285,"comment_status":"closed","ping_status":"open","sticky":false,"template":"","format":"standard","meta":{"footnotes":""},"categories":[21],"tags":[],"class_list":["post-2177","post","type-post","status-publish","format-standard","has-post-thumbnail","hentry","category-projets-soutenus"],"translation":{"provider":"WPGlobus","version":"3.0.2","language":"en","enabled_languages":["fr","en"],"languages":{"fr":{"title":true,"content":true,"excerpt":false},"en":{"title":false,"content":false,"excerpt":false}}},"yoast_head":"<!-- This site is optimized with the Yoast SEO plugin v26.8 - https:\/\/yoast.com\/product\/yoast-seo-wordpress\/ -->\n<title>Court-m\u00e9trage sur Maria Schneider &#8212; LIG<\/title>\n<meta name=\"robots\" content=\"index, follow, max-snippet:-1, max-image-preview:large, max-video-preview:-1\" \/>\n<link rel=\"canonical\" href=\"https:\/\/www.fondslesbien.org\/court-metrage-sur-maria-schneider\/\" \/>\n<meta property=\"og:locale\" content=\"en_US\" \/>\n<meta property=\"og:type\" content=\"article\" \/>\n<meta property=\"og:title\" content=\"Court-m\u00e9trage sur Maria Schneider &#8212; LIG\" \/>\n<meta property=\"og:url\" content=\"https:\/\/www.fondslesbien.org\/court-metrage-sur-maria-schneider\/\" \/>\n<meta property=\"og:site_name\" content=\"LIG\" \/>\n<meta property=\"article:published_time\" content=\"2022-01-21T15:26:43+00:00\" \/>\n<meta property=\"article:modified_time\" content=\"2022-12-07T17:27:54+00:00\" \/>\n<meta property=\"og:image\" content=\"https:\/\/www.fondslesbien.org\/wp-content\/uploads\/2022\/01\/maria-schneider.png\" \/>\n\t<meta property=\"og:image:width\" content=\"944\" \/>\n\t<meta property=\"og:image:height\" content=\"1390\" \/>\n\t<meta property=\"og:image:type\" content=\"image\/png\" \/>\n<meta name=\"author\" content=\"Veronica Noseda\" \/>\n<meta name=\"twitter:card\" content=\"summary_large_image\" \/>\n<meta name=\"twitter:label1\" content=\"Written by\" \/>\n\t<meta name=\"twitter:data1\" content=\"Veronica Noseda\" \/>\n\t<meta name=\"twitter:label2\" content=\"Est. reading time\" \/>\n\t<meta name=\"twitter:data2\" content=\"1 minute\" \/>\n<script type=\"application\/ld+json\" class=\"yoast-schema-graph\">{\"@context\":\"https:\/\/schema.org\",\"@graph\":[{\"@type\":\"Article\",\"@id\":\"https:\/\/www.fondslesbien.org\/court-metrage-sur-maria-schneider\/#article\",\"isPartOf\":{\"@id\":\"https:\/\/www.fondslesbien.org\/court-metrage-sur-maria-schneider\/\"},\"author\":{\"name\":\"Veronica Noseda\",\"@id\":\"https:\/\/www.fondslesbien.org\/#\/schema\/person\/9ab55cc49715d7721bb788dbd52174ec\"},\"headline\":\"Court-m\u00e9trage sur Maria Schneider\",\"datePublished\":\"2022-01-21T15:26:43+00:00\",\"dateModified\":\"2022-12-07T17:27:54+00:00\",\"mainEntityOfPage\":{\"@id\":\"https:\/\/www.fondslesbien.org\/court-metrage-sur-maria-schneider\/\"},\"wordCount\":207,\"image\":{\"@id\":\"https:\/\/www.fondslesbien.org\/court-metrage-sur-maria-schneider\/#primaryimage\"},\"thumbnailUrl\":\"https:\/\/www.fondslesbien.org\/wp-content\/uploads\/2022\/01\/maria-schneider.png\",\"articleSection\":[\"Projets soutenus\"],\"inLanguage\":\"en-US\"},{\"@type\":\"WebPage\",\"@id\":\"https:\/\/www.fondslesbien.org\/court-metrage-sur-maria-schneider\/\",\"url\":\"https:\/\/www.fondslesbien.org\/court-metrage-sur-maria-schneider\/\",\"name\":\"Court-m\u00e9trage sur Maria Schneider &#8212; LIG\",\"isPartOf\":{\"@id\":\"https:\/\/www.fondslesbien.org\/#website\"},\"primaryImageOfPage\":{\"@id\":\"https:\/\/www.fondslesbien.org\/court-metrage-sur-maria-schneider\/#primaryimage\"},\"image\":{\"@id\":\"https:\/\/www.fondslesbien.org\/court-metrage-sur-maria-schneider\/#primaryimage\"},\"thumbnailUrl\":\"https:\/\/www.fondslesbien.org\/wp-content\/uploads\/2022\/01\/maria-schneider.png\",\"datePublished\":\"2022-01-21T15:26:43+00:00\",\"dateModified\":\"2022-12-07T17:27:54+00:00\",\"author\":{\"@id\":\"https:\/\/www.fondslesbien.org\/#\/schema\/person\/9ab55cc49715d7721bb788dbd52174ec\"},\"breadcrumb\":{\"@id\":\"https:\/\/www.fondslesbien.org\/court-metrage-sur-maria-schneider\/#breadcrumb\"},\"inLanguage\":\"en-US\",\"potentialAction\":[{\"@type\":\"ReadAction\",\"target\":[\"https:\/\/www.fondslesbien.org\/court-metrage-sur-maria-schneider\/\"]}]},{\"@type\":\"ImageObject\",\"inLanguage\":\"en-US\",\"@id\":\"https:\/\/www.fondslesbien.org\/court-metrage-sur-maria-schneider\/#primaryimage\",\"url\":\"https:\/\/www.fondslesbien.org\/wp-content\/uploads\/2022\/01\/maria-schneider.png\",\"contentUrl\":\"https:\/\/www.fondslesbien.org\/wp-content\/uploads\/2022\/01\/maria-schneider.png\",\"width\":944,\"height\":1390},{\"@type\":\"BreadcrumbList\",\"@id\":\"https:\/\/www.fondslesbien.org\/court-metrage-sur-maria-schneider\/#breadcrumb\",\"itemListElement\":[{\"@type\":\"ListItem\",\"position\":1,\"name\":\"Home\",\"item\":\"https:\/\/www.fondslesbien.org\/\"},{\"@type\":\"ListItem\",\"position\":2,\"name\":\"Court-m\u00e9trage sur Maria Schneider\"}]},{\"@type\":\"WebSite\",\"@id\":\"https:\/\/www.fondslesbien.org\/#website\",\"url\":\"https:\/\/www.fondslesbien.org\/\",\"name\":\"LIG\",\"description\":\"Lesbiennes d\u2019Int\u00e9r\u00eat G\u00e9n\u00e9ral\",\"potentialAction\":[{\"@type\":\"SearchAction\",\"target\":{\"@type\":\"EntryPoint\",\"urlTemplate\":\"https:\/\/www.fondslesbien.org\/?s={search_term_string}\"},\"query-input\":{\"@type\":\"PropertyValueSpecification\",\"valueRequired\":true,\"valueName\":\"search_term_string\"}}],\"inLanguage\":\"en-US\"},{\"@type\":\"Person\",\"@id\":\"https:\/\/www.fondslesbien.org\/#\/schema\/person\/9ab55cc49715d7721bb788dbd52174ec\",\"name\":\"Veronica Noseda\",\"image\":{\"@type\":\"ImageObject\",\"inLanguage\":\"en-US\",\"@id\":\"https:\/\/www.fondslesbien.org\/#\/schema\/person\/image\/\",\"url\":\"https:\/\/secure.gravatar.com\/avatar\/56a20513ad0e9ee8a12ca4e787476caa?s=96&d=mm&r=g\",\"contentUrl\":\"https:\/\/secure.gravatar.com\/avatar\/56a20513ad0e9ee8a12ca4e787476caa?s=96&d=mm&r=g\",\"caption\":\"Veronica Noseda\"},\"url\":\"https:\/\/www.fondslesbien.org\/en\/author\/yurilig\/\"}]}<\/script>\n<!-- \/ Yoast SEO plugin. -->","yoast_head_json":{"title":"Court-m\u00e9trage sur Maria Schneider &#8212; LIG","robots":{"index":"index","follow":"follow","max-snippet":"max-snippet:-1","max-image-preview":"max-image-preview:large","max-video-preview":"max-video-preview:-1"},"canonical":"https:\/\/www.fondslesbien.org\/court-metrage-sur-maria-schneider\/","og_locale":"en_US","og_type":"article","og_title":"Court-m\u00e9trage sur Maria Schneider &#8212; LIG","og_url":"https:\/\/www.fondslesbien.org\/court-metrage-sur-maria-schneider\/","og_site_name":"LIG","article_published_time":"2022-01-21T15:26:43+00:00","article_modified_time":"2022-12-07T17:27:54+00:00","og_image":[{"width":944,"height":1390,"url":"https:\/\/www.fondslesbien.org\/wp-content\/uploads\/2022\/01\/maria-schneider.png","type":"image\/png"}],"author":"Veronica Noseda","twitter_card":"summary_large_image","twitter_misc":{"Written by":"Veronica Noseda","Est. reading time":"1 minute"},"schema":{"@context":"https:\/\/schema.org","@graph":[{"@type":"Article","@id":"https:\/\/www.fondslesbien.org\/court-metrage-sur-maria-schneider\/#article","isPartOf":{"@id":"https:\/\/www.fondslesbien.org\/court-metrage-sur-maria-schneider\/"},"author":{"name":"Veronica Noseda","@id":"https:\/\/www.fondslesbien.org\/#\/schema\/person\/9ab55cc49715d7721bb788dbd52174ec"},"headline":"Court-m\u00e9trage sur Maria Schneider","datePublished":"2022-01-21T15:26:43+00:00","dateModified":"2022-12-07T17:27:54+00:00","mainEntityOfPage":{"@id":"https:\/\/www.fondslesbien.org\/court-metrage-sur-maria-schneider\/"},"wordCount":207,"image":{"@id":"https:\/\/www.fondslesbien.org\/court-metrage-sur-maria-schneider\/#primaryimage"},"thumbnailUrl":"https:\/\/www.fondslesbien.org\/wp-content\/uploads\/2022\/01\/maria-schneider.png","articleSection":["Projets soutenus"],"inLanguage":"en-US"},{"@type":"WebPage","@id":"https:\/\/www.fondslesbien.org\/court-metrage-sur-maria-schneider\/","url":"https:\/\/www.fondslesbien.org\/court-metrage-sur-maria-schneider\/","name":"Court-m\u00e9trage sur Maria Schneider &#8212; LIG","isPartOf":{"@id":"https:\/\/www.fondslesbien.org\/#website"},"primaryImageOfPage":{"@id":"https:\/\/www.fondslesbien.org\/court-metrage-sur-maria-schneider\/#primaryimage"},"image":{"@id":"https:\/\/www.fondslesbien.org\/court-metrage-sur-maria-schneider\/#primaryimage"},"thumbnailUrl":"https:\/\/www.fondslesbien.org\/wp-content\/uploads\/2022\/01\/maria-schneider.png","datePublished":"2022-01-21T15:26:43+00:00","dateModified":"2022-12-07T17:27:54+00:00","author":{"@id":"https:\/\/www.fondslesbien.org\/#\/schema\/person\/9ab55cc49715d7721bb788dbd52174ec"},"breadcrumb":{"@id":"https:\/\/www.fondslesbien.org\/court-metrage-sur-maria-schneider\/#breadcrumb"},"inLanguage":"en-US","potentialAction":[{"@type":"ReadAction","target":["https:\/\/www.fondslesbien.org\/court-metrage-sur-maria-schneider\/"]}]},{"@type":"ImageObject","inLanguage":"en-US","@id":"https:\/\/www.fondslesbien.org\/court-metrage-sur-maria-schneider\/#primaryimage","url":"https:\/\/www.fondslesbien.org\/wp-content\/uploads\/2022\/01\/maria-schneider.png","contentUrl":"https:\/\/www.fondslesbien.org\/wp-content\/uploads\/2022\/01\/maria-schneider.png","width":944,"height":1390},{"@type":"BreadcrumbList","@id":"https:\/\/www.fondslesbien.org\/court-metrage-sur-maria-schneider\/#breadcrumb","itemListElement":[{"@type":"ListItem","position":1,"name":"Home","item":"https:\/\/www.fondslesbien.org\/"},{"@type":"ListItem","position":2,"name":"Court-m\u00e9trage sur Maria Schneider"}]},{"@type":"WebSite","@id":"https:\/\/www.fondslesbien.org\/#website","url":"https:\/\/www.fondslesbien.org\/","name":"LIG","description":"Lesbiennes d\u2019Int\u00e9r\u00eat G\u00e9n\u00e9ral","potentialAction":[{"@type":"SearchAction","target":{"@type":"EntryPoint","urlTemplate":"https:\/\/www.fondslesbien.org\/?s={search_term_string}"},"query-input":{"@type":"PropertyValueSpecification","valueRequired":true,"valueName":"search_term_string"}}],"inLanguage":"en-US"},{"@type":"Person","@id":"https:\/\/www.fondslesbien.org\/#\/schema\/person\/9ab55cc49715d7721bb788dbd52174ec","name":"Veronica Noseda","image":{"@type":"ImageObject","inLanguage":"en-US","@id":"https:\/\/www.fondslesbien.org\/#\/schema\/person\/image\/","url":"https:\/\/secure.gravatar.com\/avatar\/56a20513ad0e9ee8a12ca4e787476caa?s=96&d=mm&r=g","contentUrl":"https:\/\/secure.gravatar.com\/avatar\/56a20513ad0e9ee8a12ca4e787476caa?s=96&d=mm&r=g","caption":"Veronica Noseda"},"url":"https:\/\/www.fondslesbien.org\/en\/author\/yurilig\/"}]}},"_links":{"self":[{"href":"https:\/\/www.fondslesbien.org\/en\/wp-json\/wp\/v2\/posts\/2177","targetHints":{"allow":["GET"]}}],"collection":[{"href":"https:\/\/www.fondslesbien.org\/en\/wp-json\/wp\/v2\/posts"}],"about":[{"href":"https:\/\/www.fondslesbien.org\/en\/wp-json\/wp\/v2\/types\/post"}],"author":[{"embeddable":true,"href":"https:\/\/www.fondslesbien.org\/en\/wp-json\/wp\/v2\/users\/2"}],"replies":[{"embeddable":true,"href":"https:\/\/www.fondslesbien.org\/en\/wp-json\/wp\/v2\/comments?post=2177"}],"version-history":[{"count":3,"href":"https:\/\/www.fondslesbien.org\/en\/wp-json\/wp\/v2\/posts\/2177\/revisions"}],"predecessor-version":[{"id":2286,"href":"https:\/\/www.fondslesbien.org\/en\/wp-json\/wp\/v2\/posts\/2177\/revisions\/2286"}],"wp:featuredmedia":[{"embeddable":true,"href":"https:\/\/www.fondslesbien.org\/en\/wp-json\/wp\/v2\/media\/2285"}],"wp:attachment":[{"href":"https:\/\/www.fondslesbien.org\/en\/wp-json\/wp\/v2\/media?parent=2177"}],"wp:term":[{"taxonomy":"category","embeddable":true,"href":"https:\/\/www.fondslesbien.org\/en\/wp-json\/wp\/v2\/categories?post=2177"},{"taxonomy":"post_tag","embeddable":true,"href":"https:\/\/www.fondslesbien.org\/en\/wp-json\/wp\/v2\/tags?post=2177"}],"curies":[{"name":"wp","href":"https:\/\/api.w.org\/{rel}","templated":true}]}}