{"id":2227,"date":"2019-10-31T18:06:28","date_gmt":"2019-10-31T17:06:28","guid":{"rendered":"https:\/\/www.fondslesbien.org\/?p=2227"},"modified":"2022-04-27T18:14:38","modified_gmt":"2022-04-27T16:14:38","slug":"sororite-lesbienne-et-lutte-contre-les-violences-sexistes-sexuelles-et-lesbophobes","status":"publish","type":"post","link":"https:\/\/www.fondslesbien.org\/en\/sororite-lesbienne-et-lutte-contre-les-violences-sexistes-sexuelles-et-lesbophobes\/","title":{"rendered":"Sororit\u00e9 lesbienne et lutte contre les violences sexistes, sexuelles et lesbophobes"},"content":{"rendered":"<p>L&#8217;association d&#8217;Amiens &#8220;Les Bavardes&#8221; et l&#8217;association Afro-B\u00e9nin se sont rencontr\u00e9es une premi\u00e8re fois \u00e0 Paris en avril 2019 \u00e0 l\u2019initiative d\u2019Audrey Gondallier, co-pr\u00e9sidente des Bavardes, dans le cadre des son travail de recherche en Master de Sociologie sp\u00e9cialit\u00e9 Genre, dirig\u00e9 par Jules Falquet \u00e0 l\u2019Universit\u00e9 Paris Diderot, sur la configuration de la militance lesbienne contemporaine.<br \/>\nCette rencontre da confirm\u00e9 du c\u00f4t\u00e9 des Bavardes l\u2019envie de porter en France comme \u00e0 l\u2019International les luttes f\u00e9ministes et lesbiennes et du c\u00f4t\u00e9 d\u2019Afro B\u00e9nin l\u2019envie de militer, d\u2019\u00e9changer sur des sujets communs en lien \u00e9troit avec leur territoire d\u2019intervention et leurs besoins. Ces \u00e9l\u00e9ments combin\u00e9s ont produit l\u2019int\u00e9r\u00eat de travailler ensemble, au travers de plusieurs objectifs, dont celui de mieux comprendre les contextes respectifs des deux association, s\u2019entraider au-del\u00e0 des fronti\u00e8res, gagner en force et en capacit\u00e9 d\u2019action, tout en apprenant les unesdes autres et en favorisant une sororit\u00e9 lesbienne Nord Sud.<\/p>\n<p>La LIG a soutenu une nouvelle rencontre pendant laquelle les deux associations ont pu pratiquer ensemble des techniques d&#8217;autod\u00e9fense et des activit\u00e9s sportives, et r\u00e9fl\u00e9chir sur comment donner suite \u00e0 leur alliance militante.<\/p>\n","protected":false},"excerpt":{"rendered":"<p>L&#8217;association d&#8217;Amiens &#8220;Les Bavardes&#8221; et l&#8217;association Afro-B\u00e9nin se sont rencontr\u00e9es une premi\u00e8re fois \u00e0 Paris en avril 2019 \u00e0 l\u2019initiative d\u2019Audrey Gondallier, co-pr\u00e9sidente des Bavardes, dans le cadre des son travail de recherche en Master de Sociologie sp\u00e9cialit\u00e9 Genre, dirig\u00e9 par Jules Falquet \u00e0 l\u2019Universit\u00e9 Paris Diderot, sur la configuration de la militance lesbienne contemporaine&#8230;.<\/p>\n","protected":false},"author":2,"featured_media":2228,"comment_status":"closed","ping_status":"open","sticky":false,"template":"","format":"standard","meta":{"footnotes":""},"categories":[21],"tags":[],"class_list":["post-2227","post","type-post","status-publish","format-standard","has-post-thumbnail","hentry","category-projets-soutenus"],"translation":{"provider":"WPGlobus","version":"3.0.2","language":"en","enabled_languages":["fr","en"],"languages":{"fr":{"title":true,"content":true,"excerpt":false},"en":{"title":false,"content":false,"excerpt":false}}},"yoast_head":"<!-- This site is optimized with the Yoast SEO plugin v26.8 - https:\/\/yoast.com\/product\/yoast-seo-wordpress\/ -->\n<title>Sororit\u00e9 lesbienne et lutte contre les violences sexistes, sexuelles et lesbophobes &#8212; LIG<\/title>\n<meta name=\"robots\" content=\"index, follow, max-snippet:-1, max-image-preview:large, max-video-preview:-1\" \/>\n<link rel=\"canonical\" href=\"https:\/\/www.fondslesbien.org\/sororite-lesbienne-et-lutte-contre-les-violences-sexistes-sexuelles-et-lesbophobes\/\" \/>\n<meta property=\"og:locale\" content=\"en_US\" \/>\n<meta property=\"og:type\" content=\"article\" \/>\n<meta property=\"og:title\" content=\"Sororit\u00e9 lesbienne et lutte contre les violences sexistes, sexuelles et lesbophobes &#8212; LIG\" \/>\n<meta property=\"og:url\" content=\"https:\/\/www.fondslesbien.org\/sororite-lesbienne-et-lutte-contre-les-violences-sexistes-sexuelles-et-lesbophobes\/\" \/>\n<meta property=\"og:site_name\" content=\"LIG\" \/>\n<meta property=\"article:published_time\" content=\"2019-10-31T17:06:28+00:00\" \/>\n<meta property=\"article:modified_time\" content=\"2022-04-27T16:14:38+00:00\" \/>\n<meta property=\"og:image\" content=\"https:\/\/www.fondslesbien.org\/wp-content\/uploads\/2022\/04\/bavardes.jpg\" \/>\n\t<meta property=\"og:image:width\" content=\"727\" \/>\n\t<meta property=\"og:image:height\" content=\"484\" \/>\n\t<meta property=\"og:image:type\" content=\"image\/jpeg\" \/>\n<meta name=\"author\" content=\"Veronica Noseda\" \/>\n<meta name=\"twitter:card\" content=\"summary_large_image\" \/>\n<meta name=\"twitter:label1\" content=\"Written by\" \/>\n\t<meta name=\"twitter:data1\" content=\"Veronica Noseda\" \/>\n\t<meta name=\"twitter:label2\" content=\"Est. reading time\" \/>\n\t<meta name=\"twitter:data2\" content=\"1 minute\" \/>\n<script type=\"application\/ld+json\" class=\"yoast-schema-graph\">{\"@context\":\"https:\/\/schema.org\",\"@graph\":[{\"@type\":\"Article\",\"@id\":\"https:\/\/www.fondslesbien.org\/sororite-lesbienne-et-lutte-contre-les-violences-sexistes-sexuelles-et-lesbophobes\/#article\",\"isPartOf\":{\"@id\":\"https:\/\/www.fondslesbien.org\/sororite-lesbienne-et-lutte-contre-les-violences-sexistes-sexuelles-et-lesbophobes\/\"},\"author\":{\"name\":\"Veronica Noseda\",\"@id\":\"https:\/\/www.fondslesbien.org\/#\/schema\/person\/9ab55cc49715d7721bb788dbd52174ec\"},\"headline\":\"Sororit\u00e9 lesbienne et lutte contre les violences sexistes, sexuelles et lesbophobes\",\"datePublished\":\"2019-10-31T17:06:28+00:00\",\"dateModified\":\"2022-04-27T16:14:38+00:00\",\"mainEntityOfPage\":{\"@id\":\"https:\/\/www.fondslesbien.org\/sororite-lesbienne-et-lutte-contre-les-violences-sexistes-sexuelles-et-lesbophobes\/\"},\"wordCount\":221,\"image\":{\"@id\":\"https:\/\/www.fondslesbien.org\/sororite-lesbienne-et-lutte-contre-les-violences-sexistes-sexuelles-et-lesbophobes\/#primaryimage\"},\"thumbnailUrl\":\"https:\/\/www.fondslesbien.org\/wp-content\/uploads\/2022\/04\/bavardes.jpg\",\"articleSection\":[\"Projets soutenus\"],\"inLanguage\":\"en-US\"},{\"@type\":\"WebPage\",\"@id\":\"https:\/\/www.fondslesbien.org\/sororite-lesbienne-et-lutte-contre-les-violences-sexistes-sexuelles-et-lesbophobes\/\",\"url\":\"https:\/\/www.fondslesbien.org\/sororite-lesbienne-et-lutte-contre-les-violences-sexistes-sexuelles-et-lesbophobes\/\",\"name\":\"Sororit\u00e9 lesbienne et lutte contre les violences sexistes, sexuelles et lesbophobes &#8212; LIG\",\"isPartOf\":{\"@id\":\"https:\/\/www.fondslesbien.org\/#website\"},\"primaryImageOfPage\":{\"@id\":\"https:\/\/www.fondslesbien.org\/sororite-lesbienne-et-lutte-contre-les-violences-sexistes-sexuelles-et-lesbophobes\/#primaryimage\"},\"image\":{\"@id\":\"https:\/\/www.fondslesbien.org\/sororite-lesbienne-et-lutte-contre-les-violences-sexistes-sexuelles-et-lesbophobes\/#primaryimage\"},\"thumbnailUrl\":\"https:\/\/www.fondslesbien.org\/wp-content\/uploads\/2022\/04\/bavardes.jpg\",\"datePublished\":\"2019-10-31T17:06:28+00:00\",\"dateModified\":\"2022-04-27T16:14:38+00:00\",\"author\":{\"@id\":\"https:\/\/www.fondslesbien.org\/#\/schema\/person\/9ab55cc49715d7721bb788dbd52174ec\"},\"breadcrumb\":{\"@id\":\"https:\/\/www.fondslesbien.org\/sororite-lesbienne-et-lutte-contre-les-violences-sexistes-sexuelles-et-lesbophobes\/#breadcrumb\"},\"inLanguage\":\"en-US\",\"potentialAction\":[{\"@type\":\"ReadAction\",\"target\":[\"https:\/\/www.fondslesbien.org\/sororite-lesbienne-et-lutte-contre-les-violences-sexistes-sexuelles-et-lesbophobes\/\"]}]},{\"@type\":\"ImageObject\",\"inLanguage\":\"en-US\",\"@id\":\"https:\/\/www.fondslesbien.org\/sororite-lesbienne-et-lutte-contre-les-violences-sexistes-sexuelles-et-lesbophobes\/#primaryimage\",\"url\":\"https:\/\/www.fondslesbien.org\/wp-content\/uploads\/2022\/04\/bavardes.jpg\",\"contentUrl\":\"https:\/\/www.fondslesbien.org\/wp-content\/uploads\/2022\/04\/bavardes.jpg\",\"width\":727,\"height\":484},{\"@type\":\"BreadcrumbList\",\"@id\":\"https:\/\/www.fondslesbien.org\/sororite-lesbienne-et-lutte-contre-les-violences-sexistes-sexuelles-et-lesbophobes\/#breadcrumb\",\"itemListElement\":[{\"@type\":\"ListItem\",\"position\":1,\"name\":\"Home\",\"item\":\"https:\/\/www.fondslesbien.org\/\"},{\"@type\":\"ListItem\",\"position\":2,\"name\":\"Sororit\u00e9 lesbienne et lutte contre les violences sexistes, sexuelles et lesbophobes\"}]},{\"@type\":\"WebSite\",\"@id\":\"https:\/\/www.fondslesbien.org\/#website\",\"url\":\"https:\/\/www.fondslesbien.org\/\",\"name\":\"LIG\",\"description\":\"Lesbiennes d\u2019Int\u00e9r\u00eat G\u00e9n\u00e9ral\",\"potentialAction\":[{\"@type\":\"SearchAction\",\"target\":{\"@type\":\"EntryPoint\",\"urlTemplate\":\"https:\/\/www.fondslesbien.org\/?s={search_term_string}\"},\"query-input\":{\"@type\":\"PropertyValueSpecification\",\"valueRequired\":true,\"valueName\":\"search_term_string\"}}],\"inLanguage\":\"en-US\"},{\"@type\":\"Person\",\"@id\":\"https:\/\/www.fondslesbien.org\/#\/schema\/person\/9ab55cc49715d7721bb788dbd52174ec\",\"name\":\"Veronica Noseda\",\"image\":{\"@type\":\"ImageObject\",\"inLanguage\":\"en-US\",\"@id\":\"https:\/\/www.fondslesbien.org\/#\/schema\/person\/image\/\",\"url\":\"https:\/\/secure.gravatar.com\/avatar\/56a20513ad0e9ee8a12ca4e787476caa?s=96&d=mm&r=g\",\"contentUrl\":\"https:\/\/secure.gravatar.com\/avatar\/56a20513ad0e9ee8a12ca4e787476caa?s=96&d=mm&r=g\",\"caption\":\"Veronica Noseda\"},\"url\":\"https:\/\/www.fondslesbien.org\/en\/author\/yurilig\/\"}]}<\/script>\n<!-- \/ Yoast SEO plugin. -->","yoast_head_json":{"title":"Sororit\u00e9 lesbienne et lutte contre les violences sexistes, sexuelles et lesbophobes &#8212; LIG","robots":{"index":"index","follow":"follow","max-snippet":"max-snippet:-1","max-image-preview":"max-image-preview:large","max-video-preview":"max-video-preview:-1"},"canonical":"https:\/\/www.fondslesbien.org\/sororite-lesbienne-et-lutte-contre-les-violences-sexistes-sexuelles-et-lesbophobes\/","og_locale":"en_US","og_type":"article","og_title":"Sororit\u00e9 lesbienne et lutte contre les violences sexistes, sexuelles et lesbophobes &#8212; LIG","og_url":"https:\/\/www.fondslesbien.org\/sororite-lesbienne-et-lutte-contre-les-violences-sexistes-sexuelles-et-lesbophobes\/","og_site_name":"LIG","article_published_time":"2019-10-31T17:06:28+00:00","article_modified_time":"2022-04-27T16:14:38+00:00","og_image":[{"width":727,"height":484,"url":"https:\/\/www.fondslesbien.org\/wp-content\/uploads\/2022\/04\/bavardes.jpg","type":"image\/jpeg"}],"author":"Veronica Noseda","twitter_card":"summary_large_image","twitter_misc":{"Written by":"Veronica Noseda","Est. reading time":"1 minute"},"schema":{"@context":"https:\/\/schema.org","@graph":[{"@type":"Article","@id":"https:\/\/www.fondslesbien.org\/sororite-lesbienne-et-lutte-contre-les-violences-sexistes-sexuelles-et-lesbophobes\/#article","isPartOf":{"@id":"https:\/\/www.fondslesbien.org\/sororite-lesbienne-et-lutte-contre-les-violences-sexistes-sexuelles-et-lesbophobes\/"},"author":{"name":"Veronica Noseda","@id":"https:\/\/www.fondslesbien.org\/#\/schema\/person\/9ab55cc49715d7721bb788dbd52174ec"},"headline":"Sororit\u00e9 lesbienne et lutte contre les violences sexistes, sexuelles et lesbophobes","datePublished":"2019-10-31T17:06:28+00:00","dateModified":"2022-04-27T16:14:38+00:00","mainEntityOfPage":{"@id":"https:\/\/www.fondslesbien.org\/sororite-lesbienne-et-lutte-contre-les-violences-sexistes-sexuelles-et-lesbophobes\/"},"wordCount":221,"image":{"@id":"https:\/\/www.fondslesbien.org\/sororite-lesbienne-et-lutte-contre-les-violences-sexistes-sexuelles-et-lesbophobes\/#primaryimage"},"thumbnailUrl":"https:\/\/www.fondslesbien.org\/wp-content\/uploads\/2022\/04\/bavardes.jpg","articleSection":["Projets soutenus"],"inLanguage":"en-US"},{"@type":"WebPage","@id":"https:\/\/www.fondslesbien.org\/sororite-lesbienne-et-lutte-contre-les-violences-sexistes-sexuelles-et-lesbophobes\/","url":"https:\/\/www.fondslesbien.org\/sororite-lesbienne-et-lutte-contre-les-violences-sexistes-sexuelles-et-lesbophobes\/","name":"Sororit\u00e9 lesbienne et lutte contre les violences sexistes, sexuelles et lesbophobes &#8212; LIG","isPartOf":{"@id":"https:\/\/www.fondslesbien.org\/#website"},"primaryImageOfPage":{"@id":"https:\/\/www.fondslesbien.org\/sororite-lesbienne-et-lutte-contre-les-violences-sexistes-sexuelles-et-lesbophobes\/#primaryimage"},"image":{"@id":"https:\/\/www.fondslesbien.org\/sororite-lesbienne-et-lutte-contre-les-violences-sexistes-sexuelles-et-lesbophobes\/#primaryimage"},"thumbnailUrl":"https:\/\/www.fondslesbien.org\/wp-content\/uploads\/2022\/04\/bavardes.jpg","datePublished":"2019-10-31T17:06:28+00:00","dateModified":"2022-04-27T16:14:38+00:00","author":{"@id":"https:\/\/www.fondslesbien.org\/#\/schema\/person\/9ab55cc49715d7721bb788dbd52174ec"},"breadcrumb":{"@id":"https:\/\/www.fondslesbien.org\/sororite-lesbienne-et-lutte-contre-les-violences-sexistes-sexuelles-et-lesbophobes\/#breadcrumb"},"inLanguage":"en-US","potentialAction":[{"@type":"ReadAction","target":["https:\/\/www.fondslesbien.org\/sororite-lesbienne-et-lutte-contre-les-violences-sexistes-sexuelles-et-lesbophobes\/"]}]},{"@type":"ImageObject","inLanguage":"en-US","@id":"https:\/\/www.fondslesbien.org\/sororite-lesbienne-et-lutte-contre-les-violences-sexistes-sexuelles-et-lesbophobes\/#primaryimage","url":"https:\/\/www.fondslesbien.org\/wp-content\/uploads\/2022\/04\/bavardes.jpg","contentUrl":"https:\/\/www.fondslesbien.org\/wp-content\/uploads\/2022\/04\/bavardes.jpg","width":727,"height":484},{"@type":"BreadcrumbList","@id":"https:\/\/www.fondslesbien.org\/sororite-lesbienne-et-lutte-contre-les-violences-sexistes-sexuelles-et-lesbophobes\/#breadcrumb","itemListElement":[{"@type":"ListItem","position":1,"name":"Home","item":"https:\/\/www.fondslesbien.org\/"},{"@type":"ListItem","position":2,"name":"Sororit\u00e9 lesbienne et lutte contre les violences sexistes, sexuelles et lesbophobes"}]},{"@type":"WebSite","@id":"https:\/\/www.fondslesbien.org\/#website","url":"https:\/\/www.fondslesbien.org\/","name":"LIG","description":"Lesbiennes d\u2019Int\u00e9r\u00eat G\u00e9n\u00e9ral","potentialAction":[{"@type":"SearchAction","target":{"@type":"EntryPoint","urlTemplate":"https:\/\/www.fondslesbien.org\/?s={search_term_string}"},"query-input":{"@type":"PropertyValueSpecification","valueRequired":true,"valueName":"search_term_string"}}],"inLanguage":"en-US"},{"@type":"Person","@id":"https:\/\/www.fondslesbien.org\/#\/schema\/person\/9ab55cc49715d7721bb788dbd52174ec","name":"Veronica Noseda","image":{"@type":"ImageObject","inLanguage":"en-US","@id":"https:\/\/www.fondslesbien.org\/#\/schema\/person\/image\/","url":"https:\/\/secure.gravatar.com\/avatar\/56a20513ad0e9ee8a12ca4e787476caa?s=96&d=mm&r=g","contentUrl":"https:\/\/secure.gravatar.com\/avatar\/56a20513ad0e9ee8a12ca4e787476caa?s=96&d=mm&r=g","caption":"Veronica Noseda"},"url":"https:\/\/www.fondslesbien.org\/en\/author\/yurilig\/"}]}},"_links":{"self":[{"href":"https:\/\/www.fondslesbien.org\/en\/wp-json\/wp\/v2\/posts\/2227","targetHints":{"allow":["GET"]}}],"collection":[{"href":"https:\/\/www.fondslesbien.org\/en\/wp-json\/wp\/v2\/posts"}],"about":[{"href":"https:\/\/www.fondslesbien.org\/en\/wp-json\/wp\/v2\/types\/post"}],"author":[{"embeddable":true,"href":"https:\/\/www.fondslesbien.org\/en\/wp-json\/wp\/v2\/users\/2"}],"replies":[{"embeddable":true,"href":"https:\/\/www.fondslesbien.org\/en\/wp-json\/wp\/v2\/comments?post=2227"}],"version-history":[{"count":2,"href":"https:\/\/www.fondslesbien.org\/en\/wp-json\/wp\/v2\/posts\/2227\/revisions"}],"predecessor-version":[{"id":2230,"href":"https:\/\/www.fondslesbien.org\/en\/wp-json\/wp\/v2\/posts\/2227\/revisions\/2230"}],"wp:featuredmedia":[{"embeddable":true,"href":"https:\/\/www.fondslesbien.org\/en\/wp-json\/wp\/v2\/media\/2228"}],"wp:attachment":[{"href":"https:\/\/www.fondslesbien.org\/en\/wp-json\/wp\/v2\/media?parent=2227"}],"wp:term":[{"taxonomy":"category","embeddable":true,"href":"https:\/\/www.fondslesbien.org\/en\/wp-json\/wp\/v2\/categories?post=2227"},{"taxonomy":"post_tag","embeddable":true,"href":"https:\/\/www.fondslesbien.org\/en\/wp-json\/wp\/v2\/tags?post=2227"}],"curies":[{"name":"wp","href":"https:\/\/api.w.org\/{rel}","templated":true}]}}