{"id":2268,"date":"2022-10-26T11:48:59","date_gmt":"2022-10-26T09:48:59","guid":{"rendered":"https:\/\/www.fondslesbien.org\/?p=2268"},"modified":"2022-10-26T11:48:59","modified_gmt":"2022-10-26T09:48:59","slug":"documentaire-sonore-sur-genevieve-pastre","status":"publish","type":"post","link":"https:\/\/www.fondslesbien.org\/en\/documentaire-sonore-sur-genevieve-pastre\/","title":{"rendered":"Documentaire sonore sur Genevi\u00e8ve Pastre"},"content":{"rendered":"<p>Aujourd\u2019hui tomb\u00e9e dans l\u2019oubli, Genevi\u00e8ve Pastre est une figure pionni\u00e8re de la place des femmes en politique. Lesbienne, autrice, militante et fondatrice du premier \u2013 et unique \u2013 parti politique gay et lesbien en France dans les ann\u00e9es 90, \u00ab Les Mauves \u00bb, elle d\u00e9bute son engagement en politique d\u00e8s les ann\u00e9es 1970 aux c\u00f4t\u00e9s de Gis\u00e8le Halimi. Durant les vingt ann\u00e9es qui suivent, elle poursuit cet engagement politique jusqu\u2019\u00e0 se pr\u00e9senter aux \u00e9lections pr\u00e9sidentielles fran\u00e7aises, en 1995 et 2002 avec \u00ab Les Mauves \u00bb. L\u2019origine de son combat politique prend racine dans un d\u00e9sir, un manque : trop de ses amours ont \u00e9t\u00e9 bris\u00e9es en raison des tabous et de discriminations li\u00e9es \u00e0 son lesbianisme. Genevi\u00e8ve Pastre pr\u00f4ne sa \u00ab normalit\u00e9 \u00bb et exige d\u2019avoir droit \u00e0 tout, jusqu\u2019\u00e0 tenter de se pr\u00e9senter \u00e0 la pr\u00e9sidence, pour que plus jamais personne ne vive ce qu\u2019elle a v\u00e9cu. Le parcours de Genevi\u00e8ve Pastre m\u00eale la grande et la petite histoire, croise l\u2019intime et le politique.<\/p>\n<p>Serena Sobrero entend r\u00e9aliser un documentaire sonore sur cette personnalit\u00e9 et ses combats,\u00a0 gr\u00e2ce \u00e0 des t\u00e9moignages et des archives sonores, et de revenir sur les diverses campagnes du parti (avec les membres du parti \u00ab Les Mauves \u00bb et des chercheurs sp\u00e9cialistes de l\u2019homosexualit\u00e9 dans le monde politique fran\u00e7ais). La LIG soutient ce projet, notamment pour l&#8217;achat des droits pour les archives sonores.<\/p>\n","protected":false},"excerpt":{"rendered":"<p>Aujourd\u2019hui tomb\u00e9e dans l\u2019oubli, Genevi\u00e8ve Pastre est une figure pionni\u00e8re de la place des femmes en politique. Lesbienne, autrice, militante et fondatrice du premier \u2013 et unique \u2013 parti politique gay et lesbien en France dans les ann\u00e9es 90, \u00ab Les Mauves \u00bb, elle d\u00e9bute son engagement en politique d\u00e8s les ann\u00e9es 1970 aux c\u00f4t\u00e9s&#8230;<\/p>\n","protected":false},"author":2,"featured_media":2269,"comment_status":"closed","ping_status":"open","sticky":false,"template":"","format":"standard","meta":{"footnotes":""},"categories":[21],"tags":[],"class_list":["post-2268","post","type-post","status-publish","format-standard","has-post-thumbnail","hentry","category-projets-soutenus"],"translation":{"provider":"WPGlobus","version":"3.0.2","language":"en","enabled_languages":["fr","en"],"languages":{"fr":{"title":true,"content":true,"excerpt":false},"en":{"title":false,"content":false,"excerpt":false}}},"yoast_head":"<!-- This site is optimized with the Yoast SEO plugin v26.8 - https:\/\/yoast.com\/product\/yoast-seo-wordpress\/ -->\n<title>Documentaire sonore sur Genevi\u00e8ve Pastre &#8212; LIG<\/title>\n<meta name=\"robots\" content=\"index, follow, max-snippet:-1, max-image-preview:large, max-video-preview:-1\" \/>\n<link rel=\"canonical\" href=\"https:\/\/www.fondslesbien.org\/documentaire-sonore-sur-genevieve-pastre\/\" \/>\n<meta property=\"og:locale\" content=\"en_US\" \/>\n<meta property=\"og:type\" content=\"article\" \/>\n<meta property=\"og:title\" content=\"Documentaire sonore sur Genevi\u00e8ve Pastre &#8212; LIG\" \/>\n<meta property=\"og:url\" content=\"https:\/\/www.fondslesbien.org\/documentaire-sonore-sur-genevieve-pastre\/\" \/>\n<meta property=\"og:site_name\" content=\"LIG\" \/>\n<meta property=\"article:published_time\" content=\"2022-10-26T09:48:59+00:00\" \/>\n<meta property=\"og:image\" content=\"https:\/\/www.fondslesbien.org\/wp-content\/uploads\/2022\/10\/Pastre.jpg\" \/>\n\t<meta property=\"og:image:width\" content=\"1232\" \/>\n\t<meta property=\"og:image:height\" content=\"886\" \/>\n\t<meta property=\"og:image:type\" content=\"image\/jpeg\" \/>\n<meta name=\"author\" content=\"Veronica Noseda\" \/>\n<meta name=\"twitter:card\" content=\"summary_large_image\" \/>\n<meta name=\"twitter:label1\" content=\"Written by\" \/>\n\t<meta name=\"twitter:data1\" content=\"Veronica Noseda\" \/>\n\t<meta name=\"twitter:label2\" content=\"Est. reading time\" \/>\n\t<meta name=\"twitter:data2\" content=\"1 minute\" \/>\n<script type=\"application\/ld+json\" class=\"yoast-schema-graph\">{\"@context\":\"https:\/\/schema.org\",\"@graph\":[{\"@type\":\"Article\",\"@id\":\"https:\/\/www.fondslesbien.org\/documentaire-sonore-sur-genevieve-pastre\/#article\",\"isPartOf\":{\"@id\":\"https:\/\/www.fondslesbien.org\/documentaire-sonore-sur-genevieve-pastre\/\"},\"author\":{\"name\":\"Veronica Noseda\",\"@id\":\"https:\/\/www.fondslesbien.org\/#\/schema\/person\/9ab55cc49715d7721bb788dbd52174ec\"},\"headline\":\"Documentaire sonore sur Genevi\u00e8ve Pastre\",\"datePublished\":\"2022-10-26T09:48:59+00:00\",\"mainEntityOfPage\":{\"@id\":\"https:\/\/www.fondslesbien.org\/documentaire-sonore-sur-genevieve-pastre\/\"},\"wordCount\":253,\"image\":{\"@id\":\"https:\/\/www.fondslesbien.org\/documentaire-sonore-sur-genevieve-pastre\/#primaryimage\"},\"thumbnailUrl\":\"https:\/\/www.fondslesbien.org\/wp-content\/uploads\/2022\/10\/Pastre.jpg\",\"articleSection\":[\"Projets soutenus\"],\"inLanguage\":\"en-US\"},{\"@type\":\"WebPage\",\"@id\":\"https:\/\/www.fondslesbien.org\/documentaire-sonore-sur-genevieve-pastre\/\",\"url\":\"https:\/\/www.fondslesbien.org\/documentaire-sonore-sur-genevieve-pastre\/\",\"name\":\"Documentaire sonore sur Genevi\u00e8ve Pastre &#8212; LIG\",\"isPartOf\":{\"@id\":\"https:\/\/www.fondslesbien.org\/#website\"},\"primaryImageOfPage\":{\"@id\":\"https:\/\/www.fondslesbien.org\/documentaire-sonore-sur-genevieve-pastre\/#primaryimage\"},\"image\":{\"@id\":\"https:\/\/www.fondslesbien.org\/documentaire-sonore-sur-genevieve-pastre\/#primaryimage\"},\"thumbnailUrl\":\"https:\/\/www.fondslesbien.org\/wp-content\/uploads\/2022\/10\/Pastre.jpg\",\"datePublished\":\"2022-10-26T09:48:59+00:00\",\"author\":{\"@id\":\"https:\/\/www.fondslesbien.org\/#\/schema\/person\/9ab55cc49715d7721bb788dbd52174ec\"},\"breadcrumb\":{\"@id\":\"https:\/\/www.fondslesbien.org\/documentaire-sonore-sur-genevieve-pastre\/#breadcrumb\"},\"inLanguage\":\"en-US\",\"potentialAction\":[{\"@type\":\"ReadAction\",\"target\":[\"https:\/\/www.fondslesbien.org\/documentaire-sonore-sur-genevieve-pastre\/\"]}]},{\"@type\":\"ImageObject\",\"inLanguage\":\"en-US\",\"@id\":\"https:\/\/www.fondslesbien.org\/documentaire-sonore-sur-genevieve-pastre\/#primaryimage\",\"url\":\"https:\/\/www.fondslesbien.org\/wp-content\/uploads\/2022\/10\/Pastre.jpg\",\"contentUrl\":\"https:\/\/www.fondslesbien.org\/wp-content\/uploads\/2022\/10\/Pastre.jpg\",\"width\":1232,\"height\":886},{\"@type\":\"BreadcrumbList\",\"@id\":\"https:\/\/www.fondslesbien.org\/documentaire-sonore-sur-genevieve-pastre\/#breadcrumb\",\"itemListElement\":[{\"@type\":\"ListItem\",\"position\":1,\"name\":\"Home\",\"item\":\"https:\/\/www.fondslesbien.org\/\"},{\"@type\":\"ListItem\",\"position\":2,\"name\":\"Documentaire sonore sur Genevi\u00e8ve Pastre\"}]},{\"@type\":\"WebSite\",\"@id\":\"https:\/\/www.fondslesbien.org\/#website\",\"url\":\"https:\/\/www.fondslesbien.org\/\",\"name\":\"LIG\",\"description\":\"Lesbiennes d\u2019Int\u00e9r\u00eat G\u00e9n\u00e9ral\",\"potentialAction\":[{\"@type\":\"SearchAction\",\"target\":{\"@type\":\"EntryPoint\",\"urlTemplate\":\"https:\/\/www.fondslesbien.org\/?s={search_term_string}\"},\"query-input\":{\"@type\":\"PropertyValueSpecification\",\"valueRequired\":true,\"valueName\":\"search_term_string\"}}],\"inLanguage\":\"en-US\"},{\"@type\":\"Person\",\"@id\":\"https:\/\/www.fondslesbien.org\/#\/schema\/person\/9ab55cc49715d7721bb788dbd52174ec\",\"name\":\"Veronica Noseda\",\"image\":{\"@type\":\"ImageObject\",\"inLanguage\":\"en-US\",\"@id\":\"https:\/\/www.fondslesbien.org\/#\/schema\/person\/image\/\",\"url\":\"https:\/\/secure.gravatar.com\/avatar\/56a20513ad0e9ee8a12ca4e787476caa?s=96&d=mm&r=g\",\"contentUrl\":\"https:\/\/secure.gravatar.com\/avatar\/56a20513ad0e9ee8a12ca4e787476caa?s=96&d=mm&r=g\",\"caption\":\"Veronica Noseda\"},\"url\":\"https:\/\/www.fondslesbien.org\/en\/author\/yurilig\/\"}]}<\/script>\n<!-- \/ Yoast SEO plugin. -->","yoast_head_json":{"title":"Documentaire sonore sur Genevi\u00e8ve Pastre &#8212; LIG","robots":{"index":"index","follow":"follow","max-snippet":"max-snippet:-1","max-image-preview":"max-image-preview:large","max-video-preview":"max-video-preview:-1"},"canonical":"https:\/\/www.fondslesbien.org\/documentaire-sonore-sur-genevieve-pastre\/","og_locale":"en_US","og_type":"article","og_title":"Documentaire sonore sur Genevi\u00e8ve Pastre &#8212; LIG","og_url":"https:\/\/www.fondslesbien.org\/documentaire-sonore-sur-genevieve-pastre\/","og_site_name":"LIG","article_published_time":"2022-10-26T09:48:59+00:00","og_image":[{"width":1232,"height":886,"url":"https:\/\/www.fondslesbien.org\/wp-content\/uploads\/2022\/10\/Pastre.jpg","type":"image\/jpeg"}],"author":"Veronica Noseda","twitter_card":"summary_large_image","twitter_misc":{"Written by":"Veronica Noseda","Est. reading time":"1 minute"},"schema":{"@context":"https:\/\/schema.org","@graph":[{"@type":"Article","@id":"https:\/\/www.fondslesbien.org\/documentaire-sonore-sur-genevieve-pastre\/#article","isPartOf":{"@id":"https:\/\/www.fondslesbien.org\/documentaire-sonore-sur-genevieve-pastre\/"},"author":{"name":"Veronica Noseda","@id":"https:\/\/www.fondslesbien.org\/#\/schema\/person\/9ab55cc49715d7721bb788dbd52174ec"},"headline":"Documentaire sonore sur Genevi\u00e8ve Pastre","datePublished":"2022-10-26T09:48:59+00:00","mainEntityOfPage":{"@id":"https:\/\/www.fondslesbien.org\/documentaire-sonore-sur-genevieve-pastre\/"},"wordCount":253,"image":{"@id":"https:\/\/www.fondslesbien.org\/documentaire-sonore-sur-genevieve-pastre\/#primaryimage"},"thumbnailUrl":"https:\/\/www.fondslesbien.org\/wp-content\/uploads\/2022\/10\/Pastre.jpg","articleSection":["Projets soutenus"],"inLanguage":"en-US"},{"@type":"WebPage","@id":"https:\/\/www.fondslesbien.org\/documentaire-sonore-sur-genevieve-pastre\/","url":"https:\/\/www.fondslesbien.org\/documentaire-sonore-sur-genevieve-pastre\/","name":"Documentaire sonore sur Genevi\u00e8ve Pastre &#8212; LIG","isPartOf":{"@id":"https:\/\/www.fondslesbien.org\/#website"},"primaryImageOfPage":{"@id":"https:\/\/www.fondslesbien.org\/documentaire-sonore-sur-genevieve-pastre\/#primaryimage"},"image":{"@id":"https:\/\/www.fondslesbien.org\/documentaire-sonore-sur-genevieve-pastre\/#primaryimage"},"thumbnailUrl":"https:\/\/www.fondslesbien.org\/wp-content\/uploads\/2022\/10\/Pastre.jpg","datePublished":"2022-10-26T09:48:59+00:00","author":{"@id":"https:\/\/www.fondslesbien.org\/#\/schema\/person\/9ab55cc49715d7721bb788dbd52174ec"},"breadcrumb":{"@id":"https:\/\/www.fondslesbien.org\/documentaire-sonore-sur-genevieve-pastre\/#breadcrumb"},"inLanguage":"en-US","potentialAction":[{"@type":"ReadAction","target":["https:\/\/www.fondslesbien.org\/documentaire-sonore-sur-genevieve-pastre\/"]}]},{"@type":"ImageObject","inLanguage":"en-US","@id":"https:\/\/www.fondslesbien.org\/documentaire-sonore-sur-genevieve-pastre\/#primaryimage","url":"https:\/\/www.fondslesbien.org\/wp-content\/uploads\/2022\/10\/Pastre.jpg","contentUrl":"https:\/\/www.fondslesbien.org\/wp-content\/uploads\/2022\/10\/Pastre.jpg","width":1232,"height":886},{"@type":"BreadcrumbList","@id":"https:\/\/www.fondslesbien.org\/documentaire-sonore-sur-genevieve-pastre\/#breadcrumb","itemListElement":[{"@type":"ListItem","position":1,"name":"Home","item":"https:\/\/www.fondslesbien.org\/"},{"@type":"ListItem","position":2,"name":"Documentaire sonore sur Genevi\u00e8ve Pastre"}]},{"@type":"WebSite","@id":"https:\/\/www.fondslesbien.org\/#website","url":"https:\/\/www.fondslesbien.org\/","name":"LIG","description":"Lesbiennes d\u2019Int\u00e9r\u00eat G\u00e9n\u00e9ral","potentialAction":[{"@type":"SearchAction","target":{"@type":"EntryPoint","urlTemplate":"https:\/\/www.fondslesbien.org\/?s={search_term_string}"},"query-input":{"@type":"PropertyValueSpecification","valueRequired":true,"valueName":"search_term_string"}}],"inLanguage":"en-US"},{"@type":"Person","@id":"https:\/\/www.fondslesbien.org\/#\/schema\/person\/9ab55cc49715d7721bb788dbd52174ec","name":"Veronica Noseda","image":{"@type":"ImageObject","inLanguage":"en-US","@id":"https:\/\/www.fondslesbien.org\/#\/schema\/person\/image\/","url":"https:\/\/secure.gravatar.com\/avatar\/56a20513ad0e9ee8a12ca4e787476caa?s=96&d=mm&r=g","contentUrl":"https:\/\/secure.gravatar.com\/avatar\/56a20513ad0e9ee8a12ca4e787476caa?s=96&d=mm&r=g","caption":"Veronica Noseda"},"url":"https:\/\/www.fondslesbien.org\/en\/author\/yurilig\/"}]}},"_links":{"self":[{"href":"https:\/\/www.fondslesbien.org\/en\/wp-json\/wp\/v2\/posts\/2268","targetHints":{"allow":["GET"]}}],"collection":[{"href":"https:\/\/www.fondslesbien.org\/en\/wp-json\/wp\/v2\/posts"}],"about":[{"href":"https:\/\/www.fondslesbien.org\/en\/wp-json\/wp\/v2\/types\/post"}],"author":[{"embeddable":true,"href":"https:\/\/www.fondslesbien.org\/en\/wp-json\/wp\/v2\/users\/2"}],"replies":[{"embeddable":true,"href":"https:\/\/www.fondslesbien.org\/en\/wp-json\/wp\/v2\/comments?post=2268"}],"version-history":[{"count":2,"href":"https:\/\/www.fondslesbien.org\/en\/wp-json\/wp\/v2\/posts\/2268\/revisions"}],"predecessor-version":[{"id":2321,"href":"https:\/\/www.fondslesbien.org\/en\/wp-json\/wp\/v2\/posts\/2268\/revisions\/2321"}],"wp:featuredmedia":[{"embeddable":true,"href":"https:\/\/www.fondslesbien.org\/en\/wp-json\/wp\/v2\/media\/2269"}],"wp:attachment":[{"href":"https:\/\/www.fondslesbien.org\/en\/wp-json\/wp\/v2\/media?parent=2268"}],"wp:term":[{"taxonomy":"category","embeddable":true,"href":"https:\/\/www.fondslesbien.org\/en\/wp-json\/wp\/v2\/categories?post=2268"},{"taxonomy":"post_tag","embeddable":true,"href":"https:\/\/www.fondslesbien.org\/en\/wp-json\/wp\/v2\/tags?post=2268"}],"curies":[{"name":"wp","href":"https:\/\/api.w.org\/{rel}","templated":true}]}}