{"id":2310,"date":"2023-03-05T18:24:09","date_gmt":"2023-03-05T17:24:09","guid":{"rendered":"https:\/\/www.fondslesbien.org\/?p=2310"},"modified":"2023-03-05T18:26:20","modified_gmt":"2023-03-05T17:26:20","slug":"lesbiennes-en-lutte-un-documentaire-sur-la-reprise-de-violette-and-co","status":"publish","type":"post","link":"https:\/\/www.fondslesbien.org\/en\/lesbiennes-en-lutte-un-documentaire-sur-la-reprise-de-violette-and-co\/","title":{"rendered":"&#8220;Lesbiennes en lutte&#8221;: un documentaire sur la reprise de Violette and Co"},"content":{"rendered":"<p>D\u00e9but 2022, un groupe de quatre vingtenaires (L\u00e9a, Loise, Lucille et Olivia) se lance dans la reprise de Violette &amp; Co, librairie f\u00e9ministe et lesbienne ouverte au d\u00e9but des ann\u00e9es 2000. Ses propri\u00e9taires, proches de la retraite, comptaient la fermer. Ce documentaire, r\u00e9alis\u00e9 par M\u00e9lanie Vion, suit leur parcours dans la reprise d\u2019un des derniers lieux lesbiens de Paris et raconte le cheminement personnel de chacune vers une identit\u00e9 lesbienne militante qu\u2019elles inscriront jusque sur la vitrine de la librairie.<\/p>\n","protected":false},"excerpt":{"rendered":"<p>D\u00e9but 2022, un groupe de quatre vingtenaires (L\u00e9a, Loise, Lucille et Olivia) se lance dans la reprise de Violette &amp; Co, librairie f\u00e9ministe et lesbienne ouverte au d\u00e9but des ann\u00e9es 2000. Ses propri\u00e9taires, proches de la retraite, comptaient la fermer. Ce documentaire, r\u00e9alis\u00e9 par M\u00e9lanie Vion, suit leur parcours dans la reprise d\u2019un des derniers&#8230;<\/p>\n","protected":false},"author":2,"featured_media":2312,"comment_status":"closed","ping_status":"open","sticky":false,"template":"","format":"standard","meta":{"footnotes":""},"categories":[21],"tags":[],"class_list":["post-2310","post","type-post","status-publish","format-standard","has-post-thumbnail","hentry","category-projets-soutenus"],"translation":{"provider":"WPGlobus","version":"3.0.2","language":"en","enabled_languages":["fr","en"],"languages":{"fr":{"title":true,"content":true,"excerpt":false},"en":{"title":false,"content":false,"excerpt":false}}},"yoast_head":"<!-- This site is optimized with the Yoast SEO plugin v26.8 - https:\/\/yoast.com\/product\/yoast-seo-wordpress\/ -->\n<title>&quot;Lesbiennes en lutte&quot;: un documentaire sur la reprise de Violette and Co &#8212; LIG<\/title>\n<meta name=\"robots\" content=\"index, follow, max-snippet:-1, max-image-preview:large, max-video-preview:-1\" \/>\n<link rel=\"canonical\" href=\"https:\/\/www.fondslesbien.org\/lesbiennes-en-lutte-un-documentaire-sur-la-reprise-de-violette-and-co\/\" \/>\n<meta property=\"og:locale\" content=\"en_US\" \/>\n<meta property=\"og:type\" content=\"article\" \/>\n<meta property=\"og:title\" content=\"&quot;Lesbiennes en lutte&quot;: un documentaire sur la reprise de Violette and Co &#8212; LIG\" \/>\n<meta property=\"og:url\" content=\"https:\/\/www.fondslesbien.org\/lesbiennes-en-lutte-un-documentaire-sur-la-reprise-de-violette-and-co\/\" \/>\n<meta property=\"og:site_name\" content=\"LIG\" \/>\n<meta property=\"article:published_time\" content=\"2023-03-05T17:24:09+00:00\" \/>\n<meta property=\"article:modified_time\" content=\"2023-03-05T17:26:20+00:00\" \/>\n<meta property=\"og:image\" content=\"https:\/\/www.fondslesbien.org\/wp-content\/uploads\/2023\/03\/lesbiennes-and-coop.png\" \/>\n\t<meta property=\"og:image:width\" content=\"581\" \/>\n\t<meta property=\"og:image:height\" content=\"438\" \/>\n\t<meta property=\"og:image:type\" content=\"image\/png\" \/>\n<meta name=\"author\" content=\"Veronica Noseda\" \/>\n<meta name=\"twitter:card\" content=\"summary_large_image\" \/>\n<meta name=\"twitter:label1\" content=\"Written by\" \/>\n\t<meta name=\"twitter:data1\" content=\"Veronica Noseda\" \/>\n\t<meta name=\"twitter:label2\" content=\"Est. reading time\" \/>\n\t<meta name=\"twitter:data2\" content=\"1 minute\" \/>\n<script type=\"application\/ld+json\" class=\"yoast-schema-graph\">{\"@context\":\"https:\/\/schema.org\",\"@graph\":[{\"@type\":\"Article\",\"@id\":\"https:\/\/www.fondslesbien.org\/lesbiennes-en-lutte-un-documentaire-sur-la-reprise-de-violette-and-co\/#article\",\"isPartOf\":{\"@id\":\"https:\/\/www.fondslesbien.org\/lesbiennes-en-lutte-un-documentaire-sur-la-reprise-de-violette-and-co\/\"},\"author\":{\"name\":\"Veronica Noseda\",\"@id\":\"https:\/\/www.fondslesbien.org\/#\/schema\/person\/9ab55cc49715d7721bb788dbd52174ec\"},\"headline\":\"&#8220;Lesbiennes en lutte&#8221;: un documentaire sur la reprise de Violette and Co\",\"datePublished\":\"2023-03-05T17:24:09+00:00\",\"dateModified\":\"2023-03-05T17:26:20+00:00\",\"mainEntityOfPage\":{\"@id\":\"https:\/\/www.fondslesbien.org\/lesbiennes-en-lutte-un-documentaire-sur-la-reprise-de-violette-and-co\/\"},\"wordCount\":100,\"image\":{\"@id\":\"https:\/\/www.fondslesbien.org\/lesbiennes-en-lutte-un-documentaire-sur-la-reprise-de-violette-and-co\/#primaryimage\"},\"thumbnailUrl\":\"https:\/\/www.fondslesbien.org\/wp-content\/uploads\/2023\/03\/lesbiennes-and-coop.png\",\"articleSection\":[\"Projets soutenus\"],\"inLanguage\":\"en-US\"},{\"@type\":\"WebPage\",\"@id\":\"https:\/\/www.fondslesbien.org\/lesbiennes-en-lutte-un-documentaire-sur-la-reprise-de-violette-and-co\/\",\"url\":\"https:\/\/www.fondslesbien.org\/lesbiennes-en-lutte-un-documentaire-sur-la-reprise-de-violette-and-co\/\",\"name\":\"\\\"Lesbiennes en lutte\\\": un documentaire sur la reprise de Violette and Co &#8212; LIG\",\"isPartOf\":{\"@id\":\"https:\/\/www.fondslesbien.org\/#website\"},\"primaryImageOfPage\":{\"@id\":\"https:\/\/www.fondslesbien.org\/lesbiennes-en-lutte-un-documentaire-sur-la-reprise-de-violette-and-co\/#primaryimage\"},\"image\":{\"@id\":\"https:\/\/www.fondslesbien.org\/lesbiennes-en-lutte-un-documentaire-sur-la-reprise-de-violette-and-co\/#primaryimage\"},\"thumbnailUrl\":\"https:\/\/www.fondslesbien.org\/wp-content\/uploads\/2023\/03\/lesbiennes-and-coop.png\",\"datePublished\":\"2023-03-05T17:24:09+00:00\",\"dateModified\":\"2023-03-05T17:26:20+00:00\",\"author\":{\"@id\":\"https:\/\/www.fondslesbien.org\/#\/schema\/person\/9ab55cc49715d7721bb788dbd52174ec\"},\"breadcrumb\":{\"@id\":\"https:\/\/www.fondslesbien.org\/lesbiennes-en-lutte-un-documentaire-sur-la-reprise-de-violette-and-co\/#breadcrumb\"},\"inLanguage\":\"en-US\",\"potentialAction\":[{\"@type\":\"ReadAction\",\"target\":[\"https:\/\/www.fondslesbien.org\/lesbiennes-en-lutte-un-documentaire-sur-la-reprise-de-violette-and-co\/\"]}]},{\"@type\":\"ImageObject\",\"inLanguage\":\"en-US\",\"@id\":\"https:\/\/www.fondslesbien.org\/lesbiennes-en-lutte-un-documentaire-sur-la-reprise-de-violette-and-co\/#primaryimage\",\"url\":\"https:\/\/www.fondslesbien.org\/wp-content\/uploads\/2023\/03\/lesbiennes-and-coop.png\",\"contentUrl\":\"https:\/\/www.fondslesbien.org\/wp-content\/uploads\/2023\/03\/lesbiennes-and-coop.png\",\"width\":581,\"height\":438},{\"@type\":\"BreadcrumbList\",\"@id\":\"https:\/\/www.fondslesbien.org\/lesbiennes-en-lutte-un-documentaire-sur-la-reprise-de-violette-and-co\/#breadcrumb\",\"itemListElement\":[{\"@type\":\"ListItem\",\"position\":1,\"name\":\"Home\",\"item\":\"https:\/\/www.fondslesbien.org\/\"},{\"@type\":\"ListItem\",\"position\":2,\"name\":\"\u00ab\u00a0Lesbiennes en lutte\u00a0\u00bb: un documentaire sur la reprise de Violette and Co\"}]},{\"@type\":\"WebSite\",\"@id\":\"https:\/\/www.fondslesbien.org\/#website\",\"url\":\"https:\/\/www.fondslesbien.org\/\",\"name\":\"LIG\",\"description\":\"Lesbiennes d\u2019Int\u00e9r\u00eat G\u00e9n\u00e9ral\",\"potentialAction\":[{\"@type\":\"SearchAction\",\"target\":{\"@type\":\"EntryPoint\",\"urlTemplate\":\"https:\/\/www.fondslesbien.org\/?s={search_term_string}\"},\"query-input\":{\"@type\":\"PropertyValueSpecification\",\"valueRequired\":true,\"valueName\":\"search_term_string\"}}],\"inLanguage\":\"en-US\"},{\"@type\":\"Person\",\"@id\":\"https:\/\/www.fondslesbien.org\/#\/schema\/person\/9ab55cc49715d7721bb788dbd52174ec\",\"name\":\"Veronica Noseda\",\"image\":{\"@type\":\"ImageObject\",\"inLanguage\":\"en-US\",\"@id\":\"https:\/\/www.fondslesbien.org\/#\/schema\/person\/image\/\",\"url\":\"https:\/\/secure.gravatar.com\/avatar\/56a20513ad0e9ee8a12ca4e787476caa?s=96&d=mm&r=g\",\"contentUrl\":\"https:\/\/secure.gravatar.com\/avatar\/56a20513ad0e9ee8a12ca4e787476caa?s=96&d=mm&r=g\",\"caption\":\"Veronica Noseda\"},\"url\":\"https:\/\/www.fondslesbien.org\/en\/author\/yurilig\/\"}]}<\/script>\n<!-- \/ Yoast SEO plugin. -->","yoast_head_json":{"title":"\"Lesbiennes en lutte\": un documentaire sur la reprise de Violette and Co &#8212; LIG","robots":{"index":"index","follow":"follow","max-snippet":"max-snippet:-1","max-image-preview":"max-image-preview:large","max-video-preview":"max-video-preview:-1"},"canonical":"https:\/\/www.fondslesbien.org\/lesbiennes-en-lutte-un-documentaire-sur-la-reprise-de-violette-and-co\/","og_locale":"en_US","og_type":"article","og_title":"\"Lesbiennes en lutte\": un documentaire sur la reprise de Violette and Co &#8212; LIG","og_url":"https:\/\/www.fondslesbien.org\/lesbiennes-en-lutte-un-documentaire-sur-la-reprise-de-violette-and-co\/","og_site_name":"LIG","article_published_time":"2023-03-05T17:24:09+00:00","article_modified_time":"2023-03-05T17:26:20+00:00","og_image":[{"width":581,"height":438,"url":"https:\/\/www.fondslesbien.org\/wp-content\/uploads\/2023\/03\/lesbiennes-and-coop.png","type":"image\/png"}],"author":"Veronica Noseda","twitter_card":"summary_large_image","twitter_misc":{"Written by":"Veronica Noseda","Est. reading time":"1 minute"},"schema":{"@context":"https:\/\/schema.org","@graph":[{"@type":"Article","@id":"https:\/\/www.fondslesbien.org\/lesbiennes-en-lutte-un-documentaire-sur-la-reprise-de-violette-and-co\/#article","isPartOf":{"@id":"https:\/\/www.fondslesbien.org\/lesbiennes-en-lutte-un-documentaire-sur-la-reprise-de-violette-and-co\/"},"author":{"name":"Veronica Noseda","@id":"https:\/\/www.fondslesbien.org\/#\/schema\/person\/9ab55cc49715d7721bb788dbd52174ec"},"headline":"&#8220;Lesbiennes en lutte&#8221;: un documentaire sur la reprise de Violette and Co","datePublished":"2023-03-05T17:24:09+00:00","dateModified":"2023-03-05T17:26:20+00:00","mainEntityOfPage":{"@id":"https:\/\/www.fondslesbien.org\/lesbiennes-en-lutte-un-documentaire-sur-la-reprise-de-violette-and-co\/"},"wordCount":100,"image":{"@id":"https:\/\/www.fondslesbien.org\/lesbiennes-en-lutte-un-documentaire-sur-la-reprise-de-violette-and-co\/#primaryimage"},"thumbnailUrl":"https:\/\/www.fondslesbien.org\/wp-content\/uploads\/2023\/03\/lesbiennes-and-coop.png","articleSection":["Projets soutenus"],"inLanguage":"en-US"},{"@type":"WebPage","@id":"https:\/\/www.fondslesbien.org\/lesbiennes-en-lutte-un-documentaire-sur-la-reprise-de-violette-and-co\/","url":"https:\/\/www.fondslesbien.org\/lesbiennes-en-lutte-un-documentaire-sur-la-reprise-de-violette-and-co\/","name":"\"Lesbiennes en lutte\": un documentaire sur la reprise de Violette and Co &#8212; LIG","isPartOf":{"@id":"https:\/\/www.fondslesbien.org\/#website"},"primaryImageOfPage":{"@id":"https:\/\/www.fondslesbien.org\/lesbiennes-en-lutte-un-documentaire-sur-la-reprise-de-violette-and-co\/#primaryimage"},"image":{"@id":"https:\/\/www.fondslesbien.org\/lesbiennes-en-lutte-un-documentaire-sur-la-reprise-de-violette-and-co\/#primaryimage"},"thumbnailUrl":"https:\/\/www.fondslesbien.org\/wp-content\/uploads\/2023\/03\/lesbiennes-and-coop.png","datePublished":"2023-03-05T17:24:09+00:00","dateModified":"2023-03-05T17:26:20+00:00","author":{"@id":"https:\/\/www.fondslesbien.org\/#\/schema\/person\/9ab55cc49715d7721bb788dbd52174ec"},"breadcrumb":{"@id":"https:\/\/www.fondslesbien.org\/lesbiennes-en-lutte-un-documentaire-sur-la-reprise-de-violette-and-co\/#breadcrumb"},"inLanguage":"en-US","potentialAction":[{"@type":"ReadAction","target":["https:\/\/www.fondslesbien.org\/lesbiennes-en-lutte-un-documentaire-sur-la-reprise-de-violette-and-co\/"]}]},{"@type":"ImageObject","inLanguage":"en-US","@id":"https:\/\/www.fondslesbien.org\/lesbiennes-en-lutte-un-documentaire-sur-la-reprise-de-violette-and-co\/#primaryimage","url":"https:\/\/www.fondslesbien.org\/wp-content\/uploads\/2023\/03\/lesbiennes-and-coop.png","contentUrl":"https:\/\/www.fondslesbien.org\/wp-content\/uploads\/2023\/03\/lesbiennes-and-coop.png","width":581,"height":438},{"@type":"BreadcrumbList","@id":"https:\/\/www.fondslesbien.org\/lesbiennes-en-lutte-un-documentaire-sur-la-reprise-de-violette-and-co\/#breadcrumb","itemListElement":[{"@type":"ListItem","position":1,"name":"Home","item":"https:\/\/www.fondslesbien.org\/"},{"@type":"ListItem","position":2,"name":"\u00ab\u00a0Lesbiennes en lutte\u00a0\u00bb: un documentaire sur la reprise de Violette and Co"}]},{"@type":"WebSite","@id":"https:\/\/www.fondslesbien.org\/#website","url":"https:\/\/www.fondslesbien.org\/","name":"LIG","description":"Lesbiennes d\u2019Int\u00e9r\u00eat G\u00e9n\u00e9ral","potentialAction":[{"@type":"SearchAction","target":{"@type":"EntryPoint","urlTemplate":"https:\/\/www.fondslesbien.org\/?s={search_term_string}"},"query-input":{"@type":"PropertyValueSpecification","valueRequired":true,"valueName":"search_term_string"}}],"inLanguage":"en-US"},{"@type":"Person","@id":"https:\/\/www.fondslesbien.org\/#\/schema\/person\/9ab55cc49715d7721bb788dbd52174ec","name":"Veronica Noseda","image":{"@type":"ImageObject","inLanguage":"en-US","@id":"https:\/\/www.fondslesbien.org\/#\/schema\/person\/image\/","url":"https:\/\/secure.gravatar.com\/avatar\/56a20513ad0e9ee8a12ca4e787476caa?s=96&d=mm&r=g","contentUrl":"https:\/\/secure.gravatar.com\/avatar\/56a20513ad0e9ee8a12ca4e787476caa?s=96&d=mm&r=g","caption":"Veronica Noseda"},"url":"https:\/\/www.fondslesbien.org\/en\/author\/yurilig\/"}]}},"_links":{"self":[{"href":"https:\/\/www.fondslesbien.org\/en\/wp-json\/wp\/v2\/posts\/2310","targetHints":{"allow":["GET"]}}],"collection":[{"href":"https:\/\/www.fondslesbien.org\/en\/wp-json\/wp\/v2\/posts"}],"about":[{"href":"https:\/\/www.fondslesbien.org\/en\/wp-json\/wp\/v2\/types\/post"}],"author":[{"embeddable":true,"href":"https:\/\/www.fondslesbien.org\/en\/wp-json\/wp\/v2\/users\/2"}],"replies":[{"embeddable":true,"href":"https:\/\/www.fondslesbien.org\/en\/wp-json\/wp\/v2\/comments?post=2310"}],"version-history":[{"count":3,"href":"https:\/\/www.fondslesbien.org\/en\/wp-json\/wp\/v2\/posts\/2310\/revisions"}],"predecessor-version":[{"id":2314,"href":"https:\/\/www.fondslesbien.org\/en\/wp-json\/wp\/v2\/posts\/2310\/revisions\/2314"}],"wp:featuredmedia":[{"embeddable":true,"href":"https:\/\/www.fondslesbien.org\/en\/wp-json\/wp\/v2\/media\/2312"}],"wp:attachment":[{"href":"https:\/\/www.fondslesbien.org\/en\/wp-json\/wp\/v2\/media?parent=2310"}],"wp:term":[{"taxonomy":"category","embeddable":true,"href":"https:\/\/www.fondslesbien.org\/en\/wp-json\/wp\/v2\/categories?post=2310"},{"taxonomy":"post_tag","embeddable":true,"href":"https:\/\/www.fondslesbien.org\/en\/wp-json\/wp\/v2\/tags?post=2310"}],"curies":[{"name":"wp","href":"https:\/\/api.w.org\/{rel}","templated":true}]}}