{"id":2387,"date":"2023-09-22T13:32:44","date_gmt":"2023-09-22T11:32:44","guid":{"rendered":"https:\/\/www.fondslesbien.org\/?p=2387"},"modified":"2023-09-22T13:32:44","modified_gmt":"2023-09-22T11:32:44","slug":"exposition-et-lamour-aussi","status":"publish","type":"post","link":"https:\/\/www.fondslesbien.org\/en\/exposition-et-lamour-aussi\/","title":{"rendered":"Exposition &#8220;Et l&#8217;amour aussi&#8221;"},"content":{"rendered":"<p><span style=\"font-weight: 400;\">En 2022 Marie Docher a \u00e9t\u00e9 laur\u00e9ate de la <\/span><a href=\"https:\/\/www.bnf.fr\/fr\/commande-photographique-photojournalistes\"><span style=\"font-weight: 400;\">Grande Commande Photographique du minist\u00e8re de la Culture\/BnF\u00a0<\/span><\/a><span style=\"font-weight: 400;\">: <\/span><i><span style=\"font-weight: 400;\">Radioscopie de la France : regards sur un pays travers\u00e9 par la crise sanitaire<\/span><\/i><span style=\"font-weight: 400;\">. Le projet s\u00e9lectionn\u00e9 porte sur les repr\u00e9sentations lesbiennes 10 ans apr\u00e8s les d\u00e9bats et le vote de la loi sur le mariage.\u00a0<\/span><\/p>\n<p><span style=\"font-weight: 400;\">D\u00e8s l\u2019\u00e9criture du projet, il est apparu clair pour Marie Docher qu\u2019il faudrait le penser plus large que la commande. La photographe a rencontr\u00e9 80 lesbiennes, r\u00e9alis\u00e9 40 portraits et entretiens avec 50 femmes, 3 hommes (2 cis et 1 trans), 3 enfants. Elle a document\u00e9 des manifs, des comm\u00e9morations. La richesse de ces \u00e9changes donnera lieu en octobre 2023 \u00e0 la publication d\u2019un livre \u00e9ponyme \u00e0 La D\u00e9ferlante Editions.\u00a0<\/span><\/p>\n<p><span style=\"font-weight: 400;\">Afin de rendre ce travail accessible au plus grand nombre, et notammeut aux associations lesbiennes et aux marches de fiert\u00e9s en r\u00e9gion, Marie Docher a d\u00e9cid\u00e9 de produire une expo en forme de b\u00e2ches,<\/span><span style=\"font-weight: 400;\"> simple \u00e0 installer, sur des toiles solides et l\u00e9g\u00e8res, avec un co\u00fbt de transport r\u00e9duit. La LIG a contribu\u00e9 \u00e0 la r\u00e9alisation de cette expo.<\/span><\/p>\n","protected":false},"excerpt":{"rendered":"<p>En 2022 Marie Docher a \u00e9t\u00e9 laur\u00e9ate de la Grande Commande Photographique du minist\u00e8re de la Culture\/BnF\u00a0: Radioscopie de la France : regards sur un pays travers\u00e9 par la crise sanitaire. Le projet s\u00e9lectionn\u00e9 porte sur les repr\u00e9sentations lesbiennes 10 ans apr\u00e8s les d\u00e9bats et le vote de la loi sur le mariage.\u00a0 D\u00e8s l\u2019\u00e9criture&#8230;<\/p>\n","protected":false},"author":2,"featured_media":2388,"comment_status":"closed","ping_status":"open","sticky":false,"template":"","format":"standard","meta":{"footnotes":""},"categories":[21],"tags":[],"class_list":["post-2387","post","type-post","status-publish","format-standard","has-post-thumbnail","hentry","category-projets-soutenus"],"translation":{"provider":"WPGlobus","version":"3.0.2","language":"en","enabled_languages":["fr","en"],"languages":{"fr":{"title":true,"content":true,"excerpt":false},"en":{"title":false,"content":false,"excerpt":false}}},"yoast_head":"<!-- This site is optimized with the Yoast SEO plugin v26.8 - https:\/\/yoast.com\/product\/yoast-seo-wordpress\/ -->\n<title>Exposition &quot;Et l&#039;amour aussi&quot; &#8212; LIG<\/title>\n<meta name=\"robots\" content=\"index, follow, max-snippet:-1, max-image-preview:large, max-video-preview:-1\" \/>\n<link rel=\"canonical\" href=\"https:\/\/www.fondslesbien.org\/exposition-et-lamour-aussi\/\" \/>\n<meta property=\"og:locale\" content=\"en_US\" \/>\n<meta property=\"og:type\" content=\"article\" \/>\n<meta property=\"og:title\" content=\"Exposition &quot;Et l&#039;amour aussi&quot; &#8212; LIG\" \/>\n<meta property=\"og:url\" content=\"https:\/\/www.fondslesbien.org\/exposition-et-lamour-aussi\/\" \/>\n<meta property=\"og:site_name\" content=\"LIG\" \/>\n<meta property=\"article:published_time\" content=\"2023-09-22T11:32:44+00:00\" \/>\n<meta property=\"og:image\" content=\"https:\/\/www.fondslesbien.org\/wp-content\/uploads\/2023\/09\/Marie-Docher.jpg\" \/>\n\t<meta property=\"og:image:width\" content=\"2048\" \/>\n\t<meta property=\"og:image:height\" content=\"1536\" \/>\n\t<meta property=\"og:image:type\" content=\"image\/jpeg\" \/>\n<meta name=\"author\" content=\"Veronica Noseda\" \/>\n<meta name=\"twitter:card\" content=\"summary_large_image\" \/>\n<meta name=\"twitter:label1\" content=\"Written by\" \/>\n\t<meta name=\"twitter:data1\" content=\"Veronica Noseda\" \/>\n\t<meta name=\"twitter:label2\" content=\"Est. reading time\" \/>\n\t<meta name=\"twitter:data2\" content=\"1 minute\" \/>\n<script type=\"application\/ld+json\" class=\"yoast-schema-graph\">{\"@context\":\"https:\/\/schema.org\",\"@graph\":[{\"@type\":\"Article\",\"@id\":\"https:\/\/www.fondslesbien.org\/exposition-et-lamour-aussi\/#article\",\"isPartOf\":{\"@id\":\"https:\/\/www.fondslesbien.org\/exposition-et-lamour-aussi\/\"},\"author\":{\"name\":\"Veronica Noseda\",\"@id\":\"https:\/\/www.fondslesbien.org\/#\/schema\/person\/9ab55cc49715d7721bb788dbd52174ec\"},\"headline\":\"Exposition &#8220;Et l&#8217;amour aussi&#8221;\",\"datePublished\":\"2023-09-22T11:32:44+00:00\",\"mainEntityOfPage\":{\"@id\":\"https:\/\/www.fondslesbien.org\/exposition-et-lamour-aussi\/\"},\"wordCount\":195,\"image\":{\"@id\":\"https:\/\/www.fondslesbien.org\/exposition-et-lamour-aussi\/#primaryimage\"},\"thumbnailUrl\":\"https:\/\/www.fondslesbien.org\/wp-content\/uploads\/2023\/09\/Marie-Docher.jpg\",\"articleSection\":[\"Projets soutenus\"],\"inLanguage\":\"en-US\"},{\"@type\":\"WebPage\",\"@id\":\"https:\/\/www.fondslesbien.org\/exposition-et-lamour-aussi\/\",\"url\":\"https:\/\/www.fondslesbien.org\/exposition-et-lamour-aussi\/\",\"name\":\"Exposition \\\"Et l'amour aussi\\\" &#8212; LIG\",\"isPartOf\":{\"@id\":\"https:\/\/www.fondslesbien.org\/#website\"},\"primaryImageOfPage\":{\"@id\":\"https:\/\/www.fondslesbien.org\/exposition-et-lamour-aussi\/#primaryimage\"},\"image\":{\"@id\":\"https:\/\/www.fondslesbien.org\/exposition-et-lamour-aussi\/#primaryimage\"},\"thumbnailUrl\":\"https:\/\/www.fondslesbien.org\/wp-content\/uploads\/2023\/09\/Marie-Docher.jpg\",\"datePublished\":\"2023-09-22T11:32:44+00:00\",\"author\":{\"@id\":\"https:\/\/www.fondslesbien.org\/#\/schema\/person\/9ab55cc49715d7721bb788dbd52174ec\"},\"breadcrumb\":{\"@id\":\"https:\/\/www.fondslesbien.org\/exposition-et-lamour-aussi\/#breadcrumb\"},\"inLanguage\":\"en-US\",\"potentialAction\":[{\"@type\":\"ReadAction\",\"target\":[\"https:\/\/www.fondslesbien.org\/exposition-et-lamour-aussi\/\"]}]},{\"@type\":\"ImageObject\",\"inLanguage\":\"en-US\",\"@id\":\"https:\/\/www.fondslesbien.org\/exposition-et-lamour-aussi\/#primaryimage\",\"url\":\"https:\/\/www.fondslesbien.org\/wp-content\/uploads\/2023\/09\/Marie-Docher.jpg\",\"contentUrl\":\"https:\/\/www.fondslesbien.org\/wp-content\/uploads\/2023\/09\/Marie-Docher.jpg\",\"width\":2048,\"height\":1536},{\"@type\":\"BreadcrumbList\",\"@id\":\"https:\/\/www.fondslesbien.org\/exposition-et-lamour-aussi\/#breadcrumb\",\"itemListElement\":[{\"@type\":\"ListItem\",\"position\":1,\"name\":\"Home\",\"item\":\"https:\/\/www.fondslesbien.org\/\"},{\"@type\":\"ListItem\",\"position\":2,\"name\":\"Exposition \u00ab\u00a0Et l&rsquo;amour aussi\u00a0\u00bb\"}]},{\"@type\":\"WebSite\",\"@id\":\"https:\/\/www.fondslesbien.org\/#website\",\"url\":\"https:\/\/www.fondslesbien.org\/\",\"name\":\"LIG\",\"description\":\"Lesbiennes d\u2019Int\u00e9r\u00eat G\u00e9n\u00e9ral\",\"potentialAction\":[{\"@type\":\"SearchAction\",\"target\":{\"@type\":\"EntryPoint\",\"urlTemplate\":\"https:\/\/www.fondslesbien.org\/?s={search_term_string}\"},\"query-input\":{\"@type\":\"PropertyValueSpecification\",\"valueRequired\":true,\"valueName\":\"search_term_string\"}}],\"inLanguage\":\"en-US\"},{\"@type\":\"Person\",\"@id\":\"https:\/\/www.fondslesbien.org\/#\/schema\/person\/9ab55cc49715d7721bb788dbd52174ec\",\"name\":\"Veronica Noseda\",\"image\":{\"@type\":\"ImageObject\",\"inLanguage\":\"en-US\",\"@id\":\"https:\/\/www.fondslesbien.org\/#\/schema\/person\/image\/\",\"url\":\"https:\/\/secure.gravatar.com\/avatar\/56a20513ad0e9ee8a12ca4e787476caa?s=96&d=mm&r=g\",\"contentUrl\":\"https:\/\/secure.gravatar.com\/avatar\/56a20513ad0e9ee8a12ca4e787476caa?s=96&d=mm&r=g\",\"caption\":\"Veronica Noseda\"},\"url\":\"https:\/\/www.fondslesbien.org\/en\/author\/yurilig\/\"}]}<\/script>\n<!-- \/ Yoast SEO plugin. -->","yoast_head_json":{"title":"Exposition \"Et l'amour aussi\" &#8212; LIG","robots":{"index":"index","follow":"follow","max-snippet":"max-snippet:-1","max-image-preview":"max-image-preview:large","max-video-preview":"max-video-preview:-1"},"canonical":"https:\/\/www.fondslesbien.org\/exposition-et-lamour-aussi\/","og_locale":"en_US","og_type":"article","og_title":"Exposition \"Et l'amour aussi\" &#8212; LIG","og_url":"https:\/\/www.fondslesbien.org\/exposition-et-lamour-aussi\/","og_site_name":"LIG","article_published_time":"2023-09-22T11:32:44+00:00","og_image":[{"width":2048,"height":1536,"url":"https:\/\/www.fondslesbien.org\/wp-content\/uploads\/2023\/09\/Marie-Docher.jpg","type":"image\/jpeg"}],"author":"Veronica Noseda","twitter_card":"summary_large_image","twitter_misc":{"Written by":"Veronica Noseda","Est. reading time":"1 minute"},"schema":{"@context":"https:\/\/schema.org","@graph":[{"@type":"Article","@id":"https:\/\/www.fondslesbien.org\/exposition-et-lamour-aussi\/#article","isPartOf":{"@id":"https:\/\/www.fondslesbien.org\/exposition-et-lamour-aussi\/"},"author":{"name":"Veronica Noseda","@id":"https:\/\/www.fondslesbien.org\/#\/schema\/person\/9ab55cc49715d7721bb788dbd52174ec"},"headline":"Exposition &#8220;Et l&#8217;amour aussi&#8221;","datePublished":"2023-09-22T11:32:44+00:00","mainEntityOfPage":{"@id":"https:\/\/www.fondslesbien.org\/exposition-et-lamour-aussi\/"},"wordCount":195,"image":{"@id":"https:\/\/www.fondslesbien.org\/exposition-et-lamour-aussi\/#primaryimage"},"thumbnailUrl":"https:\/\/www.fondslesbien.org\/wp-content\/uploads\/2023\/09\/Marie-Docher.jpg","articleSection":["Projets soutenus"],"inLanguage":"en-US"},{"@type":"WebPage","@id":"https:\/\/www.fondslesbien.org\/exposition-et-lamour-aussi\/","url":"https:\/\/www.fondslesbien.org\/exposition-et-lamour-aussi\/","name":"Exposition \"Et l'amour aussi\" &#8212; LIG","isPartOf":{"@id":"https:\/\/www.fondslesbien.org\/#website"},"primaryImageOfPage":{"@id":"https:\/\/www.fondslesbien.org\/exposition-et-lamour-aussi\/#primaryimage"},"image":{"@id":"https:\/\/www.fondslesbien.org\/exposition-et-lamour-aussi\/#primaryimage"},"thumbnailUrl":"https:\/\/www.fondslesbien.org\/wp-content\/uploads\/2023\/09\/Marie-Docher.jpg","datePublished":"2023-09-22T11:32:44+00:00","author":{"@id":"https:\/\/www.fondslesbien.org\/#\/schema\/person\/9ab55cc49715d7721bb788dbd52174ec"},"breadcrumb":{"@id":"https:\/\/www.fondslesbien.org\/exposition-et-lamour-aussi\/#breadcrumb"},"inLanguage":"en-US","potentialAction":[{"@type":"ReadAction","target":["https:\/\/www.fondslesbien.org\/exposition-et-lamour-aussi\/"]}]},{"@type":"ImageObject","inLanguage":"en-US","@id":"https:\/\/www.fondslesbien.org\/exposition-et-lamour-aussi\/#primaryimage","url":"https:\/\/www.fondslesbien.org\/wp-content\/uploads\/2023\/09\/Marie-Docher.jpg","contentUrl":"https:\/\/www.fondslesbien.org\/wp-content\/uploads\/2023\/09\/Marie-Docher.jpg","width":2048,"height":1536},{"@type":"BreadcrumbList","@id":"https:\/\/www.fondslesbien.org\/exposition-et-lamour-aussi\/#breadcrumb","itemListElement":[{"@type":"ListItem","position":1,"name":"Home","item":"https:\/\/www.fondslesbien.org\/"},{"@type":"ListItem","position":2,"name":"Exposition \u00ab\u00a0Et l&rsquo;amour aussi\u00a0\u00bb"}]},{"@type":"WebSite","@id":"https:\/\/www.fondslesbien.org\/#website","url":"https:\/\/www.fondslesbien.org\/","name":"LIG","description":"Lesbiennes d\u2019Int\u00e9r\u00eat G\u00e9n\u00e9ral","potentialAction":[{"@type":"SearchAction","target":{"@type":"EntryPoint","urlTemplate":"https:\/\/www.fondslesbien.org\/?s={search_term_string}"},"query-input":{"@type":"PropertyValueSpecification","valueRequired":true,"valueName":"search_term_string"}}],"inLanguage":"en-US"},{"@type":"Person","@id":"https:\/\/www.fondslesbien.org\/#\/schema\/person\/9ab55cc49715d7721bb788dbd52174ec","name":"Veronica Noseda","image":{"@type":"ImageObject","inLanguage":"en-US","@id":"https:\/\/www.fondslesbien.org\/#\/schema\/person\/image\/","url":"https:\/\/secure.gravatar.com\/avatar\/56a20513ad0e9ee8a12ca4e787476caa?s=96&d=mm&r=g","contentUrl":"https:\/\/secure.gravatar.com\/avatar\/56a20513ad0e9ee8a12ca4e787476caa?s=96&d=mm&r=g","caption":"Veronica Noseda"},"url":"https:\/\/www.fondslesbien.org\/en\/author\/yurilig\/"}]}},"_links":{"self":[{"href":"https:\/\/www.fondslesbien.org\/en\/wp-json\/wp\/v2\/posts\/2387","targetHints":{"allow":["GET"]}}],"collection":[{"href":"https:\/\/www.fondslesbien.org\/en\/wp-json\/wp\/v2\/posts"}],"about":[{"href":"https:\/\/www.fondslesbien.org\/en\/wp-json\/wp\/v2\/types\/post"}],"author":[{"embeddable":true,"href":"https:\/\/www.fondslesbien.org\/en\/wp-json\/wp\/v2\/users\/2"}],"replies":[{"embeddable":true,"href":"https:\/\/www.fondslesbien.org\/en\/wp-json\/wp\/v2\/comments?post=2387"}],"version-history":[{"count":2,"href":"https:\/\/www.fondslesbien.org\/en\/wp-json\/wp\/v2\/posts\/2387\/revisions"}],"predecessor-version":[{"id":2390,"href":"https:\/\/www.fondslesbien.org\/en\/wp-json\/wp\/v2\/posts\/2387\/revisions\/2390"}],"wp:featuredmedia":[{"embeddable":true,"href":"https:\/\/www.fondslesbien.org\/en\/wp-json\/wp\/v2\/media\/2388"}],"wp:attachment":[{"href":"https:\/\/www.fondslesbien.org\/en\/wp-json\/wp\/v2\/media?parent=2387"}],"wp:term":[{"taxonomy":"category","embeddable":true,"href":"https:\/\/www.fondslesbien.org\/en\/wp-json\/wp\/v2\/categories?post=2387"},{"taxonomy":"post_tag","embeddable":true,"href":"https:\/\/www.fondslesbien.org\/en\/wp-json\/wp\/v2\/tags?post=2387"}],"curies":[{"name":"wp","href":"https:\/\/api.w.org\/{rel}","templated":true}]}}