{"id":2468,"date":"2021-04-30T11:23:10","date_gmt":"2021-04-30T09:23:10","guid":{"rendered":"https:\/\/www.fondslesbien.org\/?p=2468"},"modified":"2024-01-31T11:26:46","modified_gmt":"2024-01-31T10:26:46","slug":"monique-es-tu-la","status":"publish","type":"post","link":"https:\/\/www.fondslesbien.org\/en\/monique-es-tu-la\/","title":{"rendered":"Monique, es-tu l\u00e0?"},"content":{"rendered":"<p>Ce spectacle, produit par la Compagnie Divine Bouch\u00e8re, est une c\u00e9l\u00e9bration pa\u00efenne et jubilatoire de nos \u00ab lesbianitudes \u00bb. Dans cette pi\u00e8ce de Jessica Roumeur, quatre artistes lesbiennes (une musicienne et trois com\u00e9diennes) se racontent et croisent leurs parcours \u00e0 ceux de<br \/>\njeunes lesbiennes d\u2019aujourd\u2019hui et de jeunes lesbiennes d\u2019hier gr\u00e2ce \u00e0 un collectage de t\u00e9moignages, ainsi qu\u2019\u00e0 ceux de leurs<br \/>\n\u00ab goudoud\u00e9esses \u00bb. Les quatre artistes sont les ma\u00eetresses de c\u00e9r\u00e9monie de ce sacre lesbien qui convergera vers l\u2019ouverture d\u2019un<br \/>\ndancefloor \u2013 mani\u00e8re intemporelle et pa\u00efenne de communier. (Dans l\u2019\u00e8re post-covid, le public sera invit\u00e9 \u00e0 danser !)<\/p>\n","protected":false},"excerpt":{"rendered":"<p>Ce spectacle, produit par la Compagnie Divine Bouch\u00e8re, est une c\u00e9l\u00e9bration pa\u00efenne et jubilatoire de nos \u00ab lesbianitudes \u00bb. Dans cette pi\u00e8ce de Jessica Roumeur, quatre artistes lesbiennes (une musicienne et trois com\u00e9diennes) se racontent et croisent leurs parcours \u00e0 ceux de jeunes lesbiennes d\u2019aujourd\u2019hui et de jeunes lesbiennes d\u2019hier gr\u00e2ce \u00e0 un collectage de&#8230;<\/p>\n","protected":false},"author":2,"featured_media":2469,"comment_status":"closed","ping_status":"open","sticky":false,"template":"","format":"standard","meta":{"footnotes":""},"categories":[1],"tags":[],"class_list":["post-2468","post","type-post","status-publish","format-standard","has-post-thumbnail","hentry","category-actualites"],"translation":{"provider":"WPGlobus","version":"3.0.2","language":"en","enabled_languages":["fr","en"],"languages":{"fr":{"title":true,"content":true,"excerpt":false},"en":{"title":false,"content":false,"excerpt":false}}},"yoast_head":"<!-- This site is optimized with the Yoast SEO plugin v26.8 - https:\/\/yoast.com\/product\/yoast-seo-wordpress\/ -->\n<title>Monique, es-tu l\u00e0? &#8212; LIG<\/title>\n<meta name=\"robots\" content=\"index, follow, max-snippet:-1, max-image-preview:large, max-video-preview:-1\" \/>\n<link rel=\"canonical\" href=\"https:\/\/www.fondslesbien.org\/monique-es-tu-la\/\" \/>\n<meta property=\"og:locale\" content=\"en_US\" \/>\n<meta property=\"og:type\" content=\"article\" \/>\n<meta property=\"og:title\" content=\"Monique, es-tu l\u00e0? &#8212; LIG\" \/>\n<meta property=\"og:url\" content=\"https:\/\/www.fondslesbien.org\/monique-es-tu-la\/\" \/>\n<meta property=\"og:site_name\" content=\"LIG\" \/>\n<meta property=\"article:published_time\" content=\"2021-04-30T09:23:10+00:00\" \/>\n<meta property=\"article:modified_time\" content=\"2024-01-31T10:26:46+00:00\" \/>\n<meta property=\"og:image\" content=\"https:\/\/www.fondslesbien.org\/wp-content\/uploads\/2024\/01\/Monique.jpg\" \/>\n\t<meta property=\"og:image:width\" content=\"2082\" \/>\n\t<meta property=\"og:image:height\" content=\"1170\" \/>\n\t<meta property=\"og:image:type\" content=\"image\/jpeg\" \/>\n<meta name=\"author\" content=\"Veronica Noseda\" \/>\n<meta name=\"twitter:card\" content=\"summary_large_image\" \/>\n<meta name=\"twitter:label1\" content=\"Written by\" \/>\n\t<meta name=\"twitter:data1\" content=\"Veronica Noseda\" \/>\n\t<meta name=\"twitter:label2\" content=\"Est. reading time\" \/>\n\t<meta name=\"twitter:data2\" content=\"1 minute\" \/>\n<script type=\"application\/ld+json\" class=\"yoast-schema-graph\">{\"@context\":\"https:\/\/schema.org\",\"@graph\":[{\"@type\":\"Article\",\"@id\":\"https:\/\/www.fondslesbien.org\/monique-es-tu-la\/#article\",\"isPartOf\":{\"@id\":\"https:\/\/www.fondslesbien.org\/monique-es-tu-la\/\"},\"author\":{\"name\":\"Veronica Noseda\",\"@id\":\"https:\/\/www.fondslesbien.org\/#\/schema\/person\/9ab55cc49715d7721bb788dbd52174ec\"},\"headline\":\"Monique, es-tu l\u00e0?\",\"datePublished\":\"2021-04-30T09:23:10+00:00\",\"dateModified\":\"2024-01-31T10:26:46+00:00\",\"mainEntityOfPage\":{\"@id\":\"https:\/\/www.fondslesbien.org\/monique-es-tu-la\/\"},\"wordCount\":113,\"image\":{\"@id\":\"https:\/\/www.fondslesbien.org\/monique-es-tu-la\/#primaryimage\"},\"thumbnailUrl\":\"https:\/\/www.fondslesbien.org\/wp-content\/uploads\/2024\/01\/Monique.jpg\",\"articleSection\":[\"Actualit\u00e9s\"],\"inLanguage\":\"en-US\"},{\"@type\":\"WebPage\",\"@id\":\"https:\/\/www.fondslesbien.org\/monique-es-tu-la\/\",\"url\":\"https:\/\/www.fondslesbien.org\/monique-es-tu-la\/\",\"name\":\"Monique, es-tu l\u00e0? &#8212; LIG\",\"isPartOf\":{\"@id\":\"https:\/\/www.fondslesbien.org\/#website\"},\"primaryImageOfPage\":{\"@id\":\"https:\/\/www.fondslesbien.org\/monique-es-tu-la\/#primaryimage\"},\"image\":{\"@id\":\"https:\/\/www.fondslesbien.org\/monique-es-tu-la\/#primaryimage\"},\"thumbnailUrl\":\"https:\/\/www.fondslesbien.org\/wp-content\/uploads\/2024\/01\/Monique.jpg\",\"datePublished\":\"2021-04-30T09:23:10+00:00\",\"dateModified\":\"2024-01-31T10:26:46+00:00\",\"author\":{\"@id\":\"https:\/\/www.fondslesbien.org\/#\/schema\/person\/9ab55cc49715d7721bb788dbd52174ec\"},\"breadcrumb\":{\"@id\":\"https:\/\/www.fondslesbien.org\/monique-es-tu-la\/#breadcrumb\"},\"inLanguage\":\"en-US\",\"potentialAction\":[{\"@type\":\"ReadAction\",\"target\":[\"https:\/\/www.fondslesbien.org\/monique-es-tu-la\/\"]}]},{\"@type\":\"ImageObject\",\"inLanguage\":\"en-US\",\"@id\":\"https:\/\/www.fondslesbien.org\/monique-es-tu-la\/#primaryimage\",\"url\":\"https:\/\/www.fondslesbien.org\/wp-content\/uploads\/2024\/01\/Monique.jpg\",\"contentUrl\":\"https:\/\/www.fondslesbien.org\/wp-content\/uploads\/2024\/01\/Monique.jpg\",\"width\":2082,\"height\":1170},{\"@type\":\"BreadcrumbList\",\"@id\":\"https:\/\/www.fondslesbien.org\/monique-es-tu-la\/#breadcrumb\",\"itemListElement\":[{\"@type\":\"ListItem\",\"position\":1,\"name\":\"Home\",\"item\":\"https:\/\/www.fondslesbien.org\/\"},{\"@type\":\"ListItem\",\"position\":2,\"name\":\"Monique, es-tu l\u00e0?\"}]},{\"@type\":\"WebSite\",\"@id\":\"https:\/\/www.fondslesbien.org\/#website\",\"url\":\"https:\/\/www.fondslesbien.org\/\",\"name\":\"LIG\",\"description\":\"Lesbiennes d\u2019Int\u00e9r\u00eat G\u00e9n\u00e9ral\",\"potentialAction\":[{\"@type\":\"SearchAction\",\"target\":{\"@type\":\"EntryPoint\",\"urlTemplate\":\"https:\/\/www.fondslesbien.org\/?s={search_term_string}\"},\"query-input\":{\"@type\":\"PropertyValueSpecification\",\"valueRequired\":true,\"valueName\":\"search_term_string\"}}],\"inLanguage\":\"en-US\"},{\"@type\":\"Person\",\"@id\":\"https:\/\/www.fondslesbien.org\/#\/schema\/person\/9ab55cc49715d7721bb788dbd52174ec\",\"name\":\"Veronica Noseda\",\"image\":{\"@type\":\"ImageObject\",\"inLanguage\":\"en-US\",\"@id\":\"https:\/\/www.fondslesbien.org\/#\/schema\/person\/image\/\",\"url\":\"https:\/\/secure.gravatar.com\/avatar\/56a20513ad0e9ee8a12ca4e787476caa?s=96&d=mm&r=g\",\"contentUrl\":\"https:\/\/secure.gravatar.com\/avatar\/56a20513ad0e9ee8a12ca4e787476caa?s=96&d=mm&r=g\",\"caption\":\"Veronica Noseda\"},\"url\":\"https:\/\/www.fondslesbien.org\/en\/author\/yurilig\/\"}]}<\/script>\n<!-- \/ Yoast SEO plugin. -->","yoast_head_json":{"title":"Monique, es-tu l\u00e0? &#8212; LIG","robots":{"index":"index","follow":"follow","max-snippet":"max-snippet:-1","max-image-preview":"max-image-preview:large","max-video-preview":"max-video-preview:-1"},"canonical":"https:\/\/www.fondslesbien.org\/monique-es-tu-la\/","og_locale":"en_US","og_type":"article","og_title":"Monique, es-tu l\u00e0? &#8212; LIG","og_url":"https:\/\/www.fondslesbien.org\/monique-es-tu-la\/","og_site_name":"LIG","article_published_time":"2021-04-30T09:23:10+00:00","article_modified_time":"2024-01-31T10:26:46+00:00","og_image":[{"width":2082,"height":1170,"url":"https:\/\/www.fondslesbien.org\/wp-content\/uploads\/2024\/01\/Monique.jpg","type":"image\/jpeg"}],"author":"Veronica Noseda","twitter_card":"summary_large_image","twitter_misc":{"Written by":"Veronica Noseda","Est. reading time":"1 minute"},"schema":{"@context":"https:\/\/schema.org","@graph":[{"@type":"Article","@id":"https:\/\/www.fondslesbien.org\/monique-es-tu-la\/#article","isPartOf":{"@id":"https:\/\/www.fondslesbien.org\/monique-es-tu-la\/"},"author":{"name":"Veronica Noseda","@id":"https:\/\/www.fondslesbien.org\/#\/schema\/person\/9ab55cc49715d7721bb788dbd52174ec"},"headline":"Monique, es-tu l\u00e0?","datePublished":"2021-04-30T09:23:10+00:00","dateModified":"2024-01-31T10:26:46+00:00","mainEntityOfPage":{"@id":"https:\/\/www.fondslesbien.org\/monique-es-tu-la\/"},"wordCount":113,"image":{"@id":"https:\/\/www.fondslesbien.org\/monique-es-tu-la\/#primaryimage"},"thumbnailUrl":"https:\/\/www.fondslesbien.org\/wp-content\/uploads\/2024\/01\/Monique.jpg","articleSection":["Actualit\u00e9s"],"inLanguage":"en-US"},{"@type":"WebPage","@id":"https:\/\/www.fondslesbien.org\/monique-es-tu-la\/","url":"https:\/\/www.fondslesbien.org\/monique-es-tu-la\/","name":"Monique, es-tu l\u00e0? &#8212; LIG","isPartOf":{"@id":"https:\/\/www.fondslesbien.org\/#website"},"primaryImageOfPage":{"@id":"https:\/\/www.fondslesbien.org\/monique-es-tu-la\/#primaryimage"},"image":{"@id":"https:\/\/www.fondslesbien.org\/monique-es-tu-la\/#primaryimage"},"thumbnailUrl":"https:\/\/www.fondslesbien.org\/wp-content\/uploads\/2024\/01\/Monique.jpg","datePublished":"2021-04-30T09:23:10+00:00","dateModified":"2024-01-31T10:26:46+00:00","author":{"@id":"https:\/\/www.fondslesbien.org\/#\/schema\/person\/9ab55cc49715d7721bb788dbd52174ec"},"breadcrumb":{"@id":"https:\/\/www.fondslesbien.org\/monique-es-tu-la\/#breadcrumb"},"inLanguage":"en-US","potentialAction":[{"@type":"ReadAction","target":["https:\/\/www.fondslesbien.org\/monique-es-tu-la\/"]}]},{"@type":"ImageObject","inLanguage":"en-US","@id":"https:\/\/www.fondslesbien.org\/monique-es-tu-la\/#primaryimage","url":"https:\/\/www.fondslesbien.org\/wp-content\/uploads\/2024\/01\/Monique.jpg","contentUrl":"https:\/\/www.fondslesbien.org\/wp-content\/uploads\/2024\/01\/Monique.jpg","width":2082,"height":1170},{"@type":"BreadcrumbList","@id":"https:\/\/www.fondslesbien.org\/monique-es-tu-la\/#breadcrumb","itemListElement":[{"@type":"ListItem","position":1,"name":"Home","item":"https:\/\/www.fondslesbien.org\/"},{"@type":"ListItem","position":2,"name":"Monique, es-tu l\u00e0?"}]},{"@type":"WebSite","@id":"https:\/\/www.fondslesbien.org\/#website","url":"https:\/\/www.fondslesbien.org\/","name":"LIG","description":"Lesbiennes d\u2019Int\u00e9r\u00eat G\u00e9n\u00e9ral","potentialAction":[{"@type":"SearchAction","target":{"@type":"EntryPoint","urlTemplate":"https:\/\/www.fondslesbien.org\/?s={search_term_string}"},"query-input":{"@type":"PropertyValueSpecification","valueRequired":true,"valueName":"search_term_string"}}],"inLanguage":"en-US"},{"@type":"Person","@id":"https:\/\/www.fondslesbien.org\/#\/schema\/person\/9ab55cc49715d7721bb788dbd52174ec","name":"Veronica Noseda","image":{"@type":"ImageObject","inLanguage":"en-US","@id":"https:\/\/www.fondslesbien.org\/#\/schema\/person\/image\/","url":"https:\/\/secure.gravatar.com\/avatar\/56a20513ad0e9ee8a12ca4e787476caa?s=96&d=mm&r=g","contentUrl":"https:\/\/secure.gravatar.com\/avatar\/56a20513ad0e9ee8a12ca4e787476caa?s=96&d=mm&r=g","caption":"Veronica Noseda"},"url":"https:\/\/www.fondslesbien.org\/en\/author\/yurilig\/"}]}},"_links":{"self":[{"href":"https:\/\/www.fondslesbien.org\/en\/wp-json\/wp\/v2\/posts\/2468","targetHints":{"allow":["GET"]}}],"collection":[{"href":"https:\/\/www.fondslesbien.org\/en\/wp-json\/wp\/v2\/posts"}],"about":[{"href":"https:\/\/www.fondslesbien.org\/en\/wp-json\/wp\/v2\/types\/post"}],"author":[{"embeddable":true,"href":"https:\/\/www.fondslesbien.org\/en\/wp-json\/wp\/v2\/users\/2"}],"replies":[{"embeddable":true,"href":"https:\/\/www.fondslesbien.org\/en\/wp-json\/wp\/v2\/comments?post=2468"}],"version-history":[{"count":2,"href":"https:\/\/www.fondslesbien.org\/en\/wp-json\/wp\/v2\/posts\/2468\/revisions"}],"predecessor-version":[{"id":2472,"href":"https:\/\/www.fondslesbien.org\/en\/wp-json\/wp\/v2\/posts\/2468\/revisions\/2472"}],"wp:featuredmedia":[{"embeddable":true,"href":"https:\/\/www.fondslesbien.org\/en\/wp-json\/wp\/v2\/media\/2469"}],"wp:attachment":[{"href":"https:\/\/www.fondslesbien.org\/en\/wp-json\/wp\/v2\/media?parent=2468"}],"wp:term":[{"taxonomy":"category","embeddable":true,"href":"https:\/\/www.fondslesbien.org\/en\/wp-json\/wp\/v2\/categories?post=2468"},{"taxonomy":"post_tag","embeddable":true,"href":"https:\/\/www.fondslesbien.org\/en\/wp-json\/wp\/v2\/tags?post=2468"}],"curies":[{"name":"wp","href":"https:\/\/api.w.org\/{rel}","templated":true}]}}