{"id":2597,"date":"2024-12-17T19:02:57","date_gmt":"2024-12-17T18:02:57","guid":{"rendered":"https:\/\/www.fondslesbien.org\/?p=2597"},"modified":"2024-12-17T19:02:57","modified_gmt":"2024-12-17T18:02:57","slug":"nucleaires-exposition-sur-les-parentalites-lesbiennes","status":"publish","type":"post","link":"https:\/\/www.fondslesbien.org\/en\/nucleaires-exposition-sur-les-parentalites-lesbiennes\/","title":{"rendered":"Nucl\u00e9aires &#8211; exposition sur les parentalit\u00e9s lesbiennes"},"content":{"rendered":"<p>Nucl\u00e9aires est une exposition collective de photographie, qui repr\u00e9sente et raconte les parentalit\u00e9s lesbiennes et queer dans plusieurs de leurs dimensions : corporelle, sociale, politique, intime. Fr\u00e9quemment en rupture avec le mod\u00e8le traditionnel de la famille nucl\u00e9aire, l\u2019existence de ces parentalit\u00e9s remet en question sa validit\u00e9 et son fonctionnement. Elles constituent \u00e0 plusieurs \u00e9gards un v\u00e9ritable trouble dans l\u2019ordre patriarcal, font r\u00e9guli\u00e8rement l\u2019objet de diverses formes de stigmatisation et \u00e9voluent dans des conditions mat\u00e9rielles parfois complexes. Face \u00e0 ce constat, Nucl\u00e9aires incarne et met en lumi\u00e8re les pratiques individuelles et collectives autour des parentalit\u00e9s lesbiennes et queer. Associant diff\u00e9rentes formes photographiques comme le portrait, la photo documentaire ou le reportage intimiste, le projet se situe au carrefour de plusieurs pratiques artistiques, journalistiques et militantes. Il s\u2019inscrit dans le prolongement du travail men\u00e9 depuis plusieurs ann\u00e9es par le collectif Matergouinit\u00e9 et se nourrit de la r\u00e9flexion d\u2019initiatives d\u00e9velopp\u00e9es autour des parentalit\u00e9s queer.<\/p>\n<p>Les photographes pr\u00e9vues pour l\u2019exposition sont au nombre de cinq. Nucl\u00e9aires expose ainsi Resemblance, une s\u00e9rie de photos de Leah DeVun, enseignantz et photographe \u00e9tasunienne, au c\u0153ur de laquelle se trouvent son partenaire transgenre non binaire, et son fils. Le caract\u00e8re intime de sa photographie met en lumi\u00e8re le quotidien de cette famille queer sur le long terme, de m\u00eame que la force du lien qui unit ses membres. Le travail photographique de Leah DeVun, prim\u00e9 \u00e0 de nombreuses reprises, s\u2019inscrit dans une r\u00e9flexion sur l\u2019histoire LGBTQI+, le genre et la mani\u00e8re dont il travaille le rapport au corps des individus.<\/p>\n<p>L\u2019exposition comprend \u00e9galement une s\u00e9rie de la photographe Am\u00e9lie Cabocel. Dans son travail sur les parentalit\u00e9s lesbiennes, intitul\u00e9 Enceint\u00b7es, elle propose des portraits de personnes queer pendant leur grossesse afin de questionner l\u2019association de ce processus \u00e0 la f\u00e9minit\u00e9. En visibilisant des lesbiennes \u00ab masculines \u00bb, des butchs, des trans et des personnes non-binaires,<br \/>\nla s\u00e9rie d\u00e9place les repr\u00e9sentations traditionnellement associ\u00e9es au fait de porter un enfant. Le travail de photojournalisme de Pauline Gauer autour des mobilisations en soutien \u00e0 la maternit\u00e9 des Lilas ouvre une autre facette de l\u2019exposition. Adresse refuge pour la communaut\u00e9 LGBTQI+, l\u2019\u00e9tablissement s\u2019est r\u00e9cemment vu menac\u00e9 de fermeture. La s\u00e9rie \u00ab Sauvons la maternit\u00e9 des Lilas \u00bb permet d\u2019en saisir la dimension vitale pour de nombreux parents, et donne \u00e0 voir la vivacit\u00e9 de ces mobilisations et ds communaut\u00e9s qui animent le lieu.<\/p>\n<p>Afin de saisir l\u2019historicit\u00e9 de la question des parentalit\u00e9s lesbiennes et queer, Nucl\u00e9aires expose \u00e9galement des photos d\u2019archives. Principalement issues du travail photographie de Donna Gottschalk dans sa s\u00e9rie Lesbian Mothers et de celui effectu\u00e9 par Cathy Cade dans sa s\u00e9rie Motherly Pride, ces photographies soulignent la mani\u00e8re dont la maternit\u00e9 appartient \u00e0<br \/>\nl\u2019histoire lesbienne. Ces images sont accompagn\u00e9es d\u2019extraits de textes et d\u2019articles de presse issus des archives lesbiennes \u00e0 Paris (ARCL), qui t\u00e9moignent de l\u2019histoire longue de ces probl\u00e9matiques dans la vie militante fran\u00e7aise et europ\u00e9enne, et de l\u2019\u00e9volution de ces questions dans la vie publique.<\/p>\n<p>La continuit\u00e9 de cet enjeu dans le mouvement f\u00e9ministe et lesbien de m\u00eame que la vari\u00e9t\u00e9<br \/>\ndes pratiques individuelles et collectives autour des enfants dans les communaut\u00e9s LGBTQI+,<br \/>\nqu\u2019il s\u2019agisse de simple compagnonnage, d\u2019entraide ou d\u2019\u00e9ducation, t\u00e9moignent largement de la<br \/>\nn\u00e9cessit\u00e9 de les mettre en lumi\u00e8re aujourd\u2019hui.<\/p>\n","protected":false},"excerpt":{"rendered":"<p>Nucl\u00e9aires est une exposition collective de photographie, qui repr\u00e9sente et raconte les parentalit\u00e9s lesbiennes et queer dans plusieurs de leurs dimensions : corporelle, sociale, politique, intime. Fr\u00e9quemment en rupture avec le mod\u00e8le traditionnel de la famille nucl\u00e9aire, l\u2019existence de ces parentalit\u00e9s remet en question sa validit\u00e9 et son fonctionnement. Elles constituent \u00e0 plusieurs \u00e9gards un&#8230;<\/p>\n","protected":false},"author":2,"featured_media":2600,"comment_status":"closed","ping_status":"open","sticky":false,"template":"","format":"standard","meta":{"footnotes":""},"categories":[21],"tags":[],"class_list":["post-2597","post","type-post","status-publish","format-standard","has-post-thumbnail","hentry","category-projets-soutenus"],"translation":{"provider":"WPGlobus","version":"3.0.2","language":"en","enabled_languages":["fr","en"],"languages":{"fr":{"title":true,"content":true,"excerpt":false},"en":{"title":false,"content":false,"excerpt":false}}},"yoast_head":"<!-- This site is optimized with the Yoast SEO plugin v26.8 - https:\/\/yoast.com\/product\/yoast-seo-wordpress\/ -->\n<title>Nucl\u00e9aires - exposition sur les parentalit\u00e9s lesbiennes &#8212; LIG<\/title>\n<meta name=\"robots\" content=\"index, follow, max-snippet:-1, max-image-preview:large, max-video-preview:-1\" \/>\n<link rel=\"canonical\" href=\"https:\/\/www.fondslesbien.org\/nucleaires-exposition-sur-les-parentalites-lesbiennes\/\" \/>\n<meta property=\"og:locale\" content=\"en_US\" \/>\n<meta property=\"og:type\" content=\"article\" \/>\n<meta property=\"og:title\" content=\"Nucl\u00e9aires - exposition sur les parentalit\u00e9s lesbiennes &#8212; LIG\" \/>\n<meta property=\"og:url\" content=\"https:\/\/www.fondslesbien.org\/nucleaires-exposition-sur-les-parentalites-lesbiennes\/\" \/>\n<meta property=\"og:site_name\" content=\"LIG\" \/>\n<meta property=\"article:published_time\" content=\"2024-12-17T18:02:57+00:00\" \/>\n<meta property=\"og:image\" content=\"https:\/\/www.fondslesbien.org\/wp-content\/uploads\/2024\/12\/matergouinite.png\" \/>\n\t<meta property=\"og:image:width\" content=\"423\" \/>\n\t<meta property=\"og:image:height\" content=\"284\" \/>\n\t<meta property=\"og:image:type\" content=\"image\/png\" \/>\n<meta name=\"author\" content=\"Veronica Noseda\" \/>\n<meta name=\"twitter:card\" content=\"summary_large_image\" \/>\n<meta name=\"twitter:label1\" content=\"Written by\" \/>\n\t<meta name=\"twitter:data1\" content=\"Veronica Noseda\" \/>\n\t<meta name=\"twitter:label2\" content=\"Est. reading time\" \/>\n\t<meta name=\"twitter:data2\" content=\"3 minutes\" \/>\n<script type=\"application\/ld+json\" class=\"yoast-schema-graph\">{\"@context\":\"https:\/\/schema.org\",\"@graph\":[{\"@type\":\"Article\",\"@id\":\"https:\/\/www.fondslesbien.org\/nucleaires-exposition-sur-les-parentalites-lesbiennes\/#article\",\"isPartOf\":{\"@id\":\"https:\/\/www.fondslesbien.org\/nucleaires-exposition-sur-les-parentalites-lesbiennes\/\"},\"author\":{\"name\":\"Veronica Noseda\",\"@id\":\"https:\/\/www.fondslesbien.org\/#\/schema\/person\/9ab55cc49715d7721bb788dbd52174ec\"},\"headline\":\"Nucl\u00e9aires &#8211; exposition sur les parentalit\u00e9s lesbiennes\",\"datePublished\":\"2024-12-17T18:02:57+00:00\",\"mainEntityOfPage\":{\"@id\":\"https:\/\/www.fondslesbien.org\/nucleaires-exposition-sur-les-parentalites-lesbiennes\/\"},\"wordCount\":615,\"image\":{\"@id\":\"https:\/\/www.fondslesbien.org\/nucleaires-exposition-sur-les-parentalites-lesbiennes\/#primaryimage\"},\"thumbnailUrl\":\"https:\/\/www.fondslesbien.org\/wp-content\/uploads\/2024\/12\/matergouinite.png\",\"articleSection\":[\"Projets soutenus\"],\"inLanguage\":\"en-US\"},{\"@type\":\"WebPage\",\"@id\":\"https:\/\/www.fondslesbien.org\/nucleaires-exposition-sur-les-parentalites-lesbiennes\/\",\"url\":\"https:\/\/www.fondslesbien.org\/nucleaires-exposition-sur-les-parentalites-lesbiennes\/\",\"name\":\"Nucl\u00e9aires - exposition sur les parentalit\u00e9s lesbiennes &#8212; LIG\",\"isPartOf\":{\"@id\":\"https:\/\/www.fondslesbien.org\/#website\"},\"primaryImageOfPage\":{\"@id\":\"https:\/\/www.fondslesbien.org\/nucleaires-exposition-sur-les-parentalites-lesbiennes\/#primaryimage\"},\"image\":{\"@id\":\"https:\/\/www.fondslesbien.org\/nucleaires-exposition-sur-les-parentalites-lesbiennes\/#primaryimage\"},\"thumbnailUrl\":\"https:\/\/www.fondslesbien.org\/wp-content\/uploads\/2024\/12\/matergouinite.png\",\"datePublished\":\"2024-12-17T18:02:57+00:00\",\"author\":{\"@id\":\"https:\/\/www.fondslesbien.org\/#\/schema\/person\/9ab55cc49715d7721bb788dbd52174ec\"},\"breadcrumb\":{\"@id\":\"https:\/\/www.fondslesbien.org\/nucleaires-exposition-sur-les-parentalites-lesbiennes\/#breadcrumb\"},\"inLanguage\":\"en-US\",\"potentialAction\":[{\"@type\":\"ReadAction\",\"target\":[\"https:\/\/www.fondslesbien.org\/nucleaires-exposition-sur-les-parentalites-lesbiennes\/\"]}]},{\"@type\":\"ImageObject\",\"inLanguage\":\"en-US\",\"@id\":\"https:\/\/www.fondslesbien.org\/nucleaires-exposition-sur-les-parentalites-lesbiennes\/#primaryimage\",\"url\":\"https:\/\/www.fondslesbien.org\/wp-content\/uploads\/2024\/12\/matergouinite.png\",\"contentUrl\":\"https:\/\/www.fondslesbien.org\/wp-content\/uploads\/2024\/12\/matergouinite.png\",\"width\":423,\"height\":284},{\"@type\":\"BreadcrumbList\",\"@id\":\"https:\/\/www.fondslesbien.org\/nucleaires-exposition-sur-les-parentalites-lesbiennes\/#breadcrumb\",\"itemListElement\":[{\"@type\":\"ListItem\",\"position\":1,\"name\":\"Home\",\"item\":\"https:\/\/www.fondslesbien.org\/\"},{\"@type\":\"ListItem\",\"position\":2,\"name\":\"Nucl\u00e9aires &#8211; exposition sur les parentalit\u00e9s lesbiennes\"}]},{\"@type\":\"WebSite\",\"@id\":\"https:\/\/www.fondslesbien.org\/#website\",\"url\":\"https:\/\/www.fondslesbien.org\/\",\"name\":\"LIG\",\"description\":\"Lesbiennes d\u2019Int\u00e9r\u00eat G\u00e9n\u00e9ral\",\"potentialAction\":[{\"@type\":\"SearchAction\",\"target\":{\"@type\":\"EntryPoint\",\"urlTemplate\":\"https:\/\/www.fondslesbien.org\/?s={search_term_string}\"},\"query-input\":{\"@type\":\"PropertyValueSpecification\",\"valueRequired\":true,\"valueName\":\"search_term_string\"}}],\"inLanguage\":\"en-US\"},{\"@type\":\"Person\",\"@id\":\"https:\/\/www.fondslesbien.org\/#\/schema\/person\/9ab55cc49715d7721bb788dbd52174ec\",\"name\":\"Veronica Noseda\",\"image\":{\"@type\":\"ImageObject\",\"inLanguage\":\"en-US\",\"@id\":\"https:\/\/www.fondslesbien.org\/#\/schema\/person\/image\/\",\"url\":\"https:\/\/secure.gravatar.com\/avatar\/56a20513ad0e9ee8a12ca4e787476caa?s=96&d=mm&r=g\",\"contentUrl\":\"https:\/\/secure.gravatar.com\/avatar\/56a20513ad0e9ee8a12ca4e787476caa?s=96&d=mm&r=g\",\"caption\":\"Veronica Noseda\"},\"url\":\"https:\/\/www.fondslesbien.org\/en\/author\/yurilig\/\"}]}<\/script>\n<!-- \/ Yoast SEO plugin. -->","yoast_head_json":{"title":"Nucl\u00e9aires - exposition sur les parentalit\u00e9s lesbiennes &#8212; LIG","robots":{"index":"index","follow":"follow","max-snippet":"max-snippet:-1","max-image-preview":"max-image-preview:large","max-video-preview":"max-video-preview:-1"},"canonical":"https:\/\/www.fondslesbien.org\/nucleaires-exposition-sur-les-parentalites-lesbiennes\/","og_locale":"en_US","og_type":"article","og_title":"Nucl\u00e9aires - exposition sur les parentalit\u00e9s lesbiennes &#8212; LIG","og_url":"https:\/\/www.fondslesbien.org\/nucleaires-exposition-sur-les-parentalites-lesbiennes\/","og_site_name":"LIG","article_published_time":"2024-12-17T18:02:57+00:00","og_image":[{"width":423,"height":284,"url":"https:\/\/www.fondslesbien.org\/wp-content\/uploads\/2024\/12\/matergouinite.png","type":"image\/png"}],"author":"Veronica Noseda","twitter_card":"summary_large_image","twitter_misc":{"Written by":"Veronica Noseda","Est. reading time":"3 minutes"},"schema":{"@context":"https:\/\/schema.org","@graph":[{"@type":"Article","@id":"https:\/\/www.fondslesbien.org\/nucleaires-exposition-sur-les-parentalites-lesbiennes\/#article","isPartOf":{"@id":"https:\/\/www.fondslesbien.org\/nucleaires-exposition-sur-les-parentalites-lesbiennes\/"},"author":{"name":"Veronica Noseda","@id":"https:\/\/www.fondslesbien.org\/#\/schema\/person\/9ab55cc49715d7721bb788dbd52174ec"},"headline":"Nucl\u00e9aires &#8211; exposition sur les parentalit\u00e9s lesbiennes","datePublished":"2024-12-17T18:02:57+00:00","mainEntityOfPage":{"@id":"https:\/\/www.fondslesbien.org\/nucleaires-exposition-sur-les-parentalites-lesbiennes\/"},"wordCount":615,"image":{"@id":"https:\/\/www.fondslesbien.org\/nucleaires-exposition-sur-les-parentalites-lesbiennes\/#primaryimage"},"thumbnailUrl":"https:\/\/www.fondslesbien.org\/wp-content\/uploads\/2024\/12\/matergouinite.png","articleSection":["Projets soutenus"],"inLanguage":"en-US"},{"@type":"WebPage","@id":"https:\/\/www.fondslesbien.org\/nucleaires-exposition-sur-les-parentalites-lesbiennes\/","url":"https:\/\/www.fondslesbien.org\/nucleaires-exposition-sur-les-parentalites-lesbiennes\/","name":"Nucl\u00e9aires - exposition sur les parentalit\u00e9s lesbiennes &#8212; LIG","isPartOf":{"@id":"https:\/\/www.fondslesbien.org\/#website"},"primaryImageOfPage":{"@id":"https:\/\/www.fondslesbien.org\/nucleaires-exposition-sur-les-parentalites-lesbiennes\/#primaryimage"},"image":{"@id":"https:\/\/www.fondslesbien.org\/nucleaires-exposition-sur-les-parentalites-lesbiennes\/#primaryimage"},"thumbnailUrl":"https:\/\/www.fondslesbien.org\/wp-content\/uploads\/2024\/12\/matergouinite.png","datePublished":"2024-12-17T18:02:57+00:00","author":{"@id":"https:\/\/www.fondslesbien.org\/#\/schema\/person\/9ab55cc49715d7721bb788dbd52174ec"},"breadcrumb":{"@id":"https:\/\/www.fondslesbien.org\/nucleaires-exposition-sur-les-parentalites-lesbiennes\/#breadcrumb"},"inLanguage":"en-US","potentialAction":[{"@type":"ReadAction","target":["https:\/\/www.fondslesbien.org\/nucleaires-exposition-sur-les-parentalites-lesbiennes\/"]}]},{"@type":"ImageObject","inLanguage":"en-US","@id":"https:\/\/www.fondslesbien.org\/nucleaires-exposition-sur-les-parentalites-lesbiennes\/#primaryimage","url":"https:\/\/www.fondslesbien.org\/wp-content\/uploads\/2024\/12\/matergouinite.png","contentUrl":"https:\/\/www.fondslesbien.org\/wp-content\/uploads\/2024\/12\/matergouinite.png","width":423,"height":284},{"@type":"BreadcrumbList","@id":"https:\/\/www.fondslesbien.org\/nucleaires-exposition-sur-les-parentalites-lesbiennes\/#breadcrumb","itemListElement":[{"@type":"ListItem","position":1,"name":"Home","item":"https:\/\/www.fondslesbien.org\/"},{"@type":"ListItem","position":2,"name":"Nucl\u00e9aires &#8211; exposition sur les parentalit\u00e9s lesbiennes"}]},{"@type":"WebSite","@id":"https:\/\/www.fondslesbien.org\/#website","url":"https:\/\/www.fondslesbien.org\/","name":"LIG","description":"Lesbiennes d\u2019Int\u00e9r\u00eat G\u00e9n\u00e9ral","potentialAction":[{"@type":"SearchAction","target":{"@type":"EntryPoint","urlTemplate":"https:\/\/www.fondslesbien.org\/?s={search_term_string}"},"query-input":{"@type":"PropertyValueSpecification","valueRequired":true,"valueName":"search_term_string"}}],"inLanguage":"en-US"},{"@type":"Person","@id":"https:\/\/www.fondslesbien.org\/#\/schema\/person\/9ab55cc49715d7721bb788dbd52174ec","name":"Veronica Noseda","image":{"@type":"ImageObject","inLanguage":"en-US","@id":"https:\/\/www.fondslesbien.org\/#\/schema\/person\/image\/","url":"https:\/\/secure.gravatar.com\/avatar\/56a20513ad0e9ee8a12ca4e787476caa?s=96&d=mm&r=g","contentUrl":"https:\/\/secure.gravatar.com\/avatar\/56a20513ad0e9ee8a12ca4e787476caa?s=96&d=mm&r=g","caption":"Veronica Noseda"},"url":"https:\/\/www.fondslesbien.org\/en\/author\/yurilig\/"}]}},"_links":{"self":[{"href":"https:\/\/www.fondslesbien.org\/en\/wp-json\/wp\/v2\/posts\/2597","targetHints":{"allow":["GET"]}}],"collection":[{"href":"https:\/\/www.fondslesbien.org\/en\/wp-json\/wp\/v2\/posts"}],"about":[{"href":"https:\/\/www.fondslesbien.org\/en\/wp-json\/wp\/v2\/types\/post"}],"author":[{"embeddable":true,"href":"https:\/\/www.fondslesbien.org\/en\/wp-json\/wp\/v2\/users\/2"}],"replies":[{"embeddable":true,"href":"https:\/\/www.fondslesbien.org\/en\/wp-json\/wp\/v2\/comments?post=2597"}],"version-history":[{"count":2,"href":"https:\/\/www.fondslesbien.org\/en\/wp-json\/wp\/v2\/posts\/2597\/revisions"}],"predecessor-version":[{"id":2602,"href":"https:\/\/www.fondslesbien.org\/en\/wp-json\/wp\/v2\/posts\/2597\/revisions\/2602"}],"wp:featuredmedia":[{"embeddable":true,"href":"https:\/\/www.fondslesbien.org\/en\/wp-json\/wp\/v2\/media\/2600"}],"wp:attachment":[{"href":"https:\/\/www.fondslesbien.org\/en\/wp-json\/wp\/v2\/media?parent=2597"}],"wp:term":[{"taxonomy":"category","embeddable":true,"href":"https:\/\/www.fondslesbien.org\/en\/wp-json\/wp\/v2\/categories?post=2597"},{"taxonomy":"post_tag","embeddable":true,"href":"https:\/\/www.fondslesbien.org\/en\/wp-json\/wp\/v2\/tags?post=2597"}],"curies":[{"name":"wp","href":"https:\/\/api.w.org\/{rel}","templated":true}]}}