{"id":2799,"date":"2025-04-04T21:12:44","date_gmt":"2025-04-04T19:12:44","guid":{"rendered":"https:\/\/www.fondslesbien.org\/?p=2799"},"modified":"2025-04-04T21:12:44","modified_gmt":"2025-04-04T19:12:44","slug":"une-mention-pour-ma-vie-est-ici-au-festival-du-cinema-du-reel","status":"publish","type":"post","link":"https:\/\/www.fondslesbien.org\/en\/une-mention-pour-ma-vie-est-ici-au-festival-du-cinema-du-reel\/","title":{"rendered":"Une mention pour &#8220;Ma vie est ici&#8221;, au festival du Cin\u00e9ma du r\u00e9el"},"content":{"rendered":"<p>Le documentaire &#8220;<a href=\"https:\/\/www.fondslesbien.org\/jirai-mourir-ailleurs\/\">Ma vie est ici<\/a>&#8221; de Clara Jeany, qui recueille le r\u00e9cit de Flora et Louise, deux lesbiennes exil\u00e9es h\u00e9berg\u00e9es au Front d&#8217;Habitat Lesbien, a re\u00e7u une mention dans le cadre du Prix du public &#8220;Premi\u00e8re fen\u00eatre 2025&#8221;, au festival du Cin\u00e9ma du R\u00e9el le 30 marsi 2025.<\/p>\n<p>La LIG a soutenu le documentaire et le <a href=\"https:\/\/www.fondslesbien.org\/une-chambre-a-soi\/\">projet associatif<\/a> du FHL. Ce dernier est un mod\u00e8le de solidarit\u00e9 communautaire qu&#8217;il est pr\u00e9cieux de d\u00e9fendre, surtout en ces temps o\u00f9 la x\u00e9nophobie et l&#8217;extr\u00eame droite menacent notre vivre ensemble.<\/p>\n<h1 class=\"_ap3a _aaco _aacu _aacx _aad7 _aade\" dir=\"auto\"><\/h1>\n","protected":false},"excerpt":{"rendered":"<p>Le documentaire &#8220;Ma vie est ici&#8221; de Clara Jeany, qui recueille le r\u00e9cit de Flora et Louise, deux lesbiennes exil\u00e9es h\u00e9berg\u00e9es au Front d&#8217;Habitat Lesbien, a re\u00e7u une mention dans le cadre du Prix du public &#8220;Premi\u00e8re fen\u00eatre 2025&#8221;, au festival du Cin\u00e9ma du R\u00e9el le 30 marsi 2025. La LIG a soutenu le documentaire&#8230;<\/p>\n","protected":false},"author":2,"featured_media":2800,"comment_status":"closed","ping_status":"open","sticky":false,"template":"","format":"standard","meta":{"footnotes":""},"categories":[1],"tags":[],"class_list":["post-2799","post","type-post","status-publish","format-standard","has-post-thumbnail","hentry","category-actualites"],"translation":{"provider":"WPGlobus","version":"3.0.2","language":"en","enabled_languages":["fr","en"],"languages":{"fr":{"title":true,"content":true,"excerpt":false},"en":{"title":false,"content":false,"excerpt":false}}},"yoast_head":"<!-- This site is optimized with the Yoast SEO plugin v26.8 - https:\/\/yoast.com\/product\/yoast-seo-wordpress\/ -->\n<title>Une mention pour &quot;Ma vie est ici&quot;, au festival du Cin\u00e9ma du r\u00e9el &#8212; LIG<\/title>\n<meta name=\"robots\" content=\"index, follow, max-snippet:-1, max-image-preview:large, max-video-preview:-1\" \/>\n<link rel=\"canonical\" href=\"https:\/\/www.fondslesbien.org\/une-mention-pour-ma-vie-est-ici-au-festival-du-cinema-du-reel\/\" \/>\n<meta property=\"og:locale\" content=\"en_US\" \/>\n<meta property=\"og:type\" content=\"article\" \/>\n<meta property=\"og:title\" content=\"Une mention pour &quot;Ma vie est ici&quot;, au festival du Cin\u00e9ma du r\u00e9el &#8212; LIG\" \/>\n<meta property=\"og:url\" content=\"https:\/\/www.fondslesbien.org\/une-mention-pour-ma-vie-est-ici-au-festival-du-cinema-du-reel\/\" \/>\n<meta property=\"og:site_name\" content=\"LIG\" \/>\n<meta property=\"article:published_time\" content=\"2025-04-04T19:12:44+00:00\" \/>\n<meta property=\"og:image\" content=\"https:\/\/www.fondslesbien.org\/wp-content\/uploads\/2025\/04\/mention.png\" \/>\n\t<meta property=\"og:image:width\" content=\"718\" \/>\n\t<meta property=\"og:image:height\" content=\"901\" \/>\n\t<meta property=\"og:image:type\" content=\"image\/png\" \/>\n<meta name=\"author\" content=\"Veronica Noseda\" \/>\n<meta name=\"twitter:card\" content=\"summary_large_image\" \/>\n<meta name=\"twitter:label1\" content=\"Written by\" \/>\n\t<meta name=\"twitter:data1\" content=\"Veronica Noseda\" \/>\n\t<meta name=\"twitter:label2\" content=\"Est. reading time\" \/>\n\t<meta name=\"twitter:data2\" content=\"1 minute\" \/>\n<script type=\"application\/ld+json\" class=\"yoast-schema-graph\">{\"@context\":\"https:\/\/schema.org\",\"@graph\":[{\"@type\":\"Article\",\"@id\":\"https:\/\/www.fondslesbien.org\/une-mention-pour-ma-vie-est-ici-au-festival-du-cinema-du-reel\/#article\",\"isPartOf\":{\"@id\":\"https:\/\/www.fondslesbien.org\/une-mention-pour-ma-vie-est-ici-au-festival-du-cinema-du-reel\/\"},\"author\":{\"name\":\"Veronica Noseda\",\"@id\":\"https:\/\/www.fondslesbien.org\/#\/schema\/person\/9ab55cc49715d7721bb788dbd52174ec\"},\"headline\":\"Une mention pour &#8220;Ma vie est ici&#8221;, au festival du Cin\u00e9ma du r\u00e9el\",\"datePublished\":\"2025-04-04T19:12:44+00:00\",\"mainEntityOfPage\":{\"@id\":\"https:\/\/www.fondslesbien.org\/une-mention-pour-ma-vie-est-ici-au-festival-du-cinema-du-reel\/\"},\"wordCount\":117,\"image\":{\"@id\":\"https:\/\/www.fondslesbien.org\/une-mention-pour-ma-vie-est-ici-au-festival-du-cinema-du-reel\/#primaryimage\"},\"thumbnailUrl\":\"https:\/\/www.fondslesbien.org\/wp-content\/uploads\/2025\/04\/mention.png\",\"articleSection\":[\"Actualit\u00e9s\"],\"inLanguage\":\"en-US\"},{\"@type\":\"WebPage\",\"@id\":\"https:\/\/www.fondslesbien.org\/une-mention-pour-ma-vie-est-ici-au-festival-du-cinema-du-reel\/\",\"url\":\"https:\/\/www.fondslesbien.org\/une-mention-pour-ma-vie-est-ici-au-festival-du-cinema-du-reel\/\",\"name\":\"Une mention pour \\\"Ma vie est ici\\\", au festival du Cin\u00e9ma du r\u00e9el &#8212; LIG\",\"isPartOf\":{\"@id\":\"https:\/\/www.fondslesbien.org\/#website\"},\"primaryImageOfPage\":{\"@id\":\"https:\/\/www.fondslesbien.org\/une-mention-pour-ma-vie-est-ici-au-festival-du-cinema-du-reel\/#primaryimage\"},\"image\":{\"@id\":\"https:\/\/www.fondslesbien.org\/une-mention-pour-ma-vie-est-ici-au-festival-du-cinema-du-reel\/#primaryimage\"},\"thumbnailUrl\":\"https:\/\/www.fondslesbien.org\/wp-content\/uploads\/2025\/04\/mention.png\",\"datePublished\":\"2025-04-04T19:12:44+00:00\",\"author\":{\"@id\":\"https:\/\/www.fondslesbien.org\/#\/schema\/person\/9ab55cc49715d7721bb788dbd52174ec\"},\"breadcrumb\":{\"@id\":\"https:\/\/www.fondslesbien.org\/une-mention-pour-ma-vie-est-ici-au-festival-du-cinema-du-reel\/#breadcrumb\"},\"inLanguage\":\"en-US\",\"potentialAction\":[{\"@type\":\"ReadAction\",\"target\":[\"https:\/\/www.fondslesbien.org\/une-mention-pour-ma-vie-est-ici-au-festival-du-cinema-du-reel\/\"]}]},{\"@type\":\"ImageObject\",\"inLanguage\":\"en-US\",\"@id\":\"https:\/\/www.fondslesbien.org\/une-mention-pour-ma-vie-est-ici-au-festival-du-cinema-du-reel\/#primaryimage\",\"url\":\"https:\/\/www.fondslesbien.org\/wp-content\/uploads\/2025\/04\/mention.png\",\"contentUrl\":\"https:\/\/www.fondslesbien.org\/wp-content\/uploads\/2025\/04\/mention.png\",\"width\":718,\"height\":901},{\"@type\":\"BreadcrumbList\",\"@id\":\"https:\/\/www.fondslesbien.org\/une-mention-pour-ma-vie-est-ici-au-festival-du-cinema-du-reel\/#breadcrumb\",\"itemListElement\":[{\"@type\":\"ListItem\",\"position\":1,\"name\":\"Home\",\"item\":\"https:\/\/www.fondslesbien.org\/\"},{\"@type\":\"ListItem\",\"position\":2,\"name\":\"Une mention pour \u00ab\u00a0Ma vie est ici\u00a0\u00bb, au festival du Cin\u00e9ma du r\u00e9el\"}]},{\"@type\":\"WebSite\",\"@id\":\"https:\/\/www.fondslesbien.org\/#website\",\"url\":\"https:\/\/www.fondslesbien.org\/\",\"name\":\"LIG\",\"description\":\"Lesbiennes d\u2019Int\u00e9r\u00eat G\u00e9n\u00e9ral\",\"potentialAction\":[{\"@type\":\"SearchAction\",\"target\":{\"@type\":\"EntryPoint\",\"urlTemplate\":\"https:\/\/www.fondslesbien.org\/?s={search_term_string}\"},\"query-input\":{\"@type\":\"PropertyValueSpecification\",\"valueRequired\":true,\"valueName\":\"search_term_string\"}}],\"inLanguage\":\"en-US\"},{\"@type\":\"Person\",\"@id\":\"https:\/\/www.fondslesbien.org\/#\/schema\/person\/9ab55cc49715d7721bb788dbd52174ec\",\"name\":\"Veronica Noseda\",\"image\":{\"@type\":\"ImageObject\",\"inLanguage\":\"en-US\",\"@id\":\"https:\/\/www.fondslesbien.org\/#\/schema\/person\/image\/\",\"url\":\"https:\/\/secure.gravatar.com\/avatar\/56a20513ad0e9ee8a12ca4e787476caa?s=96&d=mm&r=g\",\"contentUrl\":\"https:\/\/secure.gravatar.com\/avatar\/56a20513ad0e9ee8a12ca4e787476caa?s=96&d=mm&r=g\",\"caption\":\"Veronica Noseda\"},\"url\":\"https:\/\/www.fondslesbien.org\/en\/author\/yurilig\/\"}]}<\/script>\n<!-- \/ Yoast SEO plugin. -->","yoast_head_json":{"title":"Une mention pour \"Ma vie est ici\", au festival du Cin\u00e9ma du r\u00e9el &#8212; LIG","robots":{"index":"index","follow":"follow","max-snippet":"max-snippet:-1","max-image-preview":"max-image-preview:large","max-video-preview":"max-video-preview:-1"},"canonical":"https:\/\/www.fondslesbien.org\/une-mention-pour-ma-vie-est-ici-au-festival-du-cinema-du-reel\/","og_locale":"en_US","og_type":"article","og_title":"Une mention pour \"Ma vie est ici\", au festival du Cin\u00e9ma du r\u00e9el &#8212; LIG","og_url":"https:\/\/www.fondslesbien.org\/une-mention-pour-ma-vie-est-ici-au-festival-du-cinema-du-reel\/","og_site_name":"LIG","article_published_time":"2025-04-04T19:12:44+00:00","og_image":[{"width":718,"height":901,"url":"https:\/\/www.fondslesbien.org\/wp-content\/uploads\/2025\/04\/mention.png","type":"image\/png"}],"author":"Veronica Noseda","twitter_card":"summary_large_image","twitter_misc":{"Written by":"Veronica Noseda","Est. reading time":"1 minute"},"schema":{"@context":"https:\/\/schema.org","@graph":[{"@type":"Article","@id":"https:\/\/www.fondslesbien.org\/une-mention-pour-ma-vie-est-ici-au-festival-du-cinema-du-reel\/#article","isPartOf":{"@id":"https:\/\/www.fondslesbien.org\/une-mention-pour-ma-vie-est-ici-au-festival-du-cinema-du-reel\/"},"author":{"name":"Veronica Noseda","@id":"https:\/\/www.fondslesbien.org\/#\/schema\/person\/9ab55cc49715d7721bb788dbd52174ec"},"headline":"Une mention pour &#8220;Ma vie est ici&#8221;, au festival du Cin\u00e9ma du r\u00e9el","datePublished":"2025-04-04T19:12:44+00:00","mainEntityOfPage":{"@id":"https:\/\/www.fondslesbien.org\/une-mention-pour-ma-vie-est-ici-au-festival-du-cinema-du-reel\/"},"wordCount":117,"image":{"@id":"https:\/\/www.fondslesbien.org\/une-mention-pour-ma-vie-est-ici-au-festival-du-cinema-du-reel\/#primaryimage"},"thumbnailUrl":"https:\/\/www.fondslesbien.org\/wp-content\/uploads\/2025\/04\/mention.png","articleSection":["Actualit\u00e9s"],"inLanguage":"en-US"},{"@type":"WebPage","@id":"https:\/\/www.fondslesbien.org\/une-mention-pour-ma-vie-est-ici-au-festival-du-cinema-du-reel\/","url":"https:\/\/www.fondslesbien.org\/une-mention-pour-ma-vie-est-ici-au-festival-du-cinema-du-reel\/","name":"Une mention pour \"Ma vie est ici\", au festival du Cin\u00e9ma du r\u00e9el &#8212; LIG","isPartOf":{"@id":"https:\/\/www.fondslesbien.org\/#website"},"primaryImageOfPage":{"@id":"https:\/\/www.fondslesbien.org\/une-mention-pour-ma-vie-est-ici-au-festival-du-cinema-du-reel\/#primaryimage"},"image":{"@id":"https:\/\/www.fondslesbien.org\/une-mention-pour-ma-vie-est-ici-au-festival-du-cinema-du-reel\/#primaryimage"},"thumbnailUrl":"https:\/\/www.fondslesbien.org\/wp-content\/uploads\/2025\/04\/mention.png","datePublished":"2025-04-04T19:12:44+00:00","author":{"@id":"https:\/\/www.fondslesbien.org\/#\/schema\/person\/9ab55cc49715d7721bb788dbd52174ec"},"breadcrumb":{"@id":"https:\/\/www.fondslesbien.org\/une-mention-pour-ma-vie-est-ici-au-festival-du-cinema-du-reel\/#breadcrumb"},"inLanguage":"en-US","potentialAction":[{"@type":"ReadAction","target":["https:\/\/www.fondslesbien.org\/une-mention-pour-ma-vie-est-ici-au-festival-du-cinema-du-reel\/"]}]},{"@type":"ImageObject","inLanguage":"en-US","@id":"https:\/\/www.fondslesbien.org\/une-mention-pour-ma-vie-est-ici-au-festival-du-cinema-du-reel\/#primaryimage","url":"https:\/\/www.fondslesbien.org\/wp-content\/uploads\/2025\/04\/mention.png","contentUrl":"https:\/\/www.fondslesbien.org\/wp-content\/uploads\/2025\/04\/mention.png","width":718,"height":901},{"@type":"BreadcrumbList","@id":"https:\/\/www.fondslesbien.org\/une-mention-pour-ma-vie-est-ici-au-festival-du-cinema-du-reel\/#breadcrumb","itemListElement":[{"@type":"ListItem","position":1,"name":"Home","item":"https:\/\/www.fondslesbien.org\/"},{"@type":"ListItem","position":2,"name":"Une mention pour \u00ab\u00a0Ma vie est ici\u00a0\u00bb, au festival du Cin\u00e9ma du r\u00e9el"}]},{"@type":"WebSite","@id":"https:\/\/www.fondslesbien.org\/#website","url":"https:\/\/www.fondslesbien.org\/","name":"LIG","description":"Lesbiennes d\u2019Int\u00e9r\u00eat G\u00e9n\u00e9ral","potentialAction":[{"@type":"SearchAction","target":{"@type":"EntryPoint","urlTemplate":"https:\/\/www.fondslesbien.org\/?s={search_term_string}"},"query-input":{"@type":"PropertyValueSpecification","valueRequired":true,"valueName":"search_term_string"}}],"inLanguage":"en-US"},{"@type":"Person","@id":"https:\/\/www.fondslesbien.org\/#\/schema\/person\/9ab55cc49715d7721bb788dbd52174ec","name":"Veronica Noseda","image":{"@type":"ImageObject","inLanguage":"en-US","@id":"https:\/\/www.fondslesbien.org\/#\/schema\/person\/image\/","url":"https:\/\/secure.gravatar.com\/avatar\/56a20513ad0e9ee8a12ca4e787476caa?s=96&d=mm&r=g","contentUrl":"https:\/\/secure.gravatar.com\/avatar\/56a20513ad0e9ee8a12ca4e787476caa?s=96&d=mm&r=g","caption":"Veronica Noseda"},"url":"https:\/\/www.fondslesbien.org\/en\/author\/yurilig\/"}]}},"_links":{"self":[{"href":"https:\/\/www.fondslesbien.org\/en\/wp-json\/wp\/v2\/posts\/2799","targetHints":{"allow":["GET"]}}],"collection":[{"href":"https:\/\/www.fondslesbien.org\/en\/wp-json\/wp\/v2\/posts"}],"about":[{"href":"https:\/\/www.fondslesbien.org\/en\/wp-json\/wp\/v2\/types\/post"}],"author":[{"embeddable":true,"href":"https:\/\/www.fondslesbien.org\/en\/wp-json\/wp\/v2\/users\/2"}],"replies":[{"embeddable":true,"href":"https:\/\/www.fondslesbien.org\/en\/wp-json\/wp\/v2\/comments?post=2799"}],"version-history":[{"count":2,"href":"https:\/\/www.fondslesbien.org\/en\/wp-json\/wp\/v2\/posts\/2799\/revisions"}],"predecessor-version":[{"id":2802,"href":"https:\/\/www.fondslesbien.org\/en\/wp-json\/wp\/v2\/posts\/2799\/revisions\/2802"}],"wp:featuredmedia":[{"embeddable":true,"href":"https:\/\/www.fondslesbien.org\/en\/wp-json\/wp\/v2\/media\/2800"}],"wp:attachment":[{"href":"https:\/\/www.fondslesbien.org\/en\/wp-json\/wp\/v2\/media?parent=2799"}],"wp:term":[{"taxonomy":"category","embeddable":true,"href":"https:\/\/www.fondslesbien.org\/en\/wp-json\/wp\/v2\/categories?post=2799"},{"taxonomy":"post_tag","embeddable":true,"href":"https:\/\/www.fondslesbien.org\/en\/wp-json\/wp\/v2\/tags?post=2799"}],"curies":[{"name":"wp","href":"https:\/\/api.w.org\/{rel}","templated":true}]}}