{"id":2889,"date":"2025-08-05T19:45:45","date_gmt":"2025-08-05T17:45:45","guid":{"rendered":"https:\/\/www.fondslesbien.org\/?p=2889"},"modified":"2025-08-05T19:45:45","modified_gmt":"2025-08-05T17:45:45","slug":"autour-de-lexpo-de-donna-gottschalk","status":"publish","type":"post","link":"https:\/\/www.fondslesbien.org\/en\/autour-de-lexpo-de-donna-gottschalk\/","title":{"rendered":"Autour de l&#8217;expo de Donna Gottschalk"},"content":{"rendered":"<p>Du 20 juin au 16 novembre 2025, LE BAL pr\u00e9sente une exposition in\u00e9dite de la photographe lesbienne et activiste am\u00e9ricaine Donna Gottschalk, en dialogue avec les textes de l\u2019\u00e9crivaine et commissaire lesbienne H\u00e9l\u00e8ne Giannecchini. \u00ab Nous autres \u00bb tisse un \u00e9change entre deux g\u00e9n\u00e9rations et deux langages, o\u00f9 images et mots se r\u00e9pondent pour \u00e9clairer des existences longtemps rest\u00e9es dans l\u2019ombre, et faire la part belle aux \u00ab constellations d\u2019ombres singuli\u00e8res, de vies qui brillent un instant avant<br \/>\nde dispara\u00eetre \u00bb. (Michel Foucault, La vie des hommes inf\u00e2mes).<br \/>\nPhotographe embl\u00e9matique de la sc\u00e8ne lesbienne des ann\u00e9es 1970, Donna Gottschalk a captur\u00e9 avec une rare intensit\u00e9 la vie intime et militante de communaut\u00e9s en marge. Rest\u00e9es invisibles durant des d\u00e9cennies, ses images offrent un t\u00e9moignage brut et poignant des luttes, des amiti\u00e9s et des instants du quotidien qui composent ces trajectoires hors des cadres dominants.<br \/>\nPortraits de proches,  c\u00e8nes de famille et fragments de vie se font gardiens d\u2019histoires, de r\u00e9sistances et de voix longtemps ignor\u00e9es. Les textes d\u2019H\u00e9l\u00e8ne Giannecchini prolongent et enrichissent le regard de Donna Gottschalk. \u00c0 travers ses mots, elle redonne voix \u00e0 ces existences effac\u00e9es, r\u00e9v\u00e9lant leur force et leur vuln\u00e9rabilit\u00e9. Son \u00e9criture tisse un espace o\u00f9 m\u00e9moire et transmission s\u2019entrelacent, o\u00f9 chaque r\u00e9cit devient un acte de pr\u00e9servation et de reconnaissance.<br \/>\nNous autres \u00bb ne se contente pas de t\u00e9moigner d\u2019histoires pass\u00e9es mais esquisse un album de famille in\u00e9dit, o\u00f9 chaque visage, chaque mot r\u00e9inscrit ces vies dans une filiation choisie. Elle nous engage \u00e0 les regarder, \u00e0 les lire et \u00e0 les inscrire durablement dans notre histoire commune.<\/p>\n<p>La LIG finance le cycle de conf\u00e9rence qui se tient pendant toute la dur\u00e9e de l&#8217;exposition.<\/p>\n","protected":false},"excerpt":{"rendered":"<p>Du 20 juin au 16 novembre 2025, LE BAL pr\u00e9sente une exposition in\u00e9dite de la photographe lesbienne et activiste am\u00e9ricaine Donna Gottschalk, en dialogue avec les textes de l\u2019\u00e9crivaine et commissaire lesbienne H\u00e9l\u00e8ne Giannecchini. \u00ab Nous autres \u00bb tisse un \u00e9change entre deux g\u00e9n\u00e9rations et deux langages, o\u00f9 images et mots se r\u00e9pondent pour \u00e9clairer&#8230;<\/p>\n","protected":false},"author":2,"featured_media":2890,"comment_status":"closed","ping_status":"open","sticky":false,"template":"","format":"standard","meta":{"footnotes":""},"categories":[21],"tags":[],"class_list":["post-2889","post","type-post","status-publish","format-standard","has-post-thumbnail","hentry","category-projets-soutenus"],"translation":{"provider":"WPGlobus","version":"3.0.2","language":"en","enabled_languages":["fr","en"],"languages":{"fr":{"title":true,"content":true,"excerpt":false},"en":{"title":false,"content":false,"excerpt":false}}},"yoast_head":"<!-- This site is optimized with the Yoast SEO plugin v26.8 - https:\/\/yoast.com\/product\/yoast-seo-wordpress\/ -->\n<title>Autour de l&#039;expo de Donna Gottschalk &#8212; LIG<\/title>\n<meta name=\"robots\" content=\"index, follow, max-snippet:-1, max-image-preview:large, max-video-preview:-1\" \/>\n<link rel=\"canonical\" href=\"https:\/\/www.fondslesbien.org\/autour-de-lexpo-de-donna-gottschalk\/\" \/>\n<meta property=\"og:locale\" content=\"en_US\" \/>\n<meta property=\"og:type\" content=\"article\" \/>\n<meta property=\"og:title\" content=\"Autour de l&#039;expo de Donna Gottschalk &#8212; LIG\" \/>\n<meta property=\"og:url\" content=\"https:\/\/www.fondslesbien.org\/autour-de-lexpo-de-donna-gottschalk\/\" \/>\n<meta property=\"og:site_name\" content=\"LIG\" \/>\n<meta property=\"article:published_time\" content=\"2025-08-05T17:45:45+00:00\" \/>\n<meta property=\"og:image\" content=\"https:\/\/www.fondslesbien.org\/wp-content\/uploads\/2025\/08\/LIG-Donna.png\" \/>\n\t<meta property=\"og:image:width\" content=\"600\" \/>\n\t<meta property=\"og:image:height\" content=\"836\" \/>\n\t<meta property=\"og:image:type\" content=\"image\/png\" \/>\n<meta name=\"author\" content=\"Veronica Noseda\" \/>\n<meta name=\"twitter:card\" content=\"summary_large_image\" \/>\n<meta name=\"twitter:label1\" content=\"Written by\" \/>\n\t<meta name=\"twitter:data1\" content=\"Veronica Noseda\" \/>\n\t<meta name=\"twitter:label2\" content=\"Est. reading time\" \/>\n\t<meta name=\"twitter:data2\" content=\"1 minute\" \/>\n<script type=\"application\/ld+json\" class=\"yoast-schema-graph\">{\"@context\":\"https:\/\/schema.org\",\"@graph\":[{\"@type\":\"Article\",\"@id\":\"https:\/\/www.fondslesbien.org\/autour-de-lexpo-de-donna-gottschalk\/#article\",\"isPartOf\":{\"@id\":\"https:\/\/www.fondslesbien.org\/autour-de-lexpo-de-donna-gottschalk\/\"},\"author\":{\"name\":\"Veronica Noseda\",\"@id\":\"https:\/\/www.fondslesbien.org\/#\/schema\/person\/9ab55cc49715d7721bb788dbd52174ec\"},\"headline\":\"Autour de l&#8217;expo de Donna Gottschalk\",\"datePublished\":\"2025-08-05T17:45:45+00:00\",\"mainEntityOfPage\":{\"@id\":\"https:\/\/www.fondslesbien.org\/autour-de-lexpo-de-donna-gottschalk\/\"},\"wordCount\":318,\"image\":{\"@id\":\"https:\/\/www.fondslesbien.org\/autour-de-lexpo-de-donna-gottschalk\/#primaryimage\"},\"thumbnailUrl\":\"https:\/\/www.fondslesbien.org\/wp-content\/uploads\/2025\/08\/LIG-Donna.png\",\"articleSection\":[\"Projets soutenus\"],\"inLanguage\":\"en-US\"},{\"@type\":\"WebPage\",\"@id\":\"https:\/\/www.fondslesbien.org\/autour-de-lexpo-de-donna-gottschalk\/\",\"url\":\"https:\/\/www.fondslesbien.org\/autour-de-lexpo-de-donna-gottschalk\/\",\"name\":\"Autour de l'expo de Donna Gottschalk &#8212; LIG\",\"isPartOf\":{\"@id\":\"https:\/\/www.fondslesbien.org\/#website\"},\"primaryImageOfPage\":{\"@id\":\"https:\/\/www.fondslesbien.org\/autour-de-lexpo-de-donna-gottschalk\/#primaryimage\"},\"image\":{\"@id\":\"https:\/\/www.fondslesbien.org\/autour-de-lexpo-de-donna-gottschalk\/#primaryimage\"},\"thumbnailUrl\":\"https:\/\/www.fondslesbien.org\/wp-content\/uploads\/2025\/08\/LIG-Donna.png\",\"datePublished\":\"2025-08-05T17:45:45+00:00\",\"author\":{\"@id\":\"https:\/\/www.fondslesbien.org\/#\/schema\/person\/9ab55cc49715d7721bb788dbd52174ec\"},\"breadcrumb\":{\"@id\":\"https:\/\/www.fondslesbien.org\/autour-de-lexpo-de-donna-gottschalk\/#breadcrumb\"},\"inLanguage\":\"en-US\",\"potentialAction\":[{\"@type\":\"ReadAction\",\"target\":[\"https:\/\/www.fondslesbien.org\/autour-de-lexpo-de-donna-gottschalk\/\"]}]},{\"@type\":\"ImageObject\",\"inLanguage\":\"en-US\",\"@id\":\"https:\/\/www.fondslesbien.org\/autour-de-lexpo-de-donna-gottschalk\/#primaryimage\",\"url\":\"https:\/\/www.fondslesbien.org\/wp-content\/uploads\/2025\/08\/LIG-Donna.png\",\"contentUrl\":\"https:\/\/www.fondslesbien.org\/wp-content\/uploads\/2025\/08\/LIG-Donna.png\",\"width\":600,\"height\":836},{\"@type\":\"BreadcrumbList\",\"@id\":\"https:\/\/www.fondslesbien.org\/autour-de-lexpo-de-donna-gottschalk\/#breadcrumb\",\"itemListElement\":[{\"@type\":\"ListItem\",\"position\":1,\"name\":\"Home\",\"item\":\"https:\/\/www.fondslesbien.org\/\"},{\"@type\":\"ListItem\",\"position\":2,\"name\":\"Autour de l&rsquo;expo de Donna Gottschalk\"}]},{\"@type\":\"WebSite\",\"@id\":\"https:\/\/www.fondslesbien.org\/#website\",\"url\":\"https:\/\/www.fondslesbien.org\/\",\"name\":\"LIG\",\"description\":\"Lesbiennes d\u2019Int\u00e9r\u00eat G\u00e9n\u00e9ral\",\"potentialAction\":[{\"@type\":\"SearchAction\",\"target\":{\"@type\":\"EntryPoint\",\"urlTemplate\":\"https:\/\/www.fondslesbien.org\/?s={search_term_string}\"},\"query-input\":{\"@type\":\"PropertyValueSpecification\",\"valueRequired\":true,\"valueName\":\"search_term_string\"}}],\"inLanguage\":\"en-US\"},{\"@type\":\"Person\",\"@id\":\"https:\/\/www.fondslesbien.org\/#\/schema\/person\/9ab55cc49715d7721bb788dbd52174ec\",\"name\":\"Veronica Noseda\",\"image\":{\"@type\":\"ImageObject\",\"inLanguage\":\"en-US\",\"@id\":\"https:\/\/www.fondslesbien.org\/#\/schema\/person\/image\/\",\"url\":\"https:\/\/secure.gravatar.com\/avatar\/56a20513ad0e9ee8a12ca4e787476caa?s=96&d=mm&r=g\",\"contentUrl\":\"https:\/\/secure.gravatar.com\/avatar\/56a20513ad0e9ee8a12ca4e787476caa?s=96&d=mm&r=g\",\"caption\":\"Veronica Noseda\"},\"url\":\"https:\/\/www.fondslesbien.org\/en\/author\/yurilig\/\"}]}<\/script>\n<!-- \/ Yoast SEO plugin. -->","yoast_head_json":{"title":"Autour de l'expo de Donna Gottschalk &#8212; LIG","robots":{"index":"index","follow":"follow","max-snippet":"max-snippet:-1","max-image-preview":"max-image-preview:large","max-video-preview":"max-video-preview:-1"},"canonical":"https:\/\/www.fondslesbien.org\/autour-de-lexpo-de-donna-gottschalk\/","og_locale":"en_US","og_type":"article","og_title":"Autour de l'expo de Donna Gottschalk &#8212; LIG","og_url":"https:\/\/www.fondslesbien.org\/autour-de-lexpo-de-donna-gottschalk\/","og_site_name":"LIG","article_published_time":"2025-08-05T17:45:45+00:00","og_image":[{"width":600,"height":836,"url":"https:\/\/www.fondslesbien.org\/wp-content\/uploads\/2025\/08\/LIG-Donna.png","type":"image\/png"}],"author":"Veronica Noseda","twitter_card":"summary_large_image","twitter_misc":{"Written by":"Veronica Noseda","Est. reading time":"1 minute"},"schema":{"@context":"https:\/\/schema.org","@graph":[{"@type":"Article","@id":"https:\/\/www.fondslesbien.org\/autour-de-lexpo-de-donna-gottschalk\/#article","isPartOf":{"@id":"https:\/\/www.fondslesbien.org\/autour-de-lexpo-de-donna-gottschalk\/"},"author":{"name":"Veronica Noseda","@id":"https:\/\/www.fondslesbien.org\/#\/schema\/person\/9ab55cc49715d7721bb788dbd52174ec"},"headline":"Autour de l&#8217;expo de Donna Gottschalk","datePublished":"2025-08-05T17:45:45+00:00","mainEntityOfPage":{"@id":"https:\/\/www.fondslesbien.org\/autour-de-lexpo-de-donna-gottschalk\/"},"wordCount":318,"image":{"@id":"https:\/\/www.fondslesbien.org\/autour-de-lexpo-de-donna-gottschalk\/#primaryimage"},"thumbnailUrl":"https:\/\/www.fondslesbien.org\/wp-content\/uploads\/2025\/08\/LIG-Donna.png","articleSection":["Projets soutenus"],"inLanguage":"en-US"},{"@type":"WebPage","@id":"https:\/\/www.fondslesbien.org\/autour-de-lexpo-de-donna-gottschalk\/","url":"https:\/\/www.fondslesbien.org\/autour-de-lexpo-de-donna-gottschalk\/","name":"Autour de l'expo de Donna Gottschalk &#8212; LIG","isPartOf":{"@id":"https:\/\/www.fondslesbien.org\/#website"},"primaryImageOfPage":{"@id":"https:\/\/www.fondslesbien.org\/autour-de-lexpo-de-donna-gottschalk\/#primaryimage"},"image":{"@id":"https:\/\/www.fondslesbien.org\/autour-de-lexpo-de-donna-gottschalk\/#primaryimage"},"thumbnailUrl":"https:\/\/www.fondslesbien.org\/wp-content\/uploads\/2025\/08\/LIG-Donna.png","datePublished":"2025-08-05T17:45:45+00:00","author":{"@id":"https:\/\/www.fondslesbien.org\/#\/schema\/person\/9ab55cc49715d7721bb788dbd52174ec"},"breadcrumb":{"@id":"https:\/\/www.fondslesbien.org\/autour-de-lexpo-de-donna-gottschalk\/#breadcrumb"},"inLanguage":"en-US","potentialAction":[{"@type":"ReadAction","target":["https:\/\/www.fondslesbien.org\/autour-de-lexpo-de-donna-gottschalk\/"]}]},{"@type":"ImageObject","inLanguage":"en-US","@id":"https:\/\/www.fondslesbien.org\/autour-de-lexpo-de-donna-gottschalk\/#primaryimage","url":"https:\/\/www.fondslesbien.org\/wp-content\/uploads\/2025\/08\/LIG-Donna.png","contentUrl":"https:\/\/www.fondslesbien.org\/wp-content\/uploads\/2025\/08\/LIG-Donna.png","width":600,"height":836},{"@type":"BreadcrumbList","@id":"https:\/\/www.fondslesbien.org\/autour-de-lexpo-de-donna-gottschalk\/#breadcrumb","itemListElement":[{"@type":"ListItem","position":1,"name":"Home","item":"https:\/\/www.fondslesbien.org\/"},{"@type":"ListItem","position":2,"name":"Autour de l&rsquo;expo de Donna Gottschalk"}]},{"@type":"WebSite","@id":"https:\/\/www.fondslesbien.org\/#website","url":"https:\/\/www.fondslesbien.org\/","name":"LIG","description":"Lesbiennes d\u2019Int\u00e9r\u00eat G\u00e9n\u00e9ral","potentialAction":[{"@type":"SearchAction","target":{"@type":"EntryPoint","urlTemplate":"https:\/\/www.fondslesbien.org\/?s={search_term_string}"},"query-input":{"@type":"PropertyValueSpecification","valueRequired":true,"valueName":"search_term_string"}}],"inLanguage":"en-US"},{"@type":"Person","@id":"https:\/\/www.fondslesbien.org\/#\/schema\/person\/9ab55cc49715d7721bb788dbd52174ec","name":"Veronica Noseda","image":{"@type":"ImageObject","inLanguage":"en-US","@id":"https:\/\/www.fondslesbien.org\/#\/schema\/person\/image\/","url":"https:\/\/secure.gravatar.com\/avatar\/56a20513ad0e9ee8a12ca4e787476caa?s=96&d=mm&r=g","contentUrl":"https:\/\/secure.gravatar.com\/avatar\/56a20513ad0e9ee8a12ca4e787476caa?s=96&d=mm&r=g","caption":"Veronica Noseda"},"url":"https:\/\/www.fondslesbien.org\/en\/author\/yurilig\/"}]}},"_links":{"self":[{"href":"https:\/\/www.fondslesbien.org\/en\/wp-json\/wp\/v2\/posts\/2889","targetHints":{"allow":["GET"]}}],"collection":[{"href":"https:\/\/www.fondslesbien.org\/en\/wp-json\/wp\/v2\/posts"}],"about":[{"href":"https:\/\/www.fondslesbien.org\/en\/wp-json\/wp\/v2\/types\/post"}],"author":[{"embeddable":true,"href":"https:\/\/www.fondslesbien.org\/en\/wp-json\/wp\/v2\/users\/2"}],"replies":[{"embeddable":true,"href":"https:\/\/www.fondslesbien.org\/en\/wp-json\/wp\/v2\/comments?post=2889"}],"version-history":[{"count":2,"href":"https:\/\/www.fondslesbien.org\/en\/wp-json\/wp\/v2\/posts\/2889\/revisions"}],"predecessor-version":[{"id":2892,"href":"https:\/\/www.fondslesbien.org\/en\/wp-json\/wp\/v2\/posts\/2889\/revisions\/2892"}],"wp:featuredmedia":[{"embeddable":true,"href":"https:\/\/www.fondslesbien.org\/en\/wp-json\/wp\/v2\/media\/2890"}],"wp:attachment":[{"href":"https:\/\/www.fondslesbien.org\/en\/wp-json\/wp\/v2\/media?parent=2889"}],"wp:term":[{"taxonomy":"category","embeddable":true,"href":"https:\/\/www.fondslesbien.org\/en\/wp-json\/wp\/v2\/categories?post=2889"},{"taxonomy":"post_tag","embeddable":true,"href":"https:\/\/www.fondslesbien.org\/en\/wp-json\/wp\/v2\/tags?post=2889"}],"curies":[{"name":"wp","href":"https:\/\/api.w.org\/{rel}","templated":true}]}}