{"id":664,"date":"2017-04-08T15:03:39","date_gmt":"2017-04-08T15:03:39","guid":{"rendered":"http:\/\/fondslesbien.org\/?p=664"},"modified":"2017-12-12T11:16:06","modified_gmt":"2017-12-12T11:16:06","slug":"la-lig-rencontre-les-amies-de-violette-and-co","status":"publish","type":"post","link":"https:\/\/www.fondslesbien.org\/en\/la-lig-rencontre-les-amies-de-violette-and-co\/","title":{"rendered":"La LIG rencontre les Amies de Violette and Co"},"content":{"rendered":"<p><strong>Dimanche 9 avril 2017 \u00e0 16h\u00a0<\/strong><strong>\u00e0 la librairie Violette and Co\u00a0(entr\u00e9e libre) &#8211;\u00a0<\/strong><strong><span class=\"_Xbe\">102 Rue de Charonne, 75011 Paris<\/span><\/strong><\/p>\n<p>Les Ami-e-s de Violette and Co vous propose une rencontre avec la LIG (fond de dotation f\u00e9ministe et lesbien \u2013 Lesbiennes d\u2019Int\u00e9r\u00eat G\u00e9n\u00e9ral)<br \/>\nLes lesbiennes sont actives : dans les arts, la recherche, le sport, en politique, dans les m\u00e9dias\u2026 mais leurs activit\u00e9s, leurs apports sont bien souvent minoris\u00e9.e.s voire invisibilis\u00e9.e.s ! Pourtant notre communaut\u00e9 est riche de projets, de lesbimoine(s), de culture(s), d\u2019envies, d\u2019histoire(s), de talent(s), de volont\u00e9 de changement(s). Mais si on accole l\u2019adjectif \u201clesbien\u201d \u00e0 un projet sportif, artistique, culturel, politique ou scientifique instantan\u00e9ment celui-ci est per\u00e7u comme marginal, pas assez rentable, discriminant, insignifiant. Il est alors souvent difficile de le faire financer, de le mener \u00e0 bien, de lui donner une envergure qui d\u00e9passe les fronti\u00e8res de la communaut\u00e9 LGBTQIA .<br \/>\nOr dans toutes les luttes, sur tous les fronts, les lesbiennes contribuent, depuis des d\u00e9cennies, \u00e0 changer la soci\u00e9t\u00e9. Cr\u00e9\u00e9e par des lesbiennes, le fonds de dotation, LIG \u2013 Lesbiennes d\u2019Int\u00e9r\u00eat G\u00e9n\u00e9ral veut aider les lesbiennes \u00e0 financer et d\u00e9cupler leurs initiatives, encourager leurs projets, susciter des vocations, et agir pour notre affirmation individuelle et collective.<\/p>\n<p><em>L\u2019association \u00ab Les Ami-e-s de Violette and Co \u00bb est n\u00e9e en 2015 dans le but de soutenir la librairie Violette and Co et de participer \u00e0 son rayonnement. <\/em><br \/>\n<em>Elle propose un \u00e9v\u00e9nement chaque mois, les Dimanches des Ami-e-s de Violette, avec des d\u00e9bats d\u2019id\u00e9es, des visionnages de films, des brocantes de livres\u2026<\/em><br \/>\n<em> Infos et adh\u00e9sions \u00e0 l\u2019association : lesami.esdeviolette@gmail.com et sur Facebook<\/em><\/p>\n","protected":false},"excerpt":{"rendered":"<p>Dimanche 9 avril 2017 \u00e0 16h\u00a0\u00e0 la librairie Violette and Co\u00a0(entr\u00e9e libre) &#8211;\u00a0102 Rue de Charonne, 75011 Paris Les Ami-e-s de Violette and Co vous propose une rencontre avec la LIG (fond de dotation f\u00e9ministe et lesbien \u2013 Lesbiennes d\u2019Int\u00e9r\u00eat G\u00e9n\u00e9ral) Les lesbiennes sont actives : dans les arts, la recherche, le sport, en politique,&#8230;<\/p>\n","protected":false},"author":1,"featured_media":731,"comment_status":"open","ping_status":"open","sticky":false,"template":"","format":"standard","meta":{"footnotes":""},"categories":[1],"tags":[],"class_list":["post-664","post","type-post","status-publish","format-standard","has-post-thumbnail","hentry","category-actualites"],"translation":{"provider":"WPGlobus","version":"3.0.2","language":"en","enabled_languages":["fr","en"],"languages":{"fr":{"title":true,"content":true,"excerpt":false},"en":{"title":false,"content":false,"excerpt":false}}},"yoast_head":"<!-- This site is optimized with the Yoast SEO plugin v26.8 - https:\/\/yoast.com\/product\/yoast-seo-wordpress\/ -->\n<title>La LIG rencontre les Amies de Violette and Co &#8212; LIG<\/title>\n<meta name=\"robots\" content=\"index, follow, max-snippet:-1, max-image-preview:large, max-video-preview:-1\" \/>\n<link rel=\"canonical\" href=\"https:\/\/www.fondslesbien.org\/la-lig-rencontre-les-amies-de-violette-and-co\/\" \/>\n<meta property=\"og:locale\" content=\"en_US\" \/>\n<meta property=\"og:type\" content=\"article\" \/>\n<meta property=\"og:title\" content=\"La LIG rencontre les Amies de Violette and Co &#8212; LIG\" \/>\n<meta property=\"og:url\" content=\"https:\/\/www.fondslesbien.org\/la-lig-rencontre-les-amies-de-violette-and-co\/\" \/>\n<meta property=\"og:site_name\" content=\"LIG\" \/>\n<meta property=\"article:published_time\" content=\"2017-04-08T15:03:39+00:00\" \/>\n<meta property=\"article:modified_time\" content=\"2017-12-12T11:16:06+00:00\" \/>\n<meta property=\"og:image\" content=\"https:\/\/www.fondslesbien.org\/wp-content\/uploads\/2017\/04\/IMG_2067.jpg\" \/>\n\t<meta property=\"og:image:width\" content=\"2560\" \/>\n\t<meta property=\"og:image:height\" content=\"1920\" \/>\n\t<meta property=\"og:image:type\" content=\"image\/jpeg\" \/>\n<meta name=\"author\" content=\"ligadmin\" \/>\n<meta name=\"twitter:card\" content=\"summary_large_image\" \/>\n<meta name=\"twitter:label1\" content=\"Written by\" \/>\n\t<meta name=\"twitter:data1\" content=\"ligadmin\" \/>\n\t<meta name=\"twitter:label2\" content=\"Est. reading time\" \/>\n\t<meta name=\"twitter:data2\" content=\"1 minute\" \/>\n<script type=\"application\/ld+json\" class=\"yoast-schema-graph\">{\"@context\":\"https:\/\/schema.org\",\"@graph\":[{\"@type\":\"Article\",\"@id\":\"https:\/\/www.fondslesbien.org\/la-lig-rencontre-les-amies-de-violette-and-co\/#article\",\"isPartOf\":{\"@id\":\"https:\/\/www.fondslesbien.org\/la-lig-rencontre-les-amies-de-violette-and-co\/\"},\"author\":{\"name\":\"ligadmin\",\"@id\":\"https:\/\/www.fondslesbien.org\/#\/schema\/person\/d148888ccb6bb58067bc5f911f386b03\"},\"headline\":\"La LIG rencontre les Amies de Violette and Co\",\"datePublished\":\"2017-04-08T15:03:39+00:00\",\"dateModified\":\"2017-12-12T11:16:06+00:00\",\"mainEntityOfPage\":{\"@id\":\"https:\/\/www.fondslesbien.org\/la-lig-rencontre-les-amies-de-violette-and-co\/\"},\"wordCount\":298,\"commentCount\":0,\"image\":{\"@id\":\"https:\/\/www.fondslesbien.org\/la-lig-rencontre-les-amies-de-violette-and-co\/#primaryimage\"},\"thumbnailUrl\":\"https:\/\/www.fondslesbien.org\/wp-content\/uploads\/2017\/04\/IMG_2067.jpg\",\"articleSection\":[\"Actualit\u00e9s\"],\"inLanguage\":\"en-US\",\"potentialAction\":[{\"@type\":\"CommentAction\",\"name\":\"Comment\",\"target\":[\"https:\/\/www.fondslesbien.org\/la-lig-rencontre-les-amies-de-violette-and-co\/#respond\"]}]},{\"@type\":\"WebPage\",\"@id\":\"https:\/\/www.fondslesbien.org\/la-lig-rencontre-les-amies-de-violette-and-co\/\",\"url\":\"https:\/\/www.fondslesbien.org\/la-lig-rencontre-les-amies-de-violette-and-co\/\",\"name\":\"La LIG rencontre les Amies de Violette and Co &#8212; LIG\",\"isPartOf\":{\"@id\":\"https:\/\/www.fondslesbien.org\/#website\"},\"primaryImageOfPage\":{\"@id\":\"https:\/\/www.fondslesbien.org\/la-lig-rencontre-les-amies-de-violette-and-co\/#primaryimage\"},\"image\":{\"@id\":\"https:\/\/www.fondslesbien.org\/la-lig-rencontre-les-amies-de-violette-and-co\/#primaryimage\"},\"thumbnailUrl\":\"https:\/\/www.fondslesbien.org\/wp-content\/uploads\/2017\/04\/IMG_2067.jpg\",\"datePublished\":\"2017-04-08T15:03:39+00:00\",\"dateModified\":\"2017-12-12T11:16:06+00:00\",\"author\":{\"@id\":\"https:\/\/www.fondslesbien.org\/#\/schema\/person\/d148888ccb6bb58067bc5f911f386b03\"},\"breadcrumb\":{\"@id\":\"https:\/\/www.fondslesbien.org\/la-lig-rencontre-les-amies-de-violette-and-co\/#breadcrumb\"},\"inLanguage\":\"en-US\",\"potentialAction\":[{\"@type\":\"ReadAction\",\"target\":[\"https:\/\/www.fondslesbien.org\/la-lig-rencontre-les-amies-de-violette-and-co\/\"]}]},{\"@type\":\"ImageObject\",\"inLanguage\":\"en-US\",\"@id\":\"https:\/\/www.fondslesbien.org\/la-lig-rencontre-les-amies-de-violette-and-co\/#primaryimage\",\"url\":\"https:\/\/www.fondslesbien.org\/wp-content\/uploads\/2017\/04\/IMG_2067.jpg\",\"contentUrl\":\"https:\/\/www.fondslesbien.org\/wp-content\/uploads\/2017\/04\/IMG_2067.jpg\",\"width\":2560,\"height\":1920},{\"@type\":\"BreadcrumbList\",\"@id\":\"https:\/\/www.fondslesbien.org\/la-lig-rencontre-les-amies-de-violette-and-co\/#breadcrumb\",\"itemListElement\":[{\"@type\":\"ListItem\",\"position\":1,\"name\":\"Home\",\"item\":\"https:\/\/www.fondslesbien.org\/\"},{\"@type\":\"ListItem\",\"position\":2,\"name\":\"La LIG rencontre les Amies de Violette and Co\"}]},{\"@type\":\"WebSite\",\"@id\":\"https:\/\/www.fondslesbien.org\/#website\",\"url\":\"https:\/\/www.fondslesbien.org\/\",\"name\":\"LIG\",\"description\":\"Lesbiennes d\u2019Int\u00e9r\u00eat G\u00e9n\u00e9ral\",\"potentialAction\":[{\"@type\":\"SearchAction\",\"target\":{\"@type\":\"EntryPoint\",\"urlTemplate\":\"https:\/\/www.fondslesbien.org\/?s={search_term_string}\"},\"query-input\":{\"@type\":\"PropertyValueSpecification\",\"valueRequired\":true,\"valueName\":\"search_term_string\"}}],\"inLanguage\":\"en-US\"},{\"@type\":\"Person\",\"@id\":\"https:\/\/www.fondslesbien.org\/#\/schema\/person\/d148888ccb6bb58067bc5f911f386b03\",\"name\":\"ligadmin\",\"image\":{\"@type\":\"ImageObject\",\"inLanguage\":\"en-US\",\"@id\":\"https:\/\/www.fondslesbien.org\/#\/schema\/person\/image\/\",\"url\":\"https:\/\/secure.gravatar.com\/avatar\/f20d8266393d7134439a3daf0fea758f?s=96&d=mm&r=g\",\"contentUrl\":\"https:\/\/secure.gravatar.com\/avatar\/f20d8266393d7134439a3daf0fea758f?s=96&d=mm&r=g\",\"caption\":\"ligadmin\"},\"url\":\"https:\/\/www.fondslesbien.org\/en\/author\/ligadmin\/\"}]}<\/script>\n<!-- \/ Yoast SEO plugin. -->","yoast_head_json":{"title":"La LIG rencontre les Amies de Violette and Co &#8212; LIG","robots":{"index":"index","follow":"follow","max-snippet":"max-snippet:-1","max-image-preview":"max-image-preview:large","max-video-preview":"max-video-preview:-1"},"canonical":"https:\/\/www.fondslesbien.org\/la-lig-rencontre-les-amies-de-violette-and-co\/","og_locale":"en_US","og_type":"article","og_title":"La LIG rencontre les Amies de Violette and Co &#8212; LIG","og_url":"https:\/\/www.fondslesbien.org\/la-lig-rencontre-les-amies-de-violette-and-co\/","og_site_name":"LIG","article_published_time":"2017-04-08T15:03:39+00:00","article_modified_time":"2017-12-12T11:16:06+00:00","og_image":[{"width":2560,"height":1920,"url":"https:\/\/www.fondslesbien.org\/wp-content\/uploads\/2017\/04\/IMG_2067.jpg","type":"image\/jpeg"}],"author":"ligadmin","twitter_card":"summary_large_image","twitter_misc":{"Written by":"ligadmin","Est. reading time":"1 minute"},"schema":{"@context":"https:\/\/schema.org","@graph":[{"@type":"Article","@id":"https:\/\/www.fondslesbien.org\/la-lig-rencontre-les-amies-de-violette-and-co\/#article","isPartOf":{"@id":"https:\/\/www.fondslesbien.org\/la-lig-rencontre-les-amies-de-violette-and-co\/"},"author":{"name":"ligadmin","@id":"https:\/\/www.fondslesbien.org\/#\/schema\/person\/d148888ccb6bb58067bc5f911f386b03"},"headline":"La LIG rencontre les Amies de Violette and Co","datePublished":"2017-04-08T15:03:39+00:00","dateModified":"2017-12-12T11:16:06+00:00","mainEntityOfPage":{"@id":"https:\/\/www.fondslesbien.org\/la-lig-rencontre-les-amies-de-violette-and-co\/"},"wordCount":298,"commentCount":0,"image":{"@id":"https:\/\/www.fondslesbien.org\/la-lig-rencontre-les-amies-de-violette-and-co\/#primaryimage"},"thumbnailUrl":"https:\/\/www.fondslesbien.org\/wp-content\/uploads\/2017\/04\/IMG_2067.jpg","articleSection":["Actualit\u00e9s"],"inLanguage":"en-US","potentialAction":[{"@type":"CommentAction","name":"Comment","target":["https:\/\/www.fondslesbien.org\/la-lig-rencontre-les-amies-de-violette-and-co\/#respond"]}]},{"@type":"WebPage","@id":"https:\/\/www.fondslesbien.org\/la-lig-rencontre-les-amies-de-violette-and-co\/","url":"https:\/\/www.fondslesbien.org\/la-lig-rencontre-les-amies-de-violette-and-co\/","name":"La LIG rencontre les Amies de Violette and Co &#8212; LIG","isPartOf":{"@id":"https:\/\/www.fondslesbien.org\/#website"},"primaryImageOfPage":{"@id":"https:\/\/www.fondslesbien.org\/la-lig-rencontre-les-amies-de-violette-and-co\/#primaryimage"},"image":{"@id":"https:\/\/www.fondslesbien.org\/la-lig-rencontre-les-amies-de-violette-and-co\/#primaryimage"},"thumbnailUrl":"https:\/\/www.fondslesbien.org\/wp-content\/uploads\/2017\/04\/IMG_2067.jpg","datePublished":"2017-04-08T15:03:39+00:00","dateModified":"2017-12-12T11:16:06+00:00","author":{"@id":"https:\/\/www.fondslesbien.org\/#\/schema\/person\/d148888ccb6bb58067bc5f911f386b03"},"breadcrumb":{"@id":"https:\/\/www.fondslesbien.org\/la-lig-rencontre-les-amies-de-violette-and-co\/#breadcrumb"},"inLanguage":"en-US","potentialAction":[{"@type":"ReadAction","target":["https:\/\/www.fondslesbien.org\/la-lig-rencontre-les-amies-de-violette-and-co\/"]}]},{"@type":"ImageObject","inLanguage":"en-US","@id":"https:\/\/www.fondslesbien.org\/la-lig-rencontre-les-amies-de-violette-and-co\/#primaryimage","url":"https:\/\/www.fondslesbien.org\/wp-content\/uploads\/2017\/04\/IMG_2067.jpg","contentUrl":"https:\/\/www.fondslesbien.org\/wp-content\/uploads\/2017\/04\/IMG_2067.jpg","width":2560,"height":1920},{"@type":"BreadcrumbList","@id":"https:\/\/www.fondslesbien.org\/la-lig-rencontre-les-amies-de-violette-and-co\/#breadcrumb","itemListElement":[{"@type":"ListItem","position":1,"name":"Home","item":"https:\/\/www.fondslesbien.org\/"},{"@type":"ListItem","position":2,"name":"La LIG rencontre les Amies de Violette and Co"}]},{"@type":"WebSite","@id":"https:\/\/www.fondslesbien.org\/#website","url":"https:\/\/www.fondslesbien.org\/","name":"LIG","description":"Lesbiennes d\u2019Int\u00e9r\u00eat G\u00e9n\u00e9ral","potentialAction":[{"@type":"SearchAction","target":{"@type":"EntryPoint","urlTemplate":"https:\/\/www.fondslesbien.org\/?s={search_term_string}"},"query-input":{"@type":"PropertyValueSpecification","valueRequired":true,"valueName":"search_term_string"}}],"inLanguage":"en-US"},{"@type":"Person","@id":"https:\/\/www.fondslesbien.org\/#\/schema\/person\/d148888ccb6bb58067bc5f911f386b03","name":"ligadmin","image":{"@type":"ImageObject","inLanguage":"en-US","@id":"https:\/\/www.fondslesbien.org\/#\/schema\/person\/image\/","url":"https:\/\/secure.gravatar.com\/avatar\/f20d8266393d7134439a3daf0fea758f?s=96&d=mm&r=g","contentUrl":"https:\/\/secure.gravatar.com\/avatar\/f20d8266393d7134439a3daf0fea758f?s=96&d=mm&r=g","caption":"ligadmin"},"url":"https:\/\/www.fondslesbien.org\/en\/author\/ligadmin\/"}]}},"_links":{"self":[{"href":"https:\/\/www.fondslesbien.org\/en\/wp-json\/wp\/v2\/posts\/664","targetHints":{"allow":["GET"]}}],"collection":[{"href":"https:\/\/www.fondslesbien.org\/en\/wp-json\/wp\/v2\/posts"}],"about":[{"href":"https:\/\/www.fondslesbien.org\/en\/wp-json\/wp\/v2\/types\/post"}],"author":[{"embeddable":true,"href":"https:\/\/www.fondslesbien.org\/en\/wp-json\/wp\/v2\/users\/1"}],"replies":[{"embeddable":true,"href":"https:\/\/www.fondslesbien.org\/en\/wp-json\/wp\/v2\/comments?post=664"}],"version-history":[{"count":9,"href":"https:\/\/www.fondslesbien.org\/en\/wp-json\/wp\/v2\/posts\/664\/revisions"}],"predecessor-version":[{"id":1431,"href":"https:\/\/www.fondslesbien.org\/en\/wp-json\/wp\/v2\/posts\/664\/revisions\/1431"}],"wp:featuredmedia":[{"embeddable":true,"href":"https:\/\/www.fondslesbien.org\/en\/wp-json\/wp\/v2\/media\/731"}],"wp:attachment":[{"href":"https:\/\/www.fondslesbien.org\/en\/wp-json\/wp\/v2\/media?parent=664"}],"wp:term":[{"taxonomy":"category","embeddable":true,"href":"https:\/\/www.fondslesbien.org\/en\/wp-json\/wp\/v2\/categories?post=664"},{"taxonomy":"post_tag","embeddable":true,"href":"https:\/\/www.fondslesbien.org\/en\/wp-json\/wp\/v2\/tags?post=664"}],"curies":[{"name":"wp","href":"https:\/\/api.w.org\/{rel}","templated":true}]}}