{"id":673,"date":"2017-04-10T18:00:34","date_gmt":"2017-04-10T18:00:34","guid":{"rendered":"http:\/\/fondslesbien.org\/?p=673"},"modified":"2017-12-12T11:15:31","modified_gmt":"2017-12-12T11:15:31","slug":"face-a-face-une-exposition-de-laurence-prat","status":"publish","type":"post","link":"https:\/\/www.fondslesbien.org\/en\/face-a-face-une-exposition-de-laurence-prat\/","title":{"rendered":"Face \u00e0 Face, une exposition de Laurence Prat"},"content":{"rendered":"<p>\u00ab\u00a0Je r\u00e9ussis un portrait lorsque le d\u00e9sir de photographier et le d\u00e9sir d\u2019\u00eatre photographi\u00e9e se rencontrent. De cet \u00e9quilibre nait la charge \u00e9motionnelle, mentale et esth\u00e9tique, unique \u00e0 une \u0153uvre, que la personne photographi\u00e9e soit connue ou moins connue.<\/p>\n<p>J\u2019ai sc\u00e9naris\u00e9 cette exposition en relation avec les \u00e9tapes des recherches et des interrogations de Zanele [Muholi] et de nos \u00e9changes, retra\u00e7ant l\u2019\u00e9volution de son \u0153uvre, depuis \u00ab <a href=\"http:\/\/www.okayafrica.com\/photos\/zanele-muholi-faces-and-phases-2006-2014\/\">Faces and Phases<\/a> \u00bb, jusqu\u2019\u00e0 ses derniers autoportraits qui interrogent la repr\u00e9sentation du corps noir dans l\u2019histoire de la photographie.\u00a0\u00bb. <strong>Laurence Prat<\/strong> (<a href=\"http:\/\/moisdelaphotodugrandparis.com\/event\/face-a-face\/\">dossier de presse<\/a>).<\/p>\n<p><strong>Face \u00e0 Face<\/strong>, du 6 au 30 avril 2017 Studio-Galerie Laurence Prat, 43, rue de la Plaine 75020 Paris.<\/p>\n<p>\u00c0 lire, un compte rendu de l&#8217;exposition sur le site de <a href=\"http:\/\/www.barbieturix.com\/2017\/04\/18\/face-a-face-les-portraits-photographiques-de-zanele-muholi-par-laurence-prat\/\">barbieturix<\/a>.<\/p>\n","protected":false},"excerpt":{"rendered":"<p>\u00ab\u00a0Je r\u00e9ussis un portrait lorsque le d\u00e9sir de photographier et le d\u00e9sir d\u2019\u00eatre photographi\u00e9e se rencontrent. De cet \u00e9quilibre nait la charge \u00e9motionnelle, mentale et esth\u00e9tique, unique \u00e0 une \u0153uvre, que la personne photographi\u00e9e soit connue ou moins connue. J\u2019ai sc\u00e9naris\u00e9 cette exposition en relation avec les \u00e9tapes des recherches et des interrogations de Zanele&#8230;<\/p>\n","protected":false},"author":1,"featured_media":903,"comment_status":"open","ping_status":"open","sticky":false,"template":"","format":"standard","meta":{"footnotes":""},"categories":[1],"tags":[],"class_list":["post-673","post","type-post","status-publish","format-standard","has-post-thumbnail","hentry","category-actualites"],"translation":{"provider":"WPGlobus","version":"3.0.2","language":"en","enabled_languages":["fr","en"],"languages":{"fr":{"title":true,"content":true,"excerpt":false},"en":{"title":false,"content":false,"excerpt":false}}},"yoast_head":"<!-- This site is optimized with the Yoast SEO plugin v26.8 - https:\/\/yoast.com\/product\/yoast-seo-wordpress\/ -->\n<title>Face \u00e0 Face, une exposition de Laurence Prat &#8212; LIG<\/title>\n<meta name=\"robots\" content=\"index, follow, max-snippet:-1, max-image-preview:large, max-video-preview:-1\" \/>\n<link rel=\"canonical\" href=\"https:\/\/www.fondslesbien.org\/face-a-face-une-exposition-de-laurence-prat\/\" \/>\n<meta property=\"og:locale\" content=\"en_US\" \/>\n<meta property=\"og:type\" content=\"article\" \/>\n<meta property=\"og:title\" content=\"Face \u00e0 Face, une exposition de Laurence Prat &#8212; LIG\" \/>\n<meta property=\"og:url\" content=\"https:\/\/www.fondslesbien.org\/face-a-face-une-exposition-de-laurence-prat\/\" \/>\n<meta property=\"og:site_name\" content=\"LIG\" \/>\n<meta property=\"article:published_time\" content=\"2017-04-10T18:00:34+00:00\" \/>\n<meta property=\"article:modified_time\" content=\"2017-12-12T11:15:31+00:00\" \/>\n<meta property=\"og:image\" content=\"https:\/\/www.fondslesbien.org\/wp-content\/uploads\/2017\/04\/15_\u00a9Laurence-Prat-Portrait-de-Zanele-Muholi.jpg\" \/>\n\t<meta property=\"og:image:width\" content=\"683\" \/>\n\t<meta property=\"og:image:height\" content=\"1024\" \/>\n\t<meta property=\"og:image:type\" content=\"image\/jpeg\" \/>\n<meta name=\"author\" content=\"ligadmin\" \/>\n<meta name=\"twitter:card\" content=\"summary_large_image\" \/>\n<meta name=\"twitter:label1\" content=\"Written by\" \/>\n\t<meta name=\"twitter:data1\" content=\"ligadmin\" \/>\n\t<meta name=\"twitter:label2\" content=\"Est. reading time\" \/>\n\t<meta name=\"twitter:data2\" content=\"1 minute\" \/>\n<script type=\"application\/ld+json\" class=\"yoast-schema-graph\">{\"@context\":\"https:\/\/schema.org\",\"@graph\":[{\"@type\":\"Article\",\"@id\":\"https:\/\/www.fondslesbien.org\/face-a-face-une-exposition-de-laurence-prat\/#article\",\"isPartOf\":{\"@id\":\"https:\/\/www.fondslesbien.org\/face-a-face-une-exposition-de-laurence-prat\/\"},\"author\":{\"name\":\"ligadmin\",\"@id\":\"https:\/\/www.fondslesbien.org\/#\/schema\/person\/d148888ccb6bb58067bc5f911f386b03\"},\"headline\":\"Face \u00e0 Face, une exposition de Laurence Prat\",\"datePublished\":\"2017-04-10T18:00:34+00:00\",\"dateModified\":\"2017-12-12T11:15:31+00:00\",\"mainEntityOfPage\":{\"@id\":\"https:\/\/www.fondslesbien.org\/face-a-face-une-exposition-de-laurence-prat\/\"},\"wordCount\":134,\"commentCount\":0,\"image\":{\"@id\":\"https:\/\/www.fondslesbien.org\/face-a-face-une-exposition-de-laurence-prat\/#primaryimage\"},\"thumbnailUrl\":\"https:\/\/www.fondslesbien.org\/wp-content\/uploads\/2017\/04\/15_\u00a9Laurence-Prat-Portrait-de-Zanele-Muholi.jpg\",\"articleSection\":[\"Actualit\u00e9s\"],\"inLanguage\":\"en-US\",\"potentialAction\":[{\"@type\":\"CommentAction\",\"name\":\"Comment\",\"target\":[\"https:\/\/www.fondslesbien.org\/face-a-face-une-exposition-de-laurence-prat\/#respond\"]}]},{\"@type\":\"WebPage\",\"@id\":\"https:\/\/www.fondslesbien.org\/face-a-face-une-exposition-de-laurence-prat\/\",\"url\":\"https:\/\/www.fondslesbien.org\/face-a-face-une-exposition-de-laurence-prat\/\",\"name\":\"Face \u00e0 Face, une exposition de Laurence Prat &#8212; LIG\",\"isPartOf\":{\"@id\":\"https:\/\/www.fondslesbien.org\/#website\"},\"primaryImageOfPage\":{\"@id\":\"https:\/\/www.fondslesbien.org\/face-a-face-une-exposition-de-laurence-prat\/#primaryimage\"},\"image\":{\"@id\":\"https:\/\/www.fondslesbien.org\/face-a-face-une-exposition-de-laurence-prat\/#primaryimage\"},\"thumbnailUrl\":\"https:\/\/www.fondslesbien.org\/wp-content\/uploads\/2017\/04\/15_\u00a9Laurence-Prat-Portrait-de-Zanele-Muholi.jpg\",\"datePublished\":\"2017-04-10T18:00:34+00:00\",\"dateModified\":\"2017-12-12T11:15:31+00:00\",\"author\":{\"@id\":\"https:\/\/www.fondslesbien.org\/#\/schema\/person\/d148888ccb6bb58067bc5f911f386b03\"},\"breadcrumb\":{\"@id\":\"https:\/\/www.fondslesbien.org\/face-a-face-une-exposition-de-laurence-prat\/#breadcrumb\"},\"inLanguage\":\"en-US\",\"potentialAction\":[{\"@type\":\"ReadAction\",\"target\":[\"https:\/\/www.fondslesbien.org\/face-a-face-une-exposition-de-laurence-prat\/\"]}]},{\"@type\":\"ImageObject\",\"inLanguage\":\"en-US\",\"@id\":\"https:\/\/www.fondslesbien.org\/face-a-face-une-exposition-de-laurence-prat\/#primaryimage\",\"url\":\"https:\/\/www.fondslesbien.org\/wp-content\/uploads\/2017\/04\/15_\u00a9Laurence-Prat-Portrait-de-Zanele-Muholi.jpg\",\"contentUrl\":\"https:\/\/www.fondslesbien.org\/wp-content\/uploads\/2017\/04\/15_\u00a9Laurence-Prat-Portrait-de-Zanele-Muholi.jpg\",\"width\":683,\"height\":1024},{\"@type\":\"BreadcrumbList\",\"@id\":\"https:\/\/www.fondslesbien.org\/face-a-face-une-exposition-de-laurence-prat\/#breadcrumb\",\"itemListElement\":[{\"@type\":\"ListItem\",\"position\":1,\"name\":\"Home\",\"item\":\"https:\/\/www.fondslesbien.org\/\"},{\"@type\":\"ListItem\",\"position\":2,\"name\":\"Face \u00e0 Face, une exposition de Laurence Prat\"}]},{\"@type\":\"WebSite\",\"@id\":\"https:\/\/www.fondslesbien.org\/#website\",\"url\":\"https:\/\/www.fondslesbien.org\/\",\"name\":\"LIG\",\"description\":\"Lesbiennes d\u2019Int\u00e9r\u00eat G\u00e9n\u00e9ral\",\"potentialAction\":[{\"@type\":\"SearchAction\",\"target\":{\"@type\":\"EntryPoint\",\"urlTemplate\":\"https:\/\/www.fondslesbien.org\/?s={search_term_string}\"},\"query-input\":{\"@type\":\"PropertyValueSpecification\",\"valueRequired\":true,\"valueName\":\"search_term_string\"}}],\"inLanguage\":\"en-US\"},{\"@type\":\"Person\",\"@id\":\"https:\/\/www.fondslesbien.org\/#\/schema\/person\/d148888ccb6bb58067bc5f911f386b03\",\"name\":\"ligadmin\",\"image\":{\"@type\":\"ImageObject\",\"inLanguage\":\"en-US\",\"@id\":\"https:\/\/www.fondslesbien.org\/#\/schema\/person\/image\/\",\"url\":\"https:\/\/secure.gravatar.com\/avatar\/f20d8266393d7134439a3daf0fea758f?s=96&d=mm&r=g\",\"contentUrl\":\"https:\/\/secure.gravatar.com\/avatar\/f20d8266393d7134439a3daf0fea758f?s=96&d=mm&r=g\",\"caption\":\"ligadmin\"},\"url\":\"https:\/\/www.fondslesbien.org\/en\/author\/ligadmin\/\"}]}<\/script>\n<!-- \/ Yoast SEO plugin. -->","yoast_head_json":{"title":"Face \u00e0 Face, une exposition de Laurence Prat &#8212; LIG","robots":{"index":"index","follow":"follow","max-snippet":"max-snippet:-1","max-image-preview":"max-image-preview:large","max-video-preview":"max-video-preview:-1"},"canonical":"https:\/\/www.fondslesbien.org\/face-a-face-une-exposition-de-laurence-prat\/","og_locale":"en_US","og_type":"article","og_title":"Face \u00e0 Face, une exposition de Laurence Prat &#8212; LIG","og_url":"https:\/\/www.fondslesbien.org\/face-a-face-une-exposition-de-laurence-prat\/","og_site_name":"LIG","article_published_time":"2017-04-10T18:00:34+00:00","article_modified_time":"2017-12-12T11:15:31+00:00","og_image":[{"width":683,"height":1024,"url":"https:\/\/www.fondslesbien.org\/wp-content\/uploads\/2017\/04\/15_\u00a9Laurence-Prat-Portrait-de-Zanele-Muholi.jpg","type":"image\/jpeg"}],"author":"ligadmin","twitter_card":"summary_large_image","twitter_misc":{"Written by":"ligadmin","Est. reading time":"1 minute"},"schema":{"@context":"https:\/\/schema.org","@graph":[{"@type":"Article","@id":"https:\/\/www.fondslesbien.org\/face-a-face-une-exposition-de-laurence-prat\/#article","isPartOf":{"@id":"https:\/\/www.fondslesbien.org\/face-a-face-une-exposition-de-laurence-prat\/"},"author":{"name":"ligadmin","@id":"https:\/\/www.fondslesbien.org\/#\/schema\/person\/d148888ccb6bb58067bc5f911f386b03"},"headline":"Face \u00e0 Face, une exposition de Laurence Prat","datePublished":"2017-04-10T18:00:34+00:00","dateModified":"2017-12-12T11:15:31+00:00","mainEntityOfPage":{"@id":"https:\/\/www.fondslesbien.org\/face-a-face-une-exposition-de-laurence-prat\/"},"wordCount":134,"commentCount":0,"image":{"@id":"https:\/\/www.fondslesbien.org\/face-a-face-une-exposition-de-laurence-prat\/#primaryimage"},"thumbnailUrl":"https:\/\/www.fondslesbien.org\/wp-content\/uploads\/2017\/04\/15_\u00a9Laurence-Prat-Portrait-de-Zanele-Muholi.jpg","articleSection":["Actualit\u00e9s"],"inLanguage":"en-US","potentialAction":[{"@type":"CommentAction","name":"Comment","target":["https:\/\/www.fondslesbien.org\/face-a-face-une-exposition-de-laurence-prat\/#respond"]}]},{"@type":"WebPage","@id":"https:\/\/www.fondslesbien.org\/face-a-face-une-exposition-de-laurence-prat\/","url":"https:\/\/www.fondslesbien.org\/face-a-face-une-exposition-de-laurence-prat\/","name":"Face \u00e0 Face, une exposition de Laurence Prat &#8212; LIG","isPartOf":{"@id":"https:\/\/www.fondslesbien.org\/#website"},"primaryImageOfPage":{"@id":"https:\/\/www.fondslesbien.org\/face-a-face-une-exposition-de-laurence-prat\/#primaryimage"},"image":{"@id":"https:\/\/www.fondslesbien.org\/face-a-face-une-exposition-de-laurence-prat\/#primaryimage"},"thumbnailUrl":"https:\/\/www.fondslesbien.org\/wp-content\/uploads\/2017\/04\/15_\u00a9Laurence-Prat-Portrait-de-Zanele-Muholi.jpg","datePublished":"2017-04-10T18:00:34+00:00","dateModified":"2017-12-12T11:15:31+00:00","author":{"@id":"https:\/\/www.fondslesbien.org\/#\/schema\/person\/d148888ccb6bb58067bc5f911f386b03"},"breadcrumb":{"@id":"https:\/\/www.fondslesbien.org\/face-a-face-une-exposition-de-laurence-prat\/#breadcrumb"},"inLanguage":"en-US","potentialAction":[{"@type":"ReadAction","target":["https:\/\/www.fondslesbien.org\/face-a-face-une-exposition-de-laurence-prat\/"]}]},{"@type":"ImageObject","inLanguage":"en-US","@id":"https:\/\/www.fondslesbien.org\/face-a-face-une-exposition-de-laurence-prat\/#primaryimage","url":"https:\/\/www.fondslesbien.org\/wp-content\/uploads\/2017\/04\/15_\u00a9Laurence-Prat-Portrait-de-Zanele-Muholi.jpg","contentUrl":"https:\/\/www.fondslesbien.org\/wp-content\/uploads\/2017\/04\/15_\u00a9Laurence-Prat-Portrait-de-Zanele-Muholi.jpg","width":683,"height":1024},{"@type":"BreadcrumbList","@id":"https:\/\/www.fondslesbien.org\/face-a-face-une-exposition-de-laurence-prat\/#breadcrumb","itemListElement":[{"@type":"ListItem","position":1,"name":"Home","item":"https:\/\/www.fondslesbien.org\/"},{"@type":"ListItem","position":2,"name":"Face \u00e0 Face, une exposition de Laurence Prat"}]},{"@type":"WebSite","@id":"https:\/\/www.fondslesbien.org\/#website","url":"https:\/\/www.fondslesbien.org\/","name":"LIG","description":"Lesbiennes d\u2019Int\u00e9r\u00eat G\u00e9n\u00e9ral","potentialAction":[{"@type":"SearchAction","target":{"@type":"EntryPoint","urlTemplate":"https:\/\/www.fondslesbien.org\/?s={search_term_string}"},"query-input":{"@type":"PropertyValueSpecification","valueRequired":true,"valueName":"search_term_string"}}],"inLanguage":"en-US"},{"@type":"Person","@id":"https:\/\/www.fondslesbien.org\/#\/schema\/person\/d148888ccb6bb58067bc5f911f386b03","name":"ligadmin","image":{"@type":"ImageObject","inLanguage":"en-US","@id":"https:\/\/www.fondslesbien.org\/#\/schema\/person\/image\/","url":"https:\/\/secure.gravatar.com\/avatar\/f20d8266393d7134439a3daf0fea758f?s=96&d=mm&r=g","contentUrl":"https:\/\/secure.gravatar.com\/avatar\/f20d8266393d7134439a3daf0fea758f?s=96&d=mm&r=g","caption":"ligadmin"},"url":"https:\/\/www.fondslesbien.org\/en\/author\/ligadmin\/"}]}},"_links":{"self":[{"href":"https:\/\/www.fondslesbien.org\/en\/wp-json\/wp\/v2\/posts\/673","targetHints":{"allow":["GET"]}}],"collection":[{"href":"https:\/\/www.fondslesbien.org\/en\/wp-json\/wp\/v2\/posts"}],"about":[{"href":"https:\/\/www.fondslesbien.org\/en\/wp-json\/wp\/v2\/types\/post"}],"author":[{"embeddable":true,"href":"https:\/\/www.fondslesbien.org\/en\/wp-json\/wp\/v2\/users\/1"}],"replies":[{"embeddable":true,"href":"https:\/\/www.fondslesbien.org\/en\/wp-json\/wp\/v2\/comments?post=673"}],"version-history":[{"count":7,"href":"https:\/\/www.fondslesbien.org\/en\/wp-json\/wp\/v2\/posts\/673\/revisions"}],"predecessor-version":[{"id":1428,"href":"https:\/\/www.fondslesbien.org\/en\/wp-json\/wp\/v2\/posts\/673\/revisions\/1428"}],"wp:featuredmedia":[{"embeddable":true,"href":"https:\/\/www.fondslesbien.org\/en\/wp-json\/wp\/v2\/media\/903"}],"wp:attachment":[{"href":"https:\/\/www.fondslesbien.org\/en\/wp-json\/wp\/v2\/media?parent=673"}],"wp:term":[{"taxonomy":"category","embeddable":true,"href":"https:\/\/www.fondslesbien.org\/en\/wp-json\/wp\/v2\/categories?post=673"},{"taxonomy":"post_tag","embeddable":true,"href":"https:\/\/www.fondslesbien.org\/en\/wp-json\/wp\/v2\/tags?post=673"}],"curies":[{"name":"wp","href":"https:\/\/api.w.org\/{rel}","templated":true}]}}